{"id":12427,"date":"2023-09-28T14:05:36","date_gmt":"2023-09-28T12:05:36","guid":{"rendered":"https:\/\/fondationcab.com\/?p=12427"},"modified":"2023-09-28T14:08:18","modified_gmt":"2023-09-28T12:08:18","slug":"atelier-creatif-pour-enfants-2","status":"publish","type":"post","link":"https:\/\/fondationcab.com\/fr\/atelier-creatif-pour-enfants-2","title":{"rendered":"ATELIER CREATIF POUR ENFANTS"},"content":{"rendered":"","protected":false},"excerpt":{"rendered":"","protected":false},"author":4,"featured_media":12425,"comment_status":"closed","ping_status":"closed","sticky":false,"template":"","format":"standard","meta":{"_acf_changed":false,"footnotes":""},"categories":[9],"tags":[],"class_list":["post-12427","post","type-post","status-publish","format-standard","has-post-thumbnail","hentry","category-non-classifiee","cities-bruxelles"],"acf":[],"yoast_head":"<!-- This site is optimized with the Yoast SEO plugin v27.5 - https:\/\/yoast.com\/product\/yoast-seo-wordpress\/ -->\n<title>ATELIER CREATIF POUR ENFANTS - FONDATION CAB<\/title>\n<meta name=\"description\" content=\"Dans le cadre de l\u2019exposition QUINQUAGESIMUM, la Fondation CAB Brussels invite vos enfants \u00e0 un atelier cr\u00e9atif. A travers des activit\u00e9s ludiques, ils seront guid\u00e9s pour d\u00e9velopper leur sens de l\u2019observation et leur cr\u00e9ativit\u00e9. Une visite interactive de l\u2019exposition sera \u00e9galement propos\u00e9e suivie d\u2019un conte et d\u2019un go\u00fbter. Informations pratiques : Activit\u00e9 pour les enfants de 4 \u00e0 10 ans Mercredi 18 OCTOBRE de 14h \u00e0 16h L\u2019atelier sera en fran\u00e7ais Veuillez noter que les places sont limit\u00e9es Confirmation d\u2019inscription apr\u00e8s paiement de 10 \u20ac sur le compte BE60 0018 4789 5870 (communication : Atelier + le nom de l\u2019enfant + votre e-mail)\" \/>\n<meta name=\"robots\" content=\"index, follow, max-snippet:-1, max-image-preview:large, max-video-preview:-1\" \/>\n<link rel=\"canonical\" href=\"https:\/\/fondationcab.com\/fr\/atelier-creatif-pour-enfants-2\" \/>\n<meta property=\"og:locale\" content=\"fr_FR\" \/>\n<meta property=\"og:type\" content=\"article\" \/>\n<meta property=\"og:title\" content=\"ATELIER CREATIF POUR ENFANTS - FONDATION CAB\" \/>\n<meta property=\"og:description\" content=\"Dans le cadre de l\u2019exposition QUINQUAGESIMUM, la Fondation CAB Brussels invite vos enfants \u00e0 un atelier cr\u00e9atif. A travers des activit\u00e9s ludiques, ils seront guid\u00e9s pour d\u00e9velopper leur sens de l\u2019observation et leur cr\u00e9ativit\u00e9. Une visite interactive de l\u2019exposition sera \u00e9galement propos\u00e9e suivie d\u2019un conte et d\u2019un go\u00fbter. Informations pratiques : Activit\u00e9 pour les enfants de 4 \u00e0 10 ans Mercredi 18 OCTOBRE de 14h \u00e0 16h L\u2019atelier sera en fran\u00e7ais Veuillez noter que les places sont limit\u00e9es Confirmation d\u2019inscription apr\u00e8s paiement de 10 \u20ac sur le compte BE60 0018 4789 5870 (communication : Atelier + le nom de l\u2019enfant + votre e-mail)\" \/>\n<meta property=\"og:url\" content=\"https:\/\/fondationcab.com\/fr\/atelier-creatif-pour-enfants-2\" \/>\n<meta property=\"og:site_name\" content=\"FONDATION CAB\" \/>\n<meta property=\"article:publisher\" content=\"https:\/\/www.facebook.com\/CABContemporaryArt\/\" \/>\n<meta property=\"article:published_time\" content=\"2023-09-28T12:05:36+00:00\" \/>\n<meta property=\"article:modified_time\" content=\"2023-09-28T12:08:18+00:00\" \/>\n<meta property=\"og:image\" content=\"https:\/\/fondationcab.com\/wp-content\/uploads\/2023\/09\/IMG_6607-1200x1219-1.jpg\" \/>\n\t<meta property=\"og:image:width\" content=\"1200\" \/>\n\t<meta property=\"og:image:height\" content=\"1219\" \/>\n\t<meta property=\"og:image:type\" content=\"image\/jpeg\" \/>\n<meta name=\"author\" content=\"eleonore\" \/>\n<meta name=\"twitter:card\" content=\"summary_large_image\" \/>\n<meta name=\"twitter:label1\" content=\"\u00c9crit par\" \/>\n\t<meta name=\"twitter:data1\" content=\"eleonore\" \/>\n<script type=\"application\/ld+json\" class=\"yoast-schema-graph\">{\"@context\":\"https:\\\/\\\/schema.org\",\"@graph\":[{\"@type\":\"Article\",\"@id\":\"https:\\\/\\\/fondationcab.com\\\/fr\\\/atelier-creatif-pour-enfants-2#article\",\"isPartOf\":{\"@id\":\"https:\\\/\\\/fondationcab.com\\\/fr\\\/atelier-creatif-pour-enfants-2\"},\"author\":{\"name\":\"eleonore\",\"@id\":\"https:\\\/\\\/fondationcab.com\\\/fr#\\\/schema\\\/person\\\/97e81405a09028aa359b90ec71ff6bd8\"},\"headline\":\"ATELIER CREATIF POUR ENFANTS\",\"datePublished\":\"2023-09-28T12:05:36+00:00\",\"dateModified\":\"2023-09-28T12:08:18+00:00\",\"mainEntityOfPage\":{\"@id\":\"https:\\\/\\\/fondationcab.com\\\/fr\\\/atelier-creatif-pour-enfants-2\"},\"wordCount\":4,\"publisher\":{\"@id\":\"https:\\\/\\\/fondationcab.com\\\/fr#organization\"},\"image\":{\"@id\":\"https:\\\/\\\/fondationcab.com\\\/fr\\\/atelier-creatif-pour-enfants-2#primaryimage\"},\"thumbnailUrl\":\"https:\\\/\\\/fondationcab.com\\\/wp-content\\\/uploads\\\/2023\\\/09\\\/IMG_6607-1200x1219-1.jpg\",\"articleSection\":[\"Non classifi\u00e9(e)\"],\"inLanguage\":\"fr-FR\"},{\"@type\":\"WebPage\",\"@id\":\"https:\\\/\\\/fondationcab.com\\\/fr\\\/atelier-creatif-pour-enfants-2\",\"url\":\"https:\\\/\\\/fondationcab.com\\\/fr\\\/atelier-creatif-pour-enfants-2\",\"name\":\"ATELIER CREATIF POUR ENFANTS - FONDATION CAB\",\"isPartOf\":{\"@id\":\"https:\\\/\\\/fondationcab.com\\\/fr#website\"},\"primaryImageOfPage\":{\"@id\":\"https:\\\/\\\/fondationcab.com\\\/fr\\\/atelier-creatif-pour-enfants-2#primaryimage\"},\"image\":{\"@id\":\"https:\\\/\\\/fondationcab.com\\\/fr\\\/atelier-creatif-pour-enfants-2#primaryimage\"},\"thumbnailUrl\":\"https:\\\/\\\/fondationcab.com\\\/wp-content\\\/uploads\\\/2023\\\/09\\\/IMG_6607-1200x1219-1.jpg\",\"datePublished\":\"2023-09-28T12:05:36+00:00\",\"dateModified\":\"2023-09-28T12:08:18+00:00\",\"description\":\"Dans le cadre de l\u2019exposition QUINQUAGESIMUM, la Fondation CAB Brussels invite vos enfants \u00e0 un atelier cr\u00e9atif. A travers des activit\u00e9s ludiques, ils seront guid\u00e9s pour d\u00e9velopper leur sens de l\u2019observation et leur cr\u00e9ativit\u00e9. Une visite interactive de l\u2019exposition sera \u00e9galement propos\u00e9e suivie d\u2019un conte et d\u2019un go\u00fbter. Informations pratiques : Activit\u00e9 pour les enfants de 4 \u00e0 10 ans Mercredi 18 OCTOBRE de 14h \u00e0 16h L\u2019atelier sera en fran\u00e7ais Veuillez noter que les places sont limit\u00e9es Confirmation d\u2019inscription apr\u00e8s paiement de 10 \u20ac sur le compte BE60 0018 4789 5870 (communication : Atelier + le nom de l\u2019enfant + votre e-mail)\",\"breadcrumb\":{\"@id\":\"https:\\\/\\\/fondationcab.com\\\/fr\\\/atelier-creatif-pour-enfants-2#breadcrumb\"},\"inLanguage\":\"fr-FR\",\"potentialAction\":[{\"@type\":\"ReadAction\",\"target\":[\"https:\\\/\\\/fondationcab.com\\\/fr\\\/atelier-creatif-pour-enfants-2\"]}]},{\"@type\":\"ImageObject\",\"inLanguage\":\"fr-FR\",\"@id\":\"https:\\\/\\\/fondationcab.com\\\/fr\\\/atelier-creatif-pour-enfants-2#primaryimage\",\"url\":\"https:\\\/\\\/fondationcab.com\\\/wp-content\\\/uploads\\\/2023\\\/09\\\/IMG_6607-1200x1219-1.jpg\",\"contentUrl\":\"https:\\\/\\\/fondationcab.com\\\/wp-content\\\/uploads\\\/2023\\\/09\\\/IMG_6607-1200x1219-1.jpg\",\"width\":1200,\"height\":1219},{\"@type\":\"BreadcrumbList\",\"@id\":\"https:\\\/\\\/fondationcab.com\\\/fr\\\/atelier-creatif-pour-enfants-2#breadcrumb\",\"itemListElement\":[{\"@type\":\"ListItem\",\"position\":1,\"name\":\"Home\",\"item\":\"https:\\\/\\\/fondationcab.com\\\/fr\"},{\"@type\":\"ListItem\",\"position\":2,\"name\":\"ATELIER CREATIF POUR ENFANTS\"}]},{\"@type\":\"WebSite\",\"@id\":\"https:\\\/\\\/fondationcab.com\\\/fr#website\",\"url\":\"https:\\\/\\\/fondationcab.com\\\/fr\",\"name\":\"FONDATION CAB\",\"description\":\"ART CENTER BRUSSELS\",\"publisher\":{\"@id\":\"https:\\\/\\\/fondationcab.com\\\/fr#organization\"},\"potentialAction\":[{\"@type\":\"SearchAction\",\"target\":{\"@type\":\"EntryPoint\",\"urlTemplate\":\"https:\\\/\\\/fondationcab.com\\\/fr?s={search_term_string}\"},\"query-input\":{\"@type\":\"PropertyValueSpecification\",\"valueRequired\":true,\"valueName\":\"search_term_string\"}}],\"inLanguage\":\"fr-FR\"},{\"@type\":\"Organization\",\"@id\":\"https:\\\/\\\/fondationcab.com\\\/fr#organization\",\"name\":\"Fondation CAB\",\"url\":\"https:\\\/\\\/fondationcab.com\\\/fr\",\"logo\":{\"@type\":\"ImageObject\",\"inLanguage\":\"fr-FR\",\"@id\":\"https:\\\/\\\/fondationcab.com\\\/fr#\\\/schema\\\/logo\\\/image\\\/\",\"url\":\"https:\\\/\\\/cab.storycoding.agency\\\/wp-content\\\/uploads\\\/2018\\\/03\\\/fondation_cab_logo.jpg\",\"contentUrl\":\"https:\\\/\\\/cab.storycoding.agency\\\/wp-content\\\/uploads\\\/2018\\\/03\\\/fondation_cab_logo.jpg\",\"width\":250,\"height\":125,\"caption\":\"Fondation CAB\"},\"image\":{\"@id\":\"https:\\\/\\\/fondationcab.com\\\/fr#\\\/schema\\\/logo\\\/image\\\/\"},\"sameAs\":[\"https:\\\/\\\/www.facebook.com\\\/CABContemporaryArt\\\/\",\"https:\\\/\\\/www.instagram.com\\\/fondation_cab\\\/\",\"https:\\\/\\\/www.youtube.com\\\/channel\\\/UC4BG_XNA2Sn1VGimzwU60Aw\"]},{\"@type\":\"Person\",\"@id\":\"https:\\\/\\\/fondationcab.com\\\/fr#\\\/schema\\\/person\\\/97e81405a09028aa359b90ec71ff6bd8\",\"name\":\"eleonore\"}]}<\/script>\n<!-- \/ Yoast SEO plugin. -->","yoast_head_json":{"title":"ATELIER CREATIF POUR ENFANTS - FONDATION CAB","description":"Dans le cadre de l\u2019exposition QUINQUAGESIMUM, la Fondation CAB Brussels invite vos enfants \u00e0 un atelier cr\u00e9atif. A travers des activit\u00e9s ludiques, ils seront guid\u00e9s pour d\u00e9velopper leur sens de l\u2019observation et leur cr\u00e9ativit\u00e9. Une visite interactive de l\u2019exposition sera \u00e9galement propos\u00e9e suivie d\u2019un conte et d\u2019un go\u00fbter. Informations pratiques : Activit\u00e9 pour les enfants de 4 \u00e0 10 ans Mercredi 18 OCTOBRE de 14h \u00e0 16h L\u2019atelier sera en fran\u00e7ais Veuillez noter que les places sont limit\u00e9es Confirmation d\u2019inscription apr\u00e8s paiement de 10 \u20ac sur le compte BE60 0018 4789 5870 (communication : Atelier + le nom de l\u2019enfant + votre e-mail)","robots":{"index":"index","follow":"follow","max-snippet":"max-snippet:-1","max-image-preview":"max-image-preview:large","max-video-preview":"max-video-preview:-1"},"canonical":"https:\/\/fondationcab.com\/fr\/atelier-creatif-pour-enfants-2","og_locale":"fr_FR","og_type":"article","og_title":"ATELIER CREATIF POUR ENFANTS - FONDATION CAB","og_description":"Dans le cadre de l\u2019exposition QUINQUAGESIMUM, la Fondation CAB Brussels invite vos enfants \u00e0 un atelier cr\u00e9atif. A travers des activit\u00e9s ludiques, ils seront guid\u00e9s pour d\u00e9velopper leur sens de l\u2019observation et leur cr\u00e9ativit\u00e9. Une visite interactive de l\u2019exposition sera \u00e9galement propos\u00e9e suivie d\u2019un conte et d\u2019un go\u00fbter. Informations pratiques : Activit\u00e9 pour les enfants de 4 \u00e0 10 ans Mercredi 18 OCTOBRE de 14h \u00e0 16h L\u2019atelier sera en fran\u00e7ais Veuillez noter que les places sont limit\u00e9es Confirmation d\u2019inscription apr\u00e8s paiement de 10 \u20ac sur le compte BE60 0018 4789 5870 (communication : Atelier + le nom de l\u2019enfant + votre e-mail)","og_url":"https:\/\/fondationcab.com\/fr\/atelier-creatif-pour-enfants-2","og_site_name":"FONDATION CAB","article_publisher":"https:\/\/www.facebook.com\/CABContemporaryArt\/","article_published_time":"2023-09-28T12:05:36+00:00","article_modified_time":"2023-09-28T12:08:18+00:00","og_image":[{"width":1200,"height":1219,"url":"https:\/\/fondationcab.com\/wp-content\/uploads\/2023\/09\/IMG_6607-1200x1219-1.jpg","type":"image\/jpeg"}],"author":"eleonore","twitter_card":"summary_large_image","twitter_misc":{"\u00c9crit par":"eleonore"},"schema":{"@context":"https:\/\/schema.org","@graph":[{"@type":"Article","@id":"https:\/\/fondationcab.com\/fr\/atelier-creatif-pour-enfants-2#article","isPartOf":{"@id":"https:\/\/fondationcab.com\/fr\/atelier-creatif-pour-enfants-2"},"author":{"name":"eleonore","@id":"https:\/\/fondationcab.com\/fr#\/schema\/person\/97e81405a09028aa359b90ec71ff6bd8"},"headline":"ATELIER CREATIF POUR ENFANTS","datePublished":"2023-09-28T12:05:36+00:00","dateModified":"2023-09-28T12:08:18+00:00","mainEntityOfPage":{"@id":"https:\/\/fondationcab.com\/fr\/atelier-creatif-pour-enfants-2"},"wordCount":4,"publisher":{"@id":"https:\/\/fondationcab.com\/fr#organization"},"image":{"@id":"https:\/\/fondationcab.com\/fr\/atelier-creatif-pour-enfants-2#primaryimage"},"thumbnailUrl":"https:\/\/fondationcab.com\/wp-content\/uploads\/2023\/09\/IMG_6607-1200x1219-1.jpg","articleSection":["Non classifi\u00e9(e)"],"inLanguage":"fr-FR"},{"@type":"WebPage","@id":"https:\/\/fondationcab.com\/fr\/atelier-creatif-pour-enfants-2","url":"https:\/\/fondationcab.com\/fr\/atelier-creatif-pour-enfants-2","name":"ATELIER CREATIF POUR ENFANTS - FONDATION CAB","isPartOf":{"@id":"https:\/\/fondationcab.com\/fr#website"},"primaryImageOfPage":{"@id":"https:\/\/fondationcab.com\/fr\/atelier-creatif-pour-enfants-2#primaryimage"},"image":{"@id":"https:\/\/fondationcab.com\/fr\/atelier-creatif-pour-enfants-2#primaryimage"},"thumbnailUrl":"https:\/\/fondationcab.com\/wp-content\/uploads\/2023\/09\/IMG_6607-1200x1219-1.jpg","datePublished":"2023-09-28T12:05:36+00:00","dateModified":"2023-09-28T12:08:18+00:00","description":"Dans le cadre de l\u2019exposition QUINQUAGESIMUM, la Fondation CAB Brussels invite vos enfants \u00e0 un atelier cr\u00e9atif. A travers des activit\u00e9s ludiques, ils seront guid\u00e9s pour d\u00e9velopper leur sens de l\u2019observation et leur cr\u00e9ativit\u00e9. Une visite interactive de l\u2019exposition sera \u00e9galement propos\u00e9e suivie d\u2019un conte et d\u2019un go\u00fbter. Informations pratiques : Activit\u00e9 pour les enfants de 4 \u00e0 10 ans Mercredi 18 OCTOBRE de 14h \u00e0 16h L\u2019atelier sera en fran\u00e7ais Veuillez noter que les places sont limit\u00e9es Confirmation d\u2019inscription apr\u00e8s paiement de 10 \u20ac sur le compte BE60 0018 4789 5870 (communication : Atelier + le nom de l\u2019enfant + votre e-mail)","breadcrumb":{"@id":"https:\/\/fondationcab.com\/fr\/atelier-creatif-pour-enfants-2#breadcrumb"},"inLanguage":"fr-FR","potentialAction":[{"@type":"ReadAction","target":["https:\/\/fondationcab.com\/fr\/atelier-creatif-pour-enfants-2"]}]},{"@type":"ImageObject","inLanguage":"fr-FR","@id":"https:\/\/fondationcab.com\/fr\/atelier-creatif-pour-enfants-2#primaryimage","url":"https:\/\/fondationcab.com\/wp-content\/uploads\/2023\/09\/IMG_6607-1200x1219-1.jpg","contentUrl":"https:\/\/fondationcab.com\/wp-content\/uploads\/2023\/09\/IMG_6607-1200x1219-1.jpg","width":1200,"height":1219},{"@type":"BreadcrumbList","@id":"https:\/\/fondationcab.com\/fr\/atelier-creatif-pour-enfants-2#breadcrumb","itemListElement":[{"@type":"ListItem","position":1,"name":"Home","item":"https:\/\/fondationcab.com\/fr"},{"@type":"ListItem","position":2,"name":"ATELIER CREATIF POUR ENFANTS"}]},{"@type":"WebSite","@id":"https:\/\/fondationcab.com\/fr#website","url":"https:\/\/fondationcab.com\/fr","name":"FONDATION CAB","description":"ART CENTER BRUSSELS","publisher":{"@id":"https:\/\/fondationcab.com\/fr#organization"},"potentialAction":[{"@type":"SearchAction","target":{"@type":"EntryPoint","urlTemplate":"https:\/\/fondationcab.com\/fr?s={search_term_string}"},"query-input":{"@type":"PropertyValueSpecification","valueRequired":true,"valueName":"search_term_string"}}],"inLanguage":"fr-FR"},{"@type":"Organization","@id":"https:\/\/fondationcab.com\/fr#organization","name":"Fondation CAB","url":"https:\/\/fondationcab.com\/fr","logo":{"@type":"ImageObject","inLanguage":"fr-FR","@id":"https:\/\/fondationcab.com\/fr#\/schema\/logo\/image\/","url":"https:\/\/cab.storycoding.agency\/wp-content\/uploads\/2018\/03\/fondation_cab_logo.jpg","contentUrl":"https:\/\/cab.storycoding.agency\/wp-content\/uploads\/2018\/03\/fondation_cab_logo.jpg","width":250,"height":125,"caption":"Fondation CAB"},"image":{"@id":"https:\/\/fondationcab.com\/fr#\/schema\/logo\/image\/"},"sameAs":["https:\/\/www.facebook.com\/CABContemporaryArt\/","https:\/\/www.instagram.com\/fondation_cab\/","https:\/\/www.youtube.com\/channel\/UC4BG_XNA2Sn1VGimzwU60Aw"]},{"@type":"Person","@id":"https:\/\/fondationcab.com\/fr#\/schema\/person\/97e81405a09028aa359b90ec71ff6bd8","name":"eleonore"}]}},"_links":{"self":[{"href":"https:\/\/fondationcab.com\/fr\/wp-json\/wp\/v2\/posts\/12427","targetHints":{"allow":["GET"]}}],"collection":[{"href":"https:\/\/fondationcab.com\/fr\/wp-json\/wp\/v2\/posts"}],"about":[{"href":"https:\/\/fondationcab.com\/fr\/wp-json\/wp\/v2\/types\/post"}],"author":[{"embeddable":true,"href":"https:\/\/fondationcab.com\/fr\/wp-json\/wp\/v2\/users\/4"}],"replies":[{"embeddable":true,"href":"https:\/\/fondationcab.com\/fr\/wp-json\/wp\/v2\/comments?post=12427"}],"version-history":[{"count":1,"href":"https:\/\/fondationcab.com\/fr\/wp-json\/wp\/v2\/posts\/12427\/revisions"}],"predecessor-version":[{"id":12428,"href":"https:\/\/fondationcab.com\/fr\/wp-json\/wp\/v2\/posts\/12427\/revisions\/12428"}],"wp:featuredmedia":[{"embeddable":true,"href":"https:\/\/fondationcab.com\/fr\/wp-json\/wp\/v2\/media\/12425"}],"wp:attachment":[{"href":"https:\/\/fondationcab.com\/fr\/wp-json\/wp\/v2\/media?parent=12427"}],"wp:term":[{"taxonomy":"category","embeddable":true,"href":"https:\/\/fondationcab.com\/fr\/wp-json\/wp\/v2\/categories?post=12427"},{"taxonomy":"post_tag","embeddable":true,"href":"https:\/\/fondationcab.com\/fr\/wp-json\/wp\/v2\/tags?post=12427"}],"curies":[{"name":"wp","href":"https:\/\/api.w.org\/{rel}","templated":true}]}}