{"id":13353,"date":"2024-04-20T13:33:23","date_gmt":"2024-04-20T11:33:23","guid":{"rendered":"https:\/\/fondationcab.com\/open-studio-artist-in-residence-8"},"modified":"2024-04-20T13:40:26","modified_gmt":"2024-04-20T11:40:26","slug":"open-studio-artist-in-residence-8","status":"publish","type":"post","link":"https:\/\/fondationcab.com\/fr\/open-studio-artist-in-residence-8","title":{"rendered":"OPEN STUDIO ARTIST-IN-RESIDENCE"},"content":{"rendered":"<div class=\"intro\">Maria Appleton est une artiste textile bas\u00e9e \u00e0 Lisbonne, au Portugal. Questionnant la subjectivit\u00e9 pr\u00e9sente dans les syst\u00e8mes urbains, la pratique de Maria Appleton se mat\u00e9rialise comme une recherche continue de la couleur et de la forme d\u00e9velopp\u00e9e \u00e0 travers de multiples techniques de teinture, de tissage et de gravure. Ses pi\u00e8ces se d\u00e9m\u00ealent comme des imprim\u00e9s chromatiques sur une juxtaposition de coton, de soie et d\u2019autres tissus industriels, d\u00e9finissant une s\u00e9rie de transparences abstraites vibrantes. Appleton plonge dans le dialogue \u00e9tabli par l\u2019interaction des corps dans l\u2019espace, deux \u00e9l\u00e9ments qui perdurent dans une relation symbiotique constante de m\u00e9tamorphose avec la lumi\u00e8re. Explorant les conceptions architecturales de l\u2019espace, elle d\u00e9fie la perception humaine en traduisant des perspectives optiques et en suivant les mouvements corporels. Elle voit le spectateur comme un participant actif dans la conception du tissu lui-m\u00eame, impliqu\u00e9 dans une exp\u00e9rience sensorielle progressive ouverte \u00e0 l\u2019interpr\u00e9tation. Sp\u00e9culant sur la nature des espaces liminaires, \u00e9tape d\u2019ali\u00e9nation \u00e9motionnelle ou physique, son travail fusionne de multiples couches de motifs g\u00e9om\u00e9triques qui perturbent ensemble la perception de la pr\u00e9sence tangible et de l\u2019absence symbolique. Ces compositions cr\u00e9ent des variations cartographiques li\u00e9es \u00e0 des espaces conscients de m\u00e9moire collective tout en d\u00e9clenchant des souvenirs individuels, des r\u00eaves ou des sensations physiques. Appleton encha\u00eene, \u00e0 travers ces m\u00e9thodes, un ensemble d\u2019exp\u00e9riences palpitantes, destin\u00e9es \u00e0 d\u00e9clencher une partie d\u2019un univers o\u00f9 l\u2019architecture du public et du priv\u00e9 se rencontrent.<\/div>\n","protected":false},"excerpt":{"rendered":"<p>Maria Appleton est une artiste textile bas\u00e9e \u00e0 Lisbonne, au Portugal. Questionnant la subjectivit\u00e9 pr\u00e9sente dans les syst\u00e8mes urbains, la pratique de Maria Appleton se mat\u00e9rialise comme une recherche continue de la couleur et de la forme d\u00e9velopp\u00e9e \u00e0 travers de multiples techniques de teinture, de tissage et de gravure. Ses pi\u00e8ces se d\u00e9m\u00ealent comme&nbsp; <a href=\"https:\/\/fondationcab.com\/fr\/open-studio-artist-in-residence-8\">&hellip; Read more <i class=\"glyphicon glyphicon-arrow-right\"><\/i><\/a><\/p>\n","protected":false},"author":4,"featured_media":13351,"comment_status":"closed","ping_status":"closed","sticky":false,"template":"","format":"standard","meta":{"_acf_changed":false,"footnotes":""},"categories":[9],"tags":[],"class_list":["post-13353","post","type-post","status-publish","format-standard","has-post-thumbnail","hentry","category-non-classifiee","cities-bruxelles"],"acf":[],"yoast_head":"<!-- This site is optimized with the Yoast SEO plugin v27.5 - https:\/\/yoast.com\/product\/yoast-seo-wordpress\/ -->\n<title>OPEN STUDIO ARTIST-IN-RESIDENCE - FONDATION CAB<\/title>\n<meta name=\"description\" content=\"Pour pr\u00e9senter sa r\u00e9sidence, Maria Appleton (Portugal, n\u00e9e en 1997) ouvrira les portes de son studio \u00e0 la Fondation CAB Bruxelles le samedi 27 avril de 15h \u00e0 18h.\" \/>\n<meta name=\"robots\" content=\"index, follow, max-snippet:-1, max-image-preview:large, max-video-preview:-1\" \/>\n<link rel=\"canonical\" href=\"https:\/\/fondationcab.com\/fr\/open-studio-artist-in-residence-8\" \/>\n<meta property=\"og:locale\" content=\"fr_FR\" \/>\n<meta property=\"og:type\" content=\"article\" \/>\n<meta property=\"og:title\" content=\"OPEN STUDIO ARTIST-IN-RESIDENCE - FONDATION CAB\" \/>\n<meta property=\"og:description\" content=\"Pour pr\u00e9senter sa r\u00e9sidence, Maria Appleton (Portugal, n\u00e9e en 1997) ouvrira les portes de son studio \u00e0 la Fondation CAB Bruxelles le samedi 27 avril de 15h \u00e0 18h.\" \/>\n<meta property=\"og:url\" content=\"https:\/\/fondationcab.com\/fr\/open-studio-artist-in-residence-8\" \/>\n<meta property=\"og:site_name\" content=\"FONDATION CAB\" \/>\n<meta property=\"article:publisher\" content=\"https:\/\/www.facebook.com\/CABContemporaryArt\/\" \/>\n<meta property=\"article:published_time\" content=\"2024-04-20T11:33:23+00:00\" \/>\n<meta property=\"article:modified_time\" content=\"2024-04-20T11:40:26+00:00\" \/>\n<meta property=\"og:image\" content=\"https:\/\/fondationcab.com\/wp-content\/uploads\/2024\/04\/IMG_7641.jpg\" \/>\n\t<meta property=\"og:image:width\" content=\"2514\" \/>\n\t<meta property=\"og:image:height\" content=\"1886\" \/>\n\t<meta property=\"og:image:type\" content=\"image\/jpeg\" \/>\n<meta name=\"author\" content=\"eleonore\" \/>\n<meta name=\"twitter:card\" content=\"summary_large_image\" \/>\n<meta name=\"twitter:label1\" content=\"\u00c9crit par\" \/>\n\t<meta name=\"twitter:data1\" content=\"eleonore\" \/>\n\t<meta name=\"twitter:label2\" content=\"Dur\u00e9e de lecture estim\u00e9e\" \/>\n\t<meta name=\"twitter:data2\" content=\"2 minutes\" \/>\n<script type=\"application\/ld+json\" class=\"yoast-schema-graph\">{\"@context\":\"https:\\\/\\\/schema.org\",\"@graph\":[{\"@type\":\"Article\",\"@id\":\"https:\\\/\\\/fondationcab.com\\\/fr\\\/open-studio-artist-in-residence-8#article\",\"isPartOf\":{\"@id\":\"https:\\\/\\\/fondationcab.com\\\/fr\\\/open-studio-artist-in-residence-8\"},\"author\":{\"name\":\"eleonore\",\"@id\":\"https:\\\/\\\/fondationcab.com\\\/fr#\\\/schema\\\/person\\\/97e81405a09028aa359b90ec71ff6bd8\"},\"headline\":\"OPEN STUDIO ARTIST-IN-RESIDENCE\",\"datePublished\":\"2024-04-20T11:33:23+00:00\",\"dateModified\":\"2024-04-20T11:40:26+00:00\",\"mainEntityOfPage\":{\"@id\":\"https:\\\/\\\/fondationcab.com\\\/fr\\\/open-studio-artist-in-residence-8\"},\"wordCount\":274,\"publisher\":{\"@id\":\"https:\\\/\\\/fondationcab.com\\\/fr#organization\"},\"image\":{\"@id\":\"https:\\\/\\\/fondationcab.com\\\/fr\\\/open-studio-artist-in-residence-8#primaryimage\"},\"thumbnailUrl\":\"https:\\\/\\\/fondationcab.com\\\/wp-content\\\/uploads\\\/2024\\\/04\\\/IMG_7641.jpg\",\"articleSection\":[\"Non classifi\u00e9(e)\"],\"inLanguage\":\"fr-FR\"},{\"@type\":\"WebPage\",\"@id\":\"https:\\\/\\\/fondationcab.com\\\/fr\\\/open-studio-artist-in-residence-8\",\"url\":\"https:\\\/\\\/fondationcab.com\\\/fr\\\/open-studio-artist-in-residence-8\",\"name\":\"OPEN STUDIO ARTIST-IN-RESIDENCE - FONDATION CAB\",\"isPartOf\":{\"@id\":\"https:\\\/\\\/fondationcab.com\\\/fr#website\"},\"primaryImageOfPage\":{\"@id\":\"https:\\\/\\\/fondationcab.com\\\/fr\\\/open-studio-artist-in-residence-8#primaryimage\"},\"image\":{\"@id\":\"https:\\\/\\\/fondationcab.com\\\/fr\\\/open-studio-artist-in-residence-8#primaryimage\"},\"thumbnailUrl\":\"https:\\\/\\\/fondationcab.com\\\/wp-content\\\/uploads\\\/2024\\\/04\\\/IMG_7641.jpg\",\"datePublished\":\"2024-04-20T11:33:23+00:00\",\"dateModified\":\"2024-04-20T11:40:26+00:00\",\"description\":\"Pour pr\u00e9senter sa r\u00e9sidence, Maria Appleton (Portugal, n\u00e9e en 1997) ouvrira les portes de son studio \u00e0 la Fondation CAB Bruxelles le samedi 27 avril de 15h \u00e0 18h.\",\"breadcrumb\":{\"@id\":\"https:\\\/\\\/fondationcab.com\\\/fr\\\/open-studio-artist-in-residence-8#breadcrumb\"},\"inLanguage\":\"fr-FR\",\"potentialAction\":[{\"@type\":\"ReadAction\",\"target\":[\"https:\\\/\\\/fondationcab.com\\\/fr\\\/open-studio-artist-in-residence-8\"]}]},{\"@type\":\"ImageObject\",\"inLanguage\":\"fr-FR\",\"@id\":\"https:\\\/\\\/fondationcab.com\\\/fr\\\/open-studio-artist-in-residence-8#primaryimage\",\"url\":\"https:\\\/\\\/fondationcab.com\\\/wp-content\\\/uploads\\\/2024\\\/04\\\/IMG_7641.jpg\",\"contentUrl\":\"https:\\\/\\\/fondationcab.com\\\/wp-content\\\/uploads\\\/2024\\\/04\\\/IMG_7641.jpg\",\"width\":2514,\"height\":1886},{\"@type\":\"BreadcrumbList\",\"@id\":\"https:\\\/\\\/fondationcab.com\\\/fr\\\/open-studio-artist-in-residence-8#breadcrumb\",\"itemListElement\":[{\"@type\":\"ListItem\",\"position\":1,\"name\":\"Home\",\"item\":\"https:\\\/\\\/fondationcab.com\\\/fr\"},{\"@type\":\"ListItem\",\"position\":2,\"name\":\"OPEN STUDIO ARTIST-IN-RESIDENCE\"}]},{\"@type\":\"WebSite\",\"@id\":\"https:\\\/\\\/fondationcab.com\\\/fr#website\",\"url\":\"https:\\\/\\\/fondationcab.com\\\/fr\",\"name\":\"FONDATION CAB\",\"description\":\"ART CENTER BRUSSELS\",\"publisher\":{\"@id\":\"https:\\\/\\\/fondationcab.com\\\/fr#organization\"},\"potentialAction\":[{\"@type\":\"SearchAction\",\"target\":{\"@type\":\"EntryPoint\",\"urlTemplate\":\"https:\\\/\\\/fondationcab.com\\\/fr?s={search_term_string}\"},\"query-input\":{\"@type\":\"PropertyValueSpecification\",\"valueRequired\":true,\"valueName\":\"search_term_string\"}}],\"inLanguage\":\"fr-FR\"},{\"@type\":\"Organization\",\"@id\":\"https:\\\/\\\/fondationcab.com\\\/fr#organization\",\"name\":\"Fondation CAB\",\"url\":\"https:\\\/\\\/fondationcab.com\\\/fr\",\"logo\":{\"@type\":\"ImageObject\",\"inLanguage\":\"fr-FR\",\"@id\":\"https:\\\/\\\/fondationcab.com\\\/fr#\\\/schema\\\/logo\\\/image\\\/\",\"url\":\"https:\\\/\\\/cab.storycoding.agency\\\/wp-content\\\/uploads\\\/2018\\\/03\\\/fondation_cab_logo.jpg\",\"contentUrl\":\"https:\\\/\\\/cab.storycoding.agency\\\/wp-content\\\/uploads\\\/2018\\\/03\\\/fondation_cab_logo.jpg\",\"width\":250,\"height\":125,\"caption\":\"Fondation CAB\"},\"image\":{\"@id\":\"https:\\\/\\\/fondationcab.com\\\/fr#\\\/schema\\\/logo\\\/image\\\/\"},\"sameAs\":[\"https:\\\/\\\/www.facebook.com\\\/CABContemporaryArt\\\/\",\"https:\\\/\\\/www.instagram.com\\\/fondation_cab\\\/\",\"https:\\\/\\\/www.youtube.com\\\/channel\\\/UC4BG_XNA2Sn1VGimzwU60Aw\"]},{\"@type\":\"Person\",\"@id\":\"https:\\\/\\\/fondationcab.com\\\/fr#\\\/schema\\\/person\\\/97e81405a09028aa359b90ec71ff6bd8\",\"name\":\"eleonore\"}]}<\/script>\n<!-- \/ Yoast SEO plugin. -->","yoast_head_json":{"title":"OPEN STUDIO ARTIST-IN-RESIDENCE - FONDATION CAB","description":"Pour pr\u00e9senter sa r\u00e9sidence, Maria Appleton (Portugal, n\u00e9e en 1997) ouvrira les portes de son studio \u00e0 la Fondation CAB Bruxelles le samedi 27 avril de 15h \u00e0 18h.","robots":{"index":"index","follow":"follow","max-snippet":"max-snippet:-1","max-image-preview":"max-image-preview:large","max-video-preview":"max-video-preview:-1"},"canonical":"https:\/\/fondationcab.com\/fr\/open-studio-artist-in-residence-8","og_locale":"fr_FR","og_type":"article","og_title":"OPEN STUDIO ARTIST-IN-RESIDENCE - FONDATION CAB","og_description":"Pour pr\u00e9senter sa r\u00e9sidence, Maria Appleton (Portugal, n\u00e9e en 1997) ouvrira les portes de son studio \u00e0 la Fondation CAB Bruxelles le samedi 27 avril de 15h \u00e0 18h.","og_url":"https:\/\/fondationcab.com\/fr\/open-studio-artist-in-residence-8","og_site_name":"FONDATION CAB","article_publisher":"https:\/\/www.facebook.com\/CABContemporaryArt\/","article_published_time":"2024-04-20T11:33:23+00:00","article_modified_time":"2024-04-20T11:40:26+00:00","og_image":[{"width":2514,"height":1886,"url":"https:\/\/fondationcab.com\/wp-content\/uploads\/2024\/04\/IMG_7641.jpg","type":"image\/jpeg"}],"author":"eleonore","twitter_card":"summary_large_image","twitter_misc":{"\u00c9crit par":"eleonore","Dur\u00e9e de lecture estim\u00e9e":"2 minutes"},"schema":{"@context":"https:\/\/schema.org","@graph":[{"@type":"Article","@id":"https:\/\/fondationcab.com\/fr\/open-studio-artist-in-residence-8#article","isPartOf":{"@id":"https:\/\/fondationcab.com\/fr\/open-studio-artist-in-residence-8"},"author":{"name":"eleonore","@id":"https:\/\/fondationcab.com\/fr#\/schema\/person\/97e81405a09028aa359b90ec71ff6bd8"},"headline":"OPEN STUDIO ARTIST-IN-RESIDENCE","datePublished":"2024-04-20T11:33:23+00:00","dateModified":"2024-04-20T11:40:26+00:00","mainEntityOfPage":{"@id":"https:\/\/fondationcab.com\/fr\/open-studio-artist-in-residence-8"},"wordCount":274,"publisher":{"@id":"https:\/\/fondationcab.com\/fr#organization"},"image":{"@id":"https:\/\/fondationcab.com\/fr\/open-studio-artist-in-residence-8#primaryimage"},"thumbnailUrl":"https:\/\/fondationcab.com\/wp-content\/uploads\/2024\/04\/IMG_7641.jpg","articleSection":["Non classifi\u00e9(e)"],"inLanguage":"fr-FR"},{"@type":"WebPage","@id":"https:\/\/fondationcab.com\/fr\/open-studio-artist-in-residence-8","url":"https:\/\/fondationcab.com\/fr\/open-studio-artist-in-residence-8","name":"OPEN STUDIO ARTIST-IN-RESIDENCE - FONDATION CAB","isPartOf":{"@id":"https:\/\/fondationcab.com\/fr#website"},"primaryImageOfPage":{"@id":"https:\/\/fondationcab.com\/fr\/open-studio-artist-in-residence-8#primaryimage"},"image":{"@id":"https:\/\/fondationcab.com\/fr\/open-studio-artist-in-residence-8#primaryimage"},"thumbnailUrl":"https:\/\/fondationcab.com\/wp-content\/uploads\/2024\/04\/IMG_7641.jpg","datePublished":"2024-04-20T11:33:23+00:00","dateModified":"2024-04-20T11:40:26+00:00","description":"Pour pr\u00e9senter sa r\u00e9sidence, Maria Appleton (Portugal, n\u00e9e en 1997) ouvrira les portes de son studio \u00e0 la Fondation CAB Bruxelles le samedi 27 avril de 15h \u00e0 18h.","breadcrumb":{"@id":"https:\/\/fondationcab.com\/fr\/open-studio-artist-in-residence-8#breadcrumb"},"inLanguage":"fr-FR","potentialAction":[{"@type":"ReadAction","target":["https:\/\/fondationcab.com\/fr\/open-studio-artist-in-residence-8"]}]},{"@type":"ImageObject","inLanguage":"fr-FR","@id":"https:\/\/fondationcab.com\/fr\/open-studio-artist-in-residence-8#primaryimage","url":"https:\/\/fondationcab.com\/wp-content\/uploads\/2024\/04\/IMG_7641.jpg","contentUrl":"https:\/\/fondationcab.com\/wp-content\/uploads\/2024\/04\/IMG_7641.jpg","width":2514,"height":1886},{"@type":"BreadcrumbList","@id":"https:\/\/fondationcab.com\/fr\/open-studio-artist-in-residence-8#breadcrumb","itemListElement":[{"@type":"ListItem","position":1,"name":"Home","item":"https:\/\/fondationcab.com\/fr"},{"@type":"ListItem","position":2,"name":"OPEN STUDIO ARTIST-IN-RESIDENCE"}]},{"@type":"WebSite","@id":"https:\/\/fondationcab.com\/fr#website","url":"https:\/\/fondationcab.com\/fr","name":"FONDATION CAB","description":"ART CENTER BRUSSELS","publisher":{"@id":"https:\/\/fondationcab.com\/fr#organization"},"potentialAction":[{"@type":"SearchAction","target":{"@type":"EntryPoint","urlTemplate":"https:\/\/fondationcab.com\/fr?s={search_term_string}"},"query-input":{"@type":"PropertyValueSpecification","valueRequired":true,"valueName":"search_term_string"}}],"inLanguage":"fr-FR"},{"@type":"Organization","@id":"https:\/\/fondationcab.com\/fr#organization","name":"Fondation CAB","url":"https:\/\/fondationcab.com\/fr","logo":{"@type":"ImageObject","inLanguage":"fr-FR","@id":"https:\/\/fondationcab.com\/fr#\/schema\/logo\/image\/","url":"https:\/\/cab.storycoding.agency\/wp-content\/uploads\/2018\/03\/fondation_cab_logo.jpg","contentUrl":"https:\/\/cab.storycoding.agency\/wp-content\/uploads\/2018\/03\/fondation_cab_logo.jpg","width":250,"height":125,"caption":"Fondation CAB"},"image":{"@id":"https:\/\/fondationcab.com\/fr#\/schema\/logo\/image\/"},"sameAs":["https:\/\/www.facebook.com\/CABContemporaryArt\/","https:\/\/www.instagram.com\/fondation_cab\/","https:\/\/www.youtube.com\/channel\/UC4BG_XNA2Sn1VGimzwU60Aw"]},{"@type":"Person","@id":"https:\/\/fondationcab.com\/fr#\/schema\/person\/97e81405a09028aa359b90ec71ff6bd8","name":"eleonore"}]}},"_links":{"self":[{"href":"https:\/\/fondationcab.com\/fr\/wp-json\/wp\/v2\/posts\/13353","targetHints":{"allow":["GET"]}}],"collection":[{"href":"https:\/\/fondationcab.com\/fr\/wp-json\/wp\/v2\/posts"}],"about":[{"href":"https:\/\/fondationcab.com\/fr\/wp-json\/wp\/v2\/types\/post"}],"author":[{"embeddable":true,"href":"https:\/\/fondationcab.com\/fr\/wp-json\/wp\/v2\/users\/4"}],"replies":[{"embeddable":true,"href":"https:\/\/fondationcab.com\/fr\/wp-json\/wp\/v2\/comments?post=13353"}],"version-history":[{"count":2,"href":"https:\/\/fondationcab.com\/fr\/wp-json\/wp\/v2\/posts\/13353\/revisions"}],"predecessor-version":[{"id":13355,"href":"https:\/\/fondationcab.com\/fr\/wp-json\/wp\/v2\/posts\/13353\/revisions\/13355"}],"wp:featuredmedia":[{"embeddable":true,"href":"https:\/\/fondationcab.com\/fr\/wp-json\/wp\/v2\/media\/13351"}],"wp:attachment":[{"href":"https:\/\/fondationcab.com\/fr\/wp-json\/wp\/v2\/media?parent=13353"}],"wp:term":[{"taxonomy":"category","embeddable":true,"href":"https:\/\/fondationcab.com\/fr\/wp-json\/wp\/v2\/categories?post=13353"},{"taxonomy":"post_tag","embeddable":true,"href":"https:\/\/fondationcab.com\/fr\/wp-json\/wp\/v2\/tags?post=13353"}],"curies":[{"name":"wp","href":"https:\/\/api.w.org\/{rel}","templated":true}]}}