{"id":13939,"date":"2024-09-07T10:58:25","date_gmt":"2024-09-07T08:58:25","guid":{"rendered":"https:\/\/fondationcab.com\/?p=13939"},"modified":"2024-10-09T12:25:15","modified_gmt":"2024-10-09T10:25:15","slug":"atelier-creatif-pour-enfants-3","status":"publish","type":"post","link":"https:\/\/fondationcab.com\/fr\/atelier-creatif-pour-enfants-3","title":{"rendered":"ATELIER CREATIF POUR ENFANTS"},"content":{"rendered":"","protected":false},"excerpt":{"rendered":"","protected":false},"author":4,"featured_media":14212,"comment_status":"closed","ping_status":"closed","sticky":false,"template":"","format":"standard","meta":{"_acf_changed":false,"footnotes":""},"categories":[9],"tags":[],"class_list":["post-13939","post","type-post","status-publish","format-standard","has-post-thumbnail","hentry","category-non-classifiee","cities-saint-paul-de-vence-fr"],"acf":[],"yoast_head":"<!-- This site is optimized with the Yoast SEO plugin v27.5 - https:\/\/yoast.com\/product\/yoast-seo-wordpress\/ -->\n<title>ATELIER CREATIF POUR ENFANTS - FONDATION CAB<\/title>\n<meta name=\"description\" content=\"Fondation CAB de Saint-Paul-de-Vence invite vos enfants \u00e0 c\u00e9l\u00e9brer la fin de l&#039;\u00e9t\u00e9 autour d&#039;un atelier cr\u00e9atif sur le th\u00e8me du savoir-faire, du design et de l\u2019\u00e9cologie, o\u00f9 les enfants pourront d\u00e9velopper leur cr\u00e9ativit\u00e9 : &quot;L&#039;Art de la d\u00e9couverte&quot;. Des booklets sont \u00e0 disposition des familles avec enfants pendant toute la dur\u00e9e de l&#039;exposition. Pr\u00e9c\u00e9d\u00e9 d&#039;une visite interactive et suivi d&#039;un go\u00fbter, cet atelier permettra aux petits de se sensibiliser aux courants artistiques expos\u00e9s \u00e0 la Fondation : l\u2019art minimal et conceptuel. Actuellement les expositions \u00e0 la Fondation CAB Saint-Paul-de-Vence :\u00a0Edith Dekyndt Specific Subjects\u00a0et\u00a0Muller Van Severen Informations pratiques : Activit\u00e9 pour les enfants de 4 \u00e0 10 ans (atelier en fran\u00e7ais) Mercredi 18 septembre et Samedi 21 septembre de 14h \u00e0 16h Confirmation de l&#039;inscription apr\u00e8s paiement de 10 \u20ac sur le compte\u00a0(Workshop + le nom de l&#039;enfant + votre e-mail) IBAN : FR76 3000 4010 0300 0102 1472 512\u00a0 \/\u00a0BIC : BNPAFRPPXXX\" \/>\n<meta name=\"robots\" content=\"index, follow, max-snippet:-1, max-image-preview:large, max-video-preview:-1\" \/>\n<link rel=\"canonical\" href=\"https:\/\/fondationcab.com\/fr\/atelier-creatif-pour-enfants-3\" \/>\n<meta property=\"og:locale\" content=\"fr_FR\" \/>\n<meta property=\"og:type\" content=\"article\" \/>\n<meta property=\"og:title\" content=\"ATELIER CREATIF POUR ENFANTS - FONDATION CAB\" \/>\n<meta property=\"og:description\" content=\"Fondation CAB de Saint-Paul-de-Vence invite vos enfants \u00e0 c\u00e9l\u00e9brer la fin de l&#039;\u00e9t\u00e9 autour d&#039;un atelier cr\u00e9atif sur le th\u00e8me du savoir-faire, du design et de l\u2019\u00e9cologie, o\u00f9 les enfants pourront d\u00e9velopper leur cr\u00e9ativit\u00e9 : &quot;L&#039;Art de la d\u00e9couverte&quot;. Des booklets sont \u00e0 disposition des familles avec enfants pendant toute la dur\u00e9e de l&#039;exposition. Pr\u00e9c\u00e9d\u00e9 d&#039;une visite interactive et suivi d&#039;un go\u00fbter, cet atelier permettra aux petits de se sensibiliser aux courants artistiques expos\u00e9s \u00e0 la Fondation : l\u2019art minimal et conceptuel. Actuellement les expositions \u00e0 la Fondation CAB Saint-Paul-de-Vence :\u00a0Edith Dekyndt Specific Subjects\u00a0et\u00a0Muller Van Severen Informations pratiques : Activit\u00e9 pour les enfants de 4 \u00e0 10 ans (atelier en fran\u00e7ais) Mercredi 18 septembre et Samedi 21 septembre de 14h \u00e0 16h Confirmation de l&#039;inscription apr\u00e8s paiement de 10 \u20ac sur le compte\u00a0(Workshop + le nom de l&#039;enfant + votre e-mail) IBAN : FR76 3000 4010 0300 0102 1472 512\u00a0 \/\u00a0BIC : BNPAFRPPXXX\" \/>\n<meta property=\"og:url\" content=\"https:\/\/fondationcab.com\/fr\/atelier-creatif-pour-enfants-3\" \/>\n<meta property=\"og:site_name\" content=\"FONDATION CAB\" \/>\n<meta property=\"article:publisher\" content=\"https:\/\/www.facebook.com\/CABContemporaryArt\/\" \/>\n<meta property=\"article:published_time\" content=\"2024-09-07T08:58:25+00:00\" \/>\n<meta property=\"article:modified_time\" content=\"2024-10-09T10:25:15+00:00\" \/>\n<meta property=\"og:image\" content=\"https:\/\/fondationcab.com\/wp-content\/uploads\/2024\/09\/IMG_5257.jpg\" \/>\n\t<meta property=\"og:image:width\" content=\"1437\" \/>\n\t<meta property=\"og:image:height\" content=\"946\" \/>\n\t<meta property=\"og:image:type\" content=\"image\/jpeg\" \/>\n<meta name=\"author\" content=\"eleonore\" \/>\n<meta name=\"twitter:card\" content=\"summary_large_image\" \/>\n<meta name=\"twitter:label1\" content=\"\u00c9crit par\" \/>\n\t<meta name=\"twitter:data1\" content=\"eleonore\" \/>\n\t<meta name=\"twitter:label2\" content=\"Dur\u00e9e de lecture estim\u00e9e\" \/>\n\t<meta name=\"twitter:data2\" content=\"1 minute\" \/>\n<script type=\"application\/ld+json\" class=\"yoast-schema-graph\">{\"@context\":\"https:\\\/\\\/schema.org\",\"@graph\":[{\"@type\":\"Article\",\"@id\":\"https:\\\/\\\/fondationcab.com\\\/fr\\\/atelier-creatif-pour-enfants-3#article\",\"isPartOf\":{\"@id\":\"https:\\\/\\\/fondationcab.com\\\/fr\\\/atelier-creatif-pour-enfants-3\"},\"author\":{\"name\":\"eleonore\",\"@id\":\"https:\\\/\\\/fondationcab.com\\\/fr#\\\/schema\\\/person\\\/97e81405a09028aa359b90ec71ff6bd8\"},\"headline\":\"ATELIER CREATIF POUR ENFANTS\",\"datePublished\":\"2024-09-07T08:58:25+00:00\",\"dateModified\":\"2024-10-09T10:25:15+00:00\",\"mainEntityOfPage\":{\"@id\":\"https:\\\/\\\/fondationcab.com\\\/fr\\\/atelier-creatif-pour-enfants-3\"},\"wordCount\":4,\"publisher\":{\"@id\":\"https:\\\/\\\/fondationcab.com\\\/fr#organization\"},\"image\":{\"@id\":\"https:\\\/\\\/fondationcab.com\\\/fr\\\/atelier-creatif-pour-enfants-3#primaryimage\"},\"thumbnailUrl\":\"https:\\\/\\\/fondationcab.com\\\/wp-content\\\/uploads\\\/2024\\\/09\\\/IMG_5257.jpg\",\"articleSection\":[\"Non classifi\u00e9(e)\"],\"inLanguage\":\"fr-FR\"},{\"@type\":\"WebPage\",\"@id\":\"https:\\\/\\\/fondationcab.com\\\/fr\\\/atelier-creatif-pour-enfants-3\",\"url\":\"https:\\\/\\\/fondationcab.com\\\/fr\\\/atelier-creatif-pour-enfants-3\",\"name\":\"ATELIER CREATIF POUR ENFANTS - FONDATION CAB\",\"isPartOf\":{\"@id\":\"https:\\\/\\\/fondationcab.com\\\/fr#website\"},\"primaryImageOfPage\":{\"@id\":\"https:\\\/\\\/fondationcab.com\\\/fr\\\/atelier-creatif-pour-enfants-3#primaryimage\"},\"image\":{\"@id\":\"https:\\\/\\\/fondationcab.com\\\/fr\\\/atelier-creatif-pour-enfants-3#primaryimage\"},\"thumbnailUrl\":\"https:\\\/\\\/fondationcab.com\\\/wp-content\\\/uploads\\\/2024\\\/09\\\/IMG_5257.jpg\",\"datePublished\":\"2024-09-07T08:58:25+00:00\",\"dateModified\":\"2024-10-09T10:25:15+00:00\",\"description\":\"Fondation CAB de Saint-Paul-de-Vence invite vos enfants \u00e0 c\u00e9l\u00e9brer la fin de l'\u00e9t\u00e9 autour d'un atelier cr\u00e9atif sur le th\u00e8me du savoir-faire, du design et de l\u2019\u00e9cologie, o\u00f9 les enfants pourront d\u00e9velopper leur cr\u00e9ativit\u00e9 : \\\"L'Art de la d\u00e9couverte\\\". Des booklets sont \u00e0 disposition des familles avec enfants pendant toute la dur\u00e9e de l'exposition. Pr\u00e9c\u00e9d\u00e9 d'une visite interactive et suivi d'un go\u00fbter, cet atelier permettra aux petits de se sensibiliser aux courants artistiques expos\u00e9s \u00e0 la Fondation : l\u2019art minimal et conceptuel. Actuellement les expositions \u00e0 la Fondation CAB Saint-Paul-de-Vence :\u00a0Edith Dekyndt Specific Subjects\u00a0et\u00a0Muller Van Severen Informations pratiques : Activit\u00e9 pour les enfants de 4 \u00e0 10 ans (atelier en fran\u00e7ais) Mercredi 18 septembre et Samedi 21 septembre de 14h \u00e0 16h Confirmation de l'inscription apr\u00e8s paiement de 10 \u20ac sur le compte\u00a0(Workshop + le nom de l'enfant + votre e-mail) IBAN : FR76 3000 4010 0300 0102 1472 512\u00a0 \\\/\u00a0BIC : BNPAFRPPXXX\",\"breadcrumb\":{\"@id\":\"https:\\\/\\\/fondationcab.com\\\/fr\\\/atelier-creatif-pour-enfants-3#breadcrumb\"},\"inLanguage\":\"fr-FR\",\"potentialAction\":[{\"@type\":\"ReadAction\",\"target\":[\"https:\\\/\\\/fondationcab.com\\\/fr\\\/atelier-creatif-pour-enfants-3\"]}]},{\"@type\":\"ImageObject\",\"inLanguage\":\"fr-FR\",\"@id\":\"https:\\\/\\\/fondationcab.com\\\/fr\\\/atelier-creatif-pour-enfants-3#primaryimage\",\"url\":\"https:\\\/\\\/fondationcab.com\\\/wp-content\\\/uploads\\\/2024\\\/09\\\/IMG_5257.jpg\",\"contentUrl\":\"https:\\\/\\\/fondationcab.com\\\/wp-content\\\/uploads\\\/2024\\\/09\\\/IMG_5257.jpg\",\"width\":1437,\"height\":946},{\"@type\":\"BreadcrumbList\",\"@id\":\"https:\\\/\\\/fondationcab.com\\\/fr\\\/atelier-creatif-pour-enfants-3#breadcrumb\",\"itemListElement\":[{\"@type\":\"ListItem\",\"position\":1,\"name\":\"Home\",\"item\":\"https:\\\/\\\/fondationcab.com\\\/fr\"},{\"@type\":\"ListItem\",\"position\":2,\"name\":\"ATELIER CREATIF POUR ENFANTS\"}]},{\"@type\":\"WebSite\",\"@id\":\"https:\\\/\\\/fondationcab.com\\\/fr#website\",\"url\":\"https:\\\/\\\/fondationcab.com\\\/fr\",\"name\":\"FONDATION CAB\",\"description\":\"ART CENTER BRUSSELS\",\"publisher\":{\"@id\":\"https:\\\/\\\/fondationcab.com\\\/fr#organization\"},\"potentialAction\":[{\"@type\":\"SearchAction\",\"target\":{\"@type\":\"EntryPoint\",\"urlTemplate\":\"https:\\\/\\\/fondationcab.com\\\/fr?s={search_term_string}\"},\"query-input\":{\"@type\":\"PropertyValueSpecification\",\"valueRequired\":true,\"valueName\":\"search_term_string\"}}],\"inLanguage\":\"fr-FR\"},{\"@type\":\"Organization\",\"@id\":\"https:\\\/\\\/fondationcab.com\\\/fr#organization\",\"name\":\"Fondation CAB\",\"url\":\"https:\\\/\\\/fondationcab.com\\\/fr\",\"logo\":{\"@type\":\"ImageObject\",\"inLanguage\":\"fr-FR\",\"@id\":\"https:\\\/\\\/fondationcab.com\\\/fr#\\\/schema\\\/logo\\\/image\\\/\",\"url\":\"https:\\\/\\\/cab.storycoding.agency\\\/wp-content\\\/uploads\\\/2018\\\/03\\\/fondation_cab_logo.jpg\",\"contentUrl\":\"https:\\\/\\\/cab.storycoding.agency\\\/wp-content\\\/uploads\\\/2018\\\/03\\\/fondation_cab_logo.jpg\",\"width\":250,\"height\":125,\"caption\":\"Fondation CAB\"},\"image\":{\"@id\":\"https:\\\/\\\/fondationcab.com\\\/fr#\\\/schema\\\/logo\\\/image\\\/\"},\"sameAs\":[\"https:\\\/\\\/www.facebook.com\\\/CABContemporaryArt\\\/\",\"https:\\\/\\\/www.instagram.com\\\/fondation_cab\\\/\",\"https:\\\/\\\/www.youtube.com\\\/channel\\\/UC4BG_XNA2Sn1VGimzwU60Aw\"]},{\"@type\":\"Person\",\"@id\":\"https:\\\/\\\/fondationcab.com\\\/fr#\\\/schema\\\/person\\\/97e81405a09028aa359b90ec71ff6bd8\",\"name\":\"eleonore\"}]}<\/script>\n<!-- \/ Yoast SEO plugin. -->","yoast_head_json":{"title":"ATELIER CREATIF POUR ENFANTS - FONDATION CAB","description":"Fondation CAB de Saint-Paul-de-Vence invite vos enfants \u00e0 c\u00e9l\u00e9brer la fin de l'\u00e9t\u00e9 autour d'un atelier cr\u00e9atif sur le th\u00e8me du savoir-faire, du design et de l\u2019\u00e9cologie, o\u00f9 les enfants pourront d\u00e9velopper leur cr\u00e9ativit\u00e9 : \"L'Art de la d\u00e9couverte\". Des booklets sont \u00e0 disposition des familles avec enfants pendant toute la dur\u00e9e de l'exposition. Pr\u00e9c\u00e9d\u00e9 d'une visite interactive et suivi d'un go\u00fbter, cet atelier permettra aux petits de se sensibiliser aux courants artistiques expos\u00e9s \u00e0 la Fondation : l\u2019art minimal et conceptuel. Actuellement les expositions \u00e0 la Fondation CAB Saint-Paul-de-Vence :\u00a0Edith Dekyndt Specific Subjects\u00a0et\u00a0Muller Van Severen Informations pratiques : Activit\u00e9 pour les enfants de 4 \u00e0 10 ans (atelier en fran\u00e7ais) Mercredi 18 septembre et Samedi 21 septembre de 14h \u00e0 16h Confirmation de l'inscription apr\u00e8s paiement de 10 \u20ac sur le compte\u00a0(Workshop + le nom de l'enfant + votre e-mail) IBAN : FR76 3000 4010 0300 0102 1472 512\u00a0 \/\u00a0BIC : BNPAFRPPXXX","robots":{"index":"index","follow":"follow","max-snippet":"max-snippet:-1","max-image-preview":"max-image-preview:large","max-video-preview":"max-video-preview:-1"},"canonical":"https:\/\/fondationcab.com\/fr\/atelier-creatif-pour-enfants-3","og_locale":"fr_FR","og_type":"article","og_title":"ATELIER CREATIF POUR ENFANTS - FONDATION CAB","og_description":"Fondation CAB de Saint-Paul-de-Vence invite vos enfants \u00e0 c\u00e9l\u00e9brer la fin de l'\u00e9t\u00e9 autour d'un atelier cr\u00e9atif sur le th\u00e8me du savoir-faire, du design et de l\u2019\u00e9cologie, o\u00f9 les enfants pourront d\u00e9velopper leur cr\u00e9ativit\u00e9 : \"L'Art de la d\u00e9couverte\". Des booklets sont \u00e0 disposition des familles avec enfants pendant toute la dur\u00e9e de l'exposition. Pr\u00e9c\u00e9d\u00e9 d'une visite interactive et suivi d'un go\u00fbter, cet atelier permettra aux petits de se sensibiliser aux courants artistiques expos\u00e9s \u00e0 la Fondation : l\u2019art minimal et conceptuel. Actuellement les expositions \u00e0 la Fondation CAB Saint-Paul-de-Vence :\u00a0Edith Dekyndt Specific Subjects\u00a0et\u00a0Muller Van Severen Informations pratiques : Activit\u00e9 pour les enfants de 4 \u00e0 10 ans (atelier en fran\u00e7ais) Mercredi 18 septembre et Samedi 21 septembre de 14h \u00e0 16h Confirmation de l'inscription apr\u00e8s paiement de 10 \u20ac sur le compte\u00a0(Workshop + le nom de l'enfant + votre e-mail) IBAN : FR76 3000 4010 0300 0102 1472 512\u00a0 \/\u00a0BIC : BNPAFRPPXXX","og_url":"https:\/\/fondationcab.com\/fr\/atelier-creatif-pour-enfants-3","og_site_name":"FONDATION CAB","article_publisher":"https:\/\/www.facebook.com\/CABContemporaryArt\/","article_published_time":"2024-09-07T08:58:25+00:00","article_modified_time":"2024-10-09T10:25:15+00:00","og_image":[{"width":1437,"height":946,"url":"https:\/\/fondationcab.com\/wp-content\/uploads\/2024\/09\/IMG_5257.jpg","type":"image\/jpeg"}],"author":"eleonore","twitter_card":"summary_large_image","twitter_misc":{"\u00c9crit par":"eleonore","Dur\u00e9e de lecture estim\u00e9e":"1 minute"},"schema":{"@context":"https:\/\/schema.org","@graph":[{"@type":"Article","@id":"https:\/\/fondationcab.com\/fr\/atelier-creatif-pour-enfants-3#article","isPartOf":{"@id":"https:\/\/fondationcab.com\/fr\/atelier-creatif-pour-enfants-3"},"author":{"name":"eleonore","@id":"https:\/\/fondationcab.com\/fr#\/schema\/person\/97e81405a09028aa359b90ec71ff6bd8"},"headline":"ATELIER CREATIF POUR ENFANTS","datePublished":"2024-09-07T08:58:25+00:00","dateModified":"2024-10-09T10:25:15+00:00","mainEntityOfPage":{"@id":"https:\/\/fondationcab.com\/fr\/atelier-creatif-pour-enfants-3"},"wordCount":4,"publisher":{"@id":"https:\/\/fondationcab.com\/fr#organization"},"image":{"@id":"https:\/\/fondationcab.com\/fr\/atelier-creatif-pour-enfants-3#primaryimage"},"thumbnailUrl":"https:\/\/fondationcab.com\/wp-content\/uploads\/2024\/09\/IMG_5257.jpg","articleSection":["Non classifi\u00e9(e)"],"inLanguage":"fr-FR"},{"@type":"WebPage","@id":"https:\/\/fondationcab.com\/fr\/atelier-creatif-pour-enfants-3","url":"https:\/\/fondationcab.com\/fr\/atelier-creatif-pour-enfants-3","name":"ATELIER CREATIF POUR ENFANTS - FONDATION CAB","isPartOf":{"@id":"https:\/\/fondationcab.com\/fr#website"},"primaryImageOfPage":{"@id":"https:\/\/fondationcab.com\/fr\/atelier-creatif-pour-enfants-3#primaryimage"},"image":{"@id":"https:\/\/fondationcab.com\/fr\/atelier-creatif-pour-enfants-3#primaryimage"},"thumbnailUrl":"https:\/\/fondationcab.com\/wp-content\/uploads\/2024\/09\/IMG_5257.jpg","datePublished":"2024-09-07T08:58:25+00:00","dateModified":"2024-10-09T10:25:15+00:00","description":"Fondation CAB de Saint-Paul-de-Vence invite vos enfants \u00e0 c\u00e9l\u00e9brer la fin de l'\u00e9t\u00e9 autour d'un atelier cr\u00e9atif sur le th\u00e8me du savoir-faire, du design et de l\u2019\u00e9cologie, o\u00f9 les enfants pourront d\u00e9velopper leur cr\u00e9ativit\u00e9 : \"L'Art de la d\u00e9couverte\". Des booklets sont \u00e0 disposition des familles avec enfants pendant toute la dur\u00e9e de l'exposition. Pr\u00e9c\u00e9d\u00e9 d'une visite interactive et suivi d'un go\u00fbter, cet atelier permettra aux petits de se sensibiliser aux courants artistiques expos\u00e9s \u00e0 la Fondation : l\u2019art minimal et conceptuel. Actuellement les expositions \u00e0 la Fondation CAB Saint-Paul-de-Vence :\u00a0Edith Dekyndt Specific Subjects\u00a0et\u00a0Muller Van Severen Informations pratiques : Activit\u00e9 pour les enfants de 4 \u00e0 10 ans (atelier en fran\u00e7ais) Mercredi 18 septembre et Samedi 21 septembre de 14h \u00e0 16h Confirmation de l'inscription apr\u00e8s paiement de 10 \u20ac sur le compte\u00a0(Workshop + le nom de l'enfant + votre e-mail) IBAN : FR76 3000 4010 0300 0102 1472 512\u00a0 \/\u00a0BIC : BNPAFRPPXXX","breadcrumb":{"@id":"https:\/\/fondationcab.com\/fr\/atelier-creatif-pour-enfants-3#breadcrumb"},"inLanguage":"fr-FR","potentialAction":[{"@type":"ReadAction","target":["https:\/\/fondationcab.com\/fr\/atelier-creatif-pour-enfants-3"]}]},{"@type":"ImageObject","inLanguage":"fr-FR","@id":"https:\/\/fondationcab.com\/fr\/atelier-creatif-pour-enfants-3#primaryimage","url":"https:\/\/fondationcab.com\/wp-content\/uploads\/2024\/09\/IMG_5257.jpg","contentUrl":"https:\/\/fondationcab.com\/wp-content\/uploads\/2024\/09\/IMG_5257.jpg","width":1437,"height":946},{"@type":"BreadcrumbList","@id":"https:\/\/fondationcab.com\/fr\/atelier-creatif-pour-enfants-3#breadcrumb","itemListElement":[{"@type":"ListItem","position":1,"name":"Home","item":"https:\/\/fondationcab.com\/fr"},{"@type":"ListItem","position":2,"name":"ATELIER CREATIF POUR ENFANTS"}]},{"@type":"WebSite","@id":"https:\/\/fondationcab.com\/fr#website","url":"https:\/\/fondationcab.com\/fr","name":"FONDATION CAB","description":"ART CENTER BRUSSELS","publisher":{"@id":"https:\/\/fondationcab.com\/fr#organization"},"potentialAction":[{"@type":"SearchAction","target":{"@type":"EntryPoint","urlTemplate":"https:\/\/fondationcab.com\/fr?s={search_term_string}"},"query-input":{"@type":"PropertyValueSpecification","valueRequired":true,"valueName":"search_term_string"}}],"inLanguage":"fr-FR"},{"@type":"Organization","@id":"https:\/\/fondationcab.com\/fr#organization","name":"Fondation CAB","url":"https:\/\/fondationcab.com\/fr","logo":{"@type":"ImageObject","inLanguage":"fr-FR","@id":"https:\/\/fondationcab.com\/fr#\/schema\/logo\/image\/","url":"https:\/\/cab.storycoding.agency\/wp-content\/uploads\/2018\/03\/fondation_cab_logo.jpg","contentUrl":"https:\/\/cab.storycoding.agency\/wp-content\/uploads\/2018\/03\/fondation_cab_logo.jpg","width":250,"height":125,"caption":"Fondation CAB"},"image":{"@id":"https:\/\/fondationcab.com\/fr#\/schema\/logo\/image\/"},"sameAs":["https:\/\/www.facebook.com\/CABContemporaryArt\/","https:\/\/www.instagram.com\/fondation_cab\/","https:\/\/www.youtube.com\/channel\/UC4BG_XNA2Sn1VGimzwU60Aw"]},{"@type":"Person","@id":"https:\/\/fondationcab.com\/fr#\/schema\/person\/97e81405a09028aa359b90ec71ff6bd8","name":"eleonore"}]}},"_links":{"self":[{"href":"https:\/\/fondationcab.com\/fr\/wp-json\/wp\/v2\/posts\/13939","targetHints":{"allow":["GET"]}}],"collection":[{"href":"https:\/\/fondationcab.com\/fr\/wp-json\/wp\/v2\/posts"}],"about":[{"href":"https:\/\/fondationcab.com\/fr\/wp-json\/wp\/v2\/types\/post"}],"author":[{"embeddable":true,"href":"https:\/\/fondationcab.com\/fr\/wp-json\/wp\/v2\/users\/4"}],"replies":[{"embeddable":true,"href":"https:\/\/fondationcab.com\/fr\/wp-json\/wp\/v2\/comments?post=13939"}],"version-history":[{"count":6,"href":"https:\/\/fondationcab.com\/fr\/wp-json\/wp\/v2\/posts\/13939\/revisions"}],"predecessor-version":[{"id":13945,"href":"https:\/\/fondationcab.com\/fr\/wp-json\/wp\/v2\/posts\/13939\/revisions\/13945"}],"wp:featuredmedia":[{"embeddable":true,"href":"https:\/\/fondationcab.com\/fr\/wp-json\/wp\/v2\/media\/14212"}],"wp:attachment":[{"href":"https:\/\/fondationcab.com\/fr\/wp-json\/wp\/v2\/media?parent=13939"}],"wp:term":[{"taxonomy":"category","embeddable":true,"href":"https:\/\/fondationcab.com\/fr\/wp-json\/wp\/v2\/categories?post=13939"},{"taxonomy":"post_tag","embeddable":true,"href":"https:\/\/fondationcab.com\/fr\/wp-json\/wp\/v2\/tags?post=13939"}],"curies":[{"name":"wp","href":"https:\/\/api.w.org\/{rel}","templated":true}]}}