{"id":14071,"date":"2024-09-13T15:06:17","date_gmt":"2024-09-13T13:06:17","guid":{"rendered":"https:\/\/fondationcab.com\/?p=14071"},"modified":"2024-09-13T15:10:36","modified_gmt":"2024-09-13T13:10:36","slug":"journees-du-patrimoine-21-et-22-septembre","status":"publish","type":"post","link":"https:\/\/fondationcab.com\/fr\/journees-du-patrimoine-21-et-22-septembre","title":{"rendered":"Journ\u00e9es du Patrimoine 21 et 22 septembre"},"content":{"rendered":"","protected":false},"excerpt":{"rendered":"","protected":false},"author":4,"featured_media":14052,"comment_status":"closed","ping_status":"closed","sticky":false,"template":"","format":"standard","meta":{"_acf_changed":false,"footnotes":""},"categories":[9],"tags":[],"class_list":["post-14071","post","type-post","status-publish","format-standard","has-post-thumbnail","hentry","category-non-classifiee","cities-saint-paul-de-vence-fr"],"acf":[],"yoast_head":"<!-- This site is optimized with the Yoast SEO plugin v27.5 - https:\/\/yoast.com\/product\/yoast-seo-wordpress\/ -->\n<title>Journ\u00e9es du Patrimoine 21 et 22 septembre - FONDATION CAB<\/title>\n<meta name=\"description\" content=\"Fondation CAB vous invite \u00e0 ses expositions le 21 et 22 septembre 2024 pour les journ\u00e9es du patrimoine! Au programme, la visite de nos deux expositions temporaires,\u00a0Specific Subjects\u00a0d&#039;\u00c9dith Dekyndt et l\u2019exposition du duo de designer Muller Van Severen. A cette occasion, l\u2019entr\u00e9e est au prix r\u00e9duit de 8 euros et gratuit pour les habitants de Saint-Paul-de-Vence. Venez nombreux !\" \/>\n<meta name=\"robots\" content=\"index, follow, max-snippet:-1, max-image-preview:large, max-video-preview:-1\" \/>\n<link rel=\"canonical\" href=\"https:\/\/fondationcab.com\/fr\/journees-du-patrimoine-21-et-22-septembre\" \/>\n<meta property=\"og:locale\" content=\"fr_FR\" \/>\n<meta property=\"og:type\" content=\"article\" \/>\n<meta property=\"og:title\" content=\"Journ\u00e9es du Patrimoine 21 et 22 septembre - FONDATION CAB\" \/>\n<meta property=\"og:description\" content=\"Fondation CAB vous invite \u00e0 ses expositions le 21 et 22 septembre 2024 pour les journ\u00e9es du patrimoine! Au programme, la visite de nos deux expositions temporaires,\u00a0Specific Subjects\u00a0d&#039;\u00c9dith Dekyndt et l\u2019exposition du duo de designer Muller Van Severen. A cette occasion, l\u2019entr\u00e9e est au prix r\u00e9duit de 8 euros et gratuit pour les habitants de Saint-Paul-de-Vence. Venez nombreux !\" \/>\n<meta property=\"og:url\" content=\"https:\/\/fondationcab.com\/fr\/journees-du-patrimoine-21-et-22-septembre\" \/>\n<meta property=\"og:site_name\" content=\"FONDATION CAB\" \/>\n<meta property=\"article:publisher\" content=\"https:\/\/www.facebook.com\/CABContemporaryArt\/\" \/>\n<meta property=\"article:published_time\" content=\"2024-09-13T13:06:17+00:00\" \/>\n<meta property=\"article:modified_time\" content=\"2024-09-13T13:10:36+00:00\" \/>\n<meta property=\"og:image\" content=\"https:\/\/fondationcab.com\/wp-content\/uploads\/2024\/09\/1684-ec94f25ee27691bccdbde3d7f07ce3d7-Jep-2024-1440x900-2-2-scaled.jpg\" \/>\n\t<meta property=\"og:image:width\" content=\"2560\" \/>\n\t<meta property=\"og:image:height\" content=\"1601\" \/>\n\t<meta property=\"og:image:type\" content=\"image\/jpeg\" \/>\n<meta name=\"author\" content=\"eleonore\" \/>\n<meta name=\"twitter:card\" content=\"summary_large_image\" \/>\n<meta name=\"twitter:label1\" content=\"\u00c9crit par\" \/>\n\t<meta name=\"twitter:data1\" content=\"eleonore\" \/>\n\t<meta name=\"twitter:label2\" content=\"Dur\u00e9e de lecture estim\u00e9e\" \/>\n\t<meta name=\"twitter:data2\" content=\"1 minute\" \/>\n<script type=\"application\/ld+json\" class=\"yoast-schema-graph\">{\"@context\":\"https:\\\/\\\/schema.org\",\"@graph\":[{\"@type\":\"Article\",\"@id\":\"https:\\\/\\\/fondationcab.com\\\/fr\\\/journees-du-patrimoine-21-et-22-septembre#article\",\"isPartOf\":{\"@id\":\"https:\\\/\\\/fondationcab.com\\\/fr\\\/journees-du-patrimoine-21-et-22-septembre\"},\"author\":{\"name\":\"eleonore\",\"@id\":\"https:\\\/\\\/fondationcab.com\\\/fr#\\\/schema\\\/person\\\/97e81405a09028aa359b90ec71ff6bd8\"},\"headline\":\"Journ\u00e9es du Patrimoine 21 et 22 septembre\",\"datePublished\":\"2024-09-13T13:06:17+00:00\",\"dateModified\":\"2024-09-13T13:10:36+00:00\",\"mainEntityOfPage\":{\"@id\":\"https:\\\/\\\/fondationcab.com\\\/fr\\\/journees-du-patrimoine-21-et-22-septembre\"},\"wordCount\":6,\"publisher\":{\"@id\":\"https:\\\/\\\/fondationcab.com\\\/fr#organization\"},\"image\":{\"@id\":\"https:\\\/\\\/fondationcab.com\\\/fr\\\/journees-du-patrimoine-21-et-22-septembre#primaryimage\"},\"thumbnailUrl\":\"https:\\\/\\\/fondationcab.com\\\/wp-content\\\/uploads\\\/2024\\\/09\\\/1684-ec94f25ee27691bccdbde3d7f07ce3d7-Jep-2024-1440x900-2-2-scaled.jpg\",\"articleSection\":[\"Non classifi\u00e9(e)\"],\"inLanguage\":\"fr-FR\"},{\"@type\":\"WebPage\",\"@id\":\"https:\\\/\\\/fondationcab.com\\\/fr\\\/journees-du-patrimoine-21-et-22-septembre\",\"url\":\"https:\\\/\\\/fondationcab.com\\\/fr\\\/journees-du-patrimoine-21-et-22-septembre\",\"name\":\"Journ\u00e9es du Patrimoine 21 et 22 septembre - FONDATION CAB\",\"isPartOf\":{\"@id\":\"https:\\\/\\\/fondationcab.com\\\/fr#website\"},\"primaryImageOfPage\":{\"@id\":\"https:\\\/\\\/fondationcab.com\\\/fr\\\/journees-du-patrimoine-21-et-22-septembre#primaryimage\"},\"image\":{\"@id\":\"https:\\\/\\\/fondationcab.com\\\/fr\\\/journees-du-patrimoine-21-et-22-septembre#primaryimage\"},\"thumbnailUrl\":\"https:\\\/\\\/fondationcab.com\\\/wp-content\\\/uploads\\\/2024\\\/09\\\/1684-ec94f25ee27691bccdbde3d7f07ce3d7-Jep-2024-1440x900-2-2-scaled.jpg\",\"datePublished\":\"2024-09-13T13:06:17+00:00\",\"dateModified\":\"2024-09-13T13:10:36+00:00\",\"description\":\"Fondation CAB vous invite \u00e0 ses expositions le 21 et 22 septembre 2024 pour les journ\u00e9es du patrimoine! Au programme, la visite de nos deux expositions temporaires,\u00a0Specific Subjects\u00a0d'\u00c9dith Dekyndt et l\u2019exposition du duo de designer Muller Van Severen. A cette occasion, l\u2019entr\u00e9e est au prix r\u00e9duit de 8 euros et gratuit pour les habitants de Saint-Paul-de-Vence. Venez nombreux !\",\"breadcrumb\":{\"@id\":\"https:\\\/\\\/fondationcab.com\\\/fr\\\/journees-du-patrimoine-21-et-22-septembre#breadcrumb\"},\"inLanguage\":\"fr-FR\",\"potentialAction\":[{\"@type\":\"ReadAction\",\"target\":[\"https:\\\/\\\/fondationcab.com\\\/fr\\\/journees-du-patrimoine-21-et-22-septembre\"]}]},{\"@type\":\"ImageObject\",\"inLanguage\":\"fr-FR\",\"@id\":\"https:\\\/\\\/fondationcab.com\\\/fr\\\/journees-du-patrimoine-21-et-22-septembre#primaryimage\",\"url\":\"https:\\\/\\\/fondationcab.com\\\/wp-content\\\/uploads\\\/2024\\\/09\\\/1684-ec94f25ee27691bccdbde3d7f07ce3d7-Jep-2024-1440x900-2-2-scaled.jpg\",\"contentUrl\":\"https:\\\/\\\/fondationcab.com\\\/wp-content\\\/uploads\\\/2024\\\/09\\\/1684-ec94f25ee27691bccdbde3d7f07ce3d7-Jep-2024-1440x900-2-2-scaled.jpg\",\"width\":2560,\"height\":1601},{\"@type\":\"BreadcrumbList\",\"@id\":\"https:\\\/\\\/fondationcab.com\\\/fr\\\/journees-du-patrimoine-21-et-22-septembre#breadcrumb\",\"itemListElement\":[{\"@type\":\"ListItem\",\"position\":1,\"name\":\"Home\",\"item\":\"https:\\\/\\\/fondationcab.com\\\/fr\"},{\"@type\":\"ListItem\",\"position\":2,\"name\":\"Journ\u00e9es du Patrimoine 21 et 22 septembre\"}]},{\"@type\":\"WebSite\",\"@id\":\"https:\\\/\\\/fondationcab.com\\\/fr#website\",\"url\":\"https:\\\/\\\/fondationcab.com\\\/fr\",\"name\":\"FONDATION CAB\",\"description\":\"ART CENTER BRUSSELS\",\"publisher\":{\"@id\":\"https:\\\/\\\/fondationcab.com\\\/fr#organization\"},\"potentialAction\":[{\"@type\":\"SearchAction\",\"target\":{\"@type\":\"EntryPoint\",\"urlTemplate\":\"https:\\\/\\\/fondationcab.com\\\/fr?s={search_term_string}\"},\"query-input\":{\"@type\":\"PropertyValueSpecification\",\"valueRequired\":true,\"valueName\":\"search_term_string\"}}],\"inLanguage\":\"fr-FR\"},{\"@type\":\"Organization\",\"@id\":\"https:\\\/\\\/fondationcab.com\\\/fr#organization\",\"name\":\"Fondation CAB\",\"url\":\"https:\\\/\\\/fondationcab.com\\\/fr\",\"logo\":{\"@type\":\"ImageObject\",\"inLanguage\":\"fr-FR\",\"@id\":\"https:\\\/\\\/fondationcab.com\\\/fr#\\\/schema\\\/logo\\\/image\\\/\",\"url\":\"https:\\\/\\\/cab.storycoding.agency\\\/wp-content\\\/uploads\\\/2018\\\/03\\\/fondation_cab_logo.jpg\",\"contentUrl\":\"https:\\\/\\\/cab.storycoding.agency\\\/wp-content\\\/uploads\\\/2018\\\/03\\\/fondation_cab_logo.jpg\",\"width\":250,\"height\":125,\"caption\":\"Fondation CAB\"},\"image\":{\"@id\":\"https:\\\/\\\/fondationcab.com\\\/fr#\\\/schema\\\/logo\\\/image\\\/\"},\"sameAs\":[\"https:\\\/\\\/www.facebook.com\\\/CABContemporaryArt\\\/\",\"https:\\\/\\\/www.instagram.com\\\/fondation_cab\\\/\",\"https:\\\/\\\/www.youtube.com\\\/channel\\\/UC4BG_XNA2Sn1VGimzwU60Aw\"]},{\"@type\":\"Person\",\"@id\":\"https:\\\/\\\/fondationcab.com\\\/fr#\\\/schema\\\/person\\\/97e81405a09028aa359b90ec71ff6bd8\",\"name\":\"eleonore\"}]}<\/script>\n<!-- \/ Yoast SEO plugin. -->","yoast_head_json":{"title":"Journ\u00e9es du Patrimoine 21 et 22 septembre - FONDATION CAB","description":"Fondation CAB vous invite \u00e0 ses expositions le 21 et 22 septembre 2024 pour les journ\u00e9es du patrimoine! Au programme, la visite de nos deux expositions temporaires,\u00a0Specific Subjects\u00a0d'\u00c9dith Dekyndt et l\u2019exposition du duo de designer Muller Van Severen. A cette occasion, l\u2019entr\u00e9e est au prix r\u00e9duit de 8 euros et gratuit pour les habitants de Saint-Paul-de-Vence. Venez nombreux !","robots":{"index":"index","follow":"follow","max-snippet":"max-snippet:-1","max-image-preview":"max-image-preview:large","max-video-preview":"max-video-preview:-1"},"canonical":"https:\/\/fondationcab.com\/fr\/journees-du-patrimoine-21-et-22-septembre","og_locale":"fr_FR","og_type":"article","og_title":"Journ\u00e9es du Patrimoine 21 et 22 septembre - FONDATION CAB","og_description":"Fondation CAB vous invite \u00e0 ses expositions le 21 et 22 septembre 2024 pour les journ\u00e9es du patrimoine! Au programme, la visite de nos deux expositions temporaires,\u00a0Specific Subjects\u00a0d'\u00c9dith Dekyndt et l\u2019exposition du duo de designer Muller Van Severen. A cette occasion, l\u2019entr\u00e9e est au prix r\u00e9duit de 8 euros et gratuit pour les habitants de Saint-Paul-de-Vence. Venez nombreux !","og_url":"https:\/\/fondationcab.com\/fr\/journees-du-patrimoine-21-et-22-septembre","og_site_name":"FONDATION CAB","article_publisher":"https:\/\/www.facebook.com\/CABContemporaryArt\/","article_published_time":"2024-09-13T13:06:17+00:00","article_modified_time":"2024-09-13T13:10:36+00:00","og_image":[{"width":2560,"height":1601,"url":"https:\/\/fondationcab.com\/wp-content\/uploads\/2024\/09\/1684-ec94f25ee27691bccdbde3d7f07ce3d7-Jep-2024-1440x900-2-2-scaled.jpg","type":"image\/jpeg"}],"author":"eleonore","twitter_card":"summary_large_image","twitter_misc":{"\u00c9crit par":"eleonore","Dur\u00e9e de lecture estim\u00e9e":"1 minute"},"schema":{"@context":"https:\/\/schema.org","@graph":[{"@type":"Article","@id":"https:\/\/fondationcab.com\/fr\/journees-du-patrimoine-21-et-22-septembre#article","isPartOf":{"@id":"https:\/\/fondationcab.com\/fr\/journees-du-patrimoine-21-et-22-septembre"},"author":{"name":"eleonore","@id":"https:\/\/fondationcab.com\/fr#\/schema\/person\/97e81405a09028aa359b90ec71ff6bd8"},"headline":"Journ\u00e9es du Patrimoine 21 et 22 septembre","datePublished":"2024-09-13T13:06:17+00:00","dateModified":"2024-09-13T13:10:36+00:00","mainEntityOfPage":{"@id":"https:\/\/fondationcab.com\/fr\/journees-du-patrimoine-21-et-22-septembre"},"wordCount":6,"publisher":{"@id":"https:\/\/fondationcab.com\/fr#organization"},"image":{"@id":"https:\/\/fondationcab.com\/fr\/journees-du-patrimoine-21-et-22-septembre#primaryimage"},"thumbnailUrl":"https:\/\/fondationcab.com\/wp-content\/uploads\/2024\/09\/1684-ec94f25ee27691bccdbde3d7f07ce3d7-Jep-2024-1440x900-2-2-scaled.jpg","articleSection":["Non classifi\u00e9(e)"],"inLanguage":"fr-FR"},{"@type":"WebPage","@id":"https:\/\/fondationcab.com\/fr\/journees-du-patrimoine-21-et-22-septembre","url":"https:\/\/fondationcab.com\/fr\/journees-du-patrimoine-21-et-22-septembre","name":"Journ\u00e9es du Patrimoine 21 et 22 septembre - FONDATION CAB","isPartOf":{"@id":"https:\/\/fondationcab.com\/fr#website"},"primaryImageOfPage":{"@id":"https:\/\/fondationcab.com\/fr\/journees-du-patrimoine-21-et-22-septembre#primaryimage"},"image":{"@id":"https:\/\/fondationcab.com\/fr\/journees-du-patrimoine-21-et-22-septembre#primaryimage"},"thumbnailUrl":"https:\/\/fondationcab.com\/wp-content\/uploads\/2024\/09\/1684-ec94f25ee27691bccdbde3d7f07ce3d7-Jep-2024-1440x900-2-2-scaled.jpg","datePublished":"2024-09-13T13:06:17+00:00","dateModified":"2024-09-13T13:10:36+00:00","description":"Fondation CAB vous invite \u00e0 ses expositions le 21 et 22 septembre 2024 pour les journ\u00e9es du patrimoine! Au programme, la visite de nos deux expositions temporaires,\u00a0Specific Subjects\u00a0d'\u00c9dith Dekyndt et l\u2019exposition du duo de designer Muller Van Severen. A cette occasion, l\u2019entr\u00e9e est au prix r\u00e9duit de 8 euros et gratuit pour les habitants de Saint-Paul-de-Vence. Venez nombreux !","breadcrumb":{"@id":"https:\/\/fondationcab.com\/fr\/journees-du-patrimoine-21-et-22-septembre#breadcrumb"},"inLanguage":"fr-FR","potentialAction":[{"@type":"ReadAction","target":["https:\/\/fondationcab.com\/fr\/journees-du-patrimoine-21-et-22-septembre"]}]},{"@type":"ImageObject","inLanguage":"fr-FR","@id":"https:\/\/fondationcab.com\/fr\/journees-du-patrimoine-21-et-22-septembre#primaryimage","url":"https:\/\/fondationcab.com\/wp-content\/uploads\/2024\/09\/1684-ec94f25ee27691bccdbde3d7f07ce3d7-Jep-2024-1440x900-2-2-scaled.jpg","contentUrl":"https:\/\/fondationcab.com\/wp-content\/uploads\/2024\/09\/1684-ec94f25ee27691bccdbde3d7f07ce3d7-Jep-2024-1440x900-2-2-scaled.jpg","width":2560,"height":1601},{"@type":"BreadcrumbList","@id":"https:\/\/fondationcab.com\/fr\/journees-du-patrimoine-21-et-22-septembre#breadcrumb","itemListElement":[{"@type":"ListItem","position":1,"name":"Home","item":"https:\/\/fondationcab.com\/fr"},{"@type":"ListItem","position":2,"name":"Journ\u00e9es du Patrimoine 21 et 22 septembre"}]},{"@type":"WebSite","@id":"https:\/\/fondationcab.com\/fr#website","url":"https:\/\/fondationcab.com\/fr","name":"FONDATION CAB","description":"ART CENTER BRUSSELS","publisher":{"@id":"https:\/\/fondationcab.com\/fr#organization"},"potentialAction":[{"@type":"SearchAction","target":{"@type":"EntryPoint","urlTemplate":"https:\/\/fondationcab.com\/fr?s={search_term_string}"},"query-input":{"@type":"PropertyValueSpecification","valueRequired":true,"valueName":"search_term_string"}}],"inLanguage":"fr-FR"},{"@type":"Organization","@id":"https:\/\/fondationcab.com\/fr#organization","name":"Fondation CAB","url":"https:\/\/fondationcab.com\/fr","logo":{"@type":"ImageObject","inLanguage":"fr-FR","@id":"https:\/\/fondationcab.com\/fr#\/schema\/logo\/image\/","url":"https:\/\/cab.storycoding.agency\/wp-content\/uploads\/2018\/03\/fondation_cab_logo.jpg","contentUrl":"https:\/\/cab.storycoding.agency\/wp-content\/uploads\/2018\/03\/fondation_cab_logo.jpg","width":250,"height":125,"caption":"Fondation CAB"},"image":{"@id":"https:\/\/fondationcab.com\/fr#\/schema\/logo\/image\/"},"sameAs":["https:\/\/www.facebook.com\/CABContemporaryArt\/","https:\/\/www.instagram.com\/fondation_cab\/","https:\/\/www.youtube.com\/channel\/UC4BG_XNA2Sn1VGimzwU60Aw"]},{"@type":"Person","@id":"https:\/\/fondationcab.com\/fr#\/schema\/person\/97e81405a09028aa359b90ec71ff6bd8","name":"eleonore"}]}},"_links":{"self":[{"href":"https:\/\/fondationcab.com\/fr\/wp-json\/wp\/v2\/posts\/14071","targetHints":{"allow":["GET"]}}],"collection":[{"href":"https:\/\/fondationcab.com\/fr\/wp-json\/wp\/v2\/posts"}],"about":[{"href":"https:\/\/fondationcab.com\/fr\/wp-json\/wp\/v2\/types\/post"}],"author":[{"embeddable":true,"href":"https:\/\/fondationcab.com\/fr\/wp-json\/wp\/v2\/users\/4"}],"replies":[{"embeddable":true,"href":"https:\/\/fondationcab.com\/fr\/wp-json\/wp\/v2\/comments?post=14071"}],"version-history":[{"count":1,"href":"https:\/\/fondationcab.com\/fr\/wp-json\/wp\/v2\/posts\/14071\/revisions"}],"predecessor-version":[{"id":14072,"href":"https:\/\/fondationcab.com\/fr\/wp-json\/wp\/v2\/posts\/14071\/revisions\/14072"}],"wp:featuredmedia":[{"embeddable":true,"href":"https:\/\/fondationcab.com\/fr\/wp-json\/wp\/v2\/media\/14052"}],"wp:attachment":[{"href":"https:\/\/fondationcab.com\/fr\/wp-json\/wp\/v2\/media?parent=14071"}],"wp:term":[{"taxonomy":"category","embeddable":true,"href":"https:\/\/fondationcab.com\/fr\/wp-json\/wp\/v2\/categories?post=14071"},{"taxonomy":"post_tag","embeddable":true,"href":"https:\/\/fondationcab.com\/fr\/wp-json\/wp\/v2\/tags?post=14071"}],"curies":[{"name":"wp","href":"https:\/\/api.w.org\/{rel}","templated":true}]}}