{"id":14478,"date":"2024-11-07T18:21:28","date_gmt":"2024-11-07T16:21:28","guid":{"rendered":"https:\/\/fondationcab.com\/?p=14478"},"modified":"2024-12-07T17:31:19","modified_gmt":"2024-12-07T15:31:19","slug":"artichoke-concert-dhiver","status":"publish","type":"post","link":"https:\/\/fondationcab.com\/fr\/artichoke-concert-dhiver","title":{"rendered":"Artichoke Concert d&rsquo;hiver"},"content":{"rendered":"<p>Le Trio Peltomaa Fraanje Perkola m\u00eale les sons de la voix humaine, du piano et de la viole de gambe avec celui de la harpe m\u00e9di\u00e9vale et diff\u00e9rents effets. Jouissant d\u2019une exp\u00e9rience \u00e0 la fois en musique ancienne, en jazz, en musique traditionnelle finlandaise et en musique contemporaine, le groupe s\u2019inspire de la musique m\u00e9di\u00e9vale pour d\u00e9velopper une sonorit\u00e9 personnelle et particuli\u00e8re. L\u2019ensemble se plonge dans les chants de Hildegard von Bingen (1098-1179), de P\u00e9rotin (1160-1230) et dans les chansons de p\u00e8lerins du XIVe si\u00e8cle. L\u2019\u00e9cho des monast\u00e8res, des cath\u00e9drales et des lieux de p\u00e8lerinage combin\u00e9 \u00e0 des improvisations sensibles et \u00e0 des compositions originales fait le lien entre les r\u00e9gions et les si\u00e8cles et invite l\u2019auditeur \u00e0 un voyage vers la paix et la tranquillit\u00e9. Le trio se passionne pour la perception du temps et la mani\u00e8re dont ces belles m\u00e9lodies et ces \u00e9crits m\u00e9di\u00e9vaux nous parlent aujourd\u2019hui. Pour la mani\u00e8re dont le \u00ab pr\u00e9sent \u00bb est repr\u00e9sent\u00e9 dans les manuscrits m\u00e9di\u00e9vaux \u2013 le moment de leur \u00e9criture \u2013 et celle dont \u00ab le pouvoir du pr\u00e9sent \u00bb fa\u00e7onne nos improvisations et nos compositions des centaines d\u2019ann\u00e9es plus tard.<\/p>\n<p>Un<span class=\"gmail-Apple-converted-space\">\u00a0<\/span><strong>verre d&rsquo;accueil<\/strong> est propos\u00e9 \u00e0 partir de <strong>19h30<\/strong> pour profiter de l&rsquo;exposition en cours \u00e0 la Fondation CAB.<\/p>\n<p>R\u00e9servation \u00e0 l&rsquo;adresse suivante : <a href=\"https:\/\/shop.utick.net\/?pos=CIEARTICHOKE&amp;module=ACTIVITYSERIEDETAILS&amp;s=0120CD52-9F4F-BB7E-B09E-91596136C3BD\">https:\/\/shop.utick.net\/?pos=CIEARTICHOKE&amp;module=ACTIVITYSERIEDETAILS&amp;s=0120CD52-9F4F-BB7E-B09E-91596136C3BD<\/a><\/p>\n","protected":false},"excerpt":{"rendered":"<p>Le Trio Peltomaa Fraanje Perkola m\u00eale les sons de la voix humaine, du piano et de la viole de gambe avec celui de la harpe m\u00e9di\u00e9vale et diff\u00e9rents effets. Jouissant d\u2019une exp\u00e9rience \u00e0 la fois en musique ancienne, en jazz, en musique traditionnelle finlandaise et en musique contemporaine, le groupe s\u2019inspire de la musique m\u00e9di\u00e9vale&nbsp; <a href=\"https:\/\/fondationcab.com\/fr\/artichoke-concert-dhiver\">&hellip; Read more <i class=\"glyphicon glyphicon-arrow-right\"><\/i><\/a><\/p>\n","protected":false},"author":4,"featured_media":14476,"comment_status":"closed","ping_status":"closed","sticky":false,"template":"","format":"standard","meta":{"_acf_changed":false,"footnotes":""},"categories":[9],"tags":[],"class_list":["post-14478","post","type-post","status-publish","format-standard","has-post-thumbnail","hentry","category-non-classifiee","cities-bruxelles"],"acf":[],"yoast_head":"<!-- This site is optimized with the Yoast SEO plugin v27.5 - https:\/\/yoast.com\/product\/yoast-seo-wordpress\/ -->\n<title>Artichoke Concert d&#039;hiver - FONDATION CAB<\/title>\n<meta name=\"description\" content=\"Originaire de Finlande, le Trio Peltomaa Fraanje Perkola offre un concert \u00e9th\u00e9r\u00e9 aux couleurs de l&#039;hiver \u00e0 quelques jours de No\u00ebl, dans l&#039;espace contemporain du CAB, \u00e0 Ixelles \u00e0 20h, et pr\u00e9c\u00e9d\u00e9 d&#039;un verre d&#039;accueil. Ne manquez pas ce dernier concert (en) poche de 2024!\" \/>\n<meta name=\"robots\" content=\"index, follow, max-snippet:-1, max-image-preview:large, max-video-preview:-1\" \/>\n<link rel=\"canonical\" href=\"https:\/\/fondationcab.com\/fr\/artichoke-concert-dhiver\" \/>\n<meta property=\"og:locale\" content=\"fr_FR\" \/>\n<meta property=\"og:type\" content=\"article\" \/>\n<meta property=\"og:title\" content=\"Artichoke Concert d&#039;hiver - FONDATION CAB\" \/>\n<meta property=\"og:description\" content=\"Originaire de Finlande, le Trio Peltomaa Fraanje Perkola offre un concert \u00e9th\u00e9r\u00e9 aux couleurs de l&#039;hiver \u00e0 quelques jours de No\u00ebl, dans l&#039;espace contemporain du CAB, \u00e0 Ixelles \u00e0 20h, et pr\u00e9c\u00e9d\u00e9 d&#039;un verre d&#039;accueil. Ne manquez pas ce dernier concert (en) poche de 2024!\" \/>\n<meta property=\"og:url\" content=\"https:\/\/fondationcab.com\/fr\/artichoke-concert-dhiver\" \/>\n<meta property=\"og:site_name\" content=\"FONDATION CAB\" \/>\n<meta property=\"article:publisher\" content=\"https:\/\/www.facebook.com\/CABContemporaryArt\/\" \/>\n<meta property=\"article:published_time\" content=\"2024-11-07T16:21:28+00:00\" \/>\n<meta property=\"article:modified_time\" content=\"2024-12-07T15:31:19+00:00\" \/>\n<meta property=\"og:image\" content=\"https:\/\/fondationcab.com\/wp-content\/uploads\/2024\/11\/ec2d9b_a5cca2df9e8d4626b7490793080cb599mv2.jpg\" \/>\n\t<meta property=\"og:image:width\" content=\"1655\" \/>\n\t<meta property=\"og:image:height\" content=\"1104\" \/>\n\t<meta property=\"og:image:type\" content=\"image\/jpeg\" \/>\n<meta name=\"author\" content=\"eleonore\" \/>\n<meta name=\"twitter:card\" content=\"summary_large_image\" \/>\n<meta name=\"twitter:label1\" content=\"\u00c9crit par\" \/>\n\t<meta name=\"twitter:data1\" content=\"eleonore\" \/>\n\t<meta name=\"twitter:label2\" content=\"Dur\u00e9e de lecture estim\u00e9e\" \/>\n\t<meta name=\"twitter:data2\" content=\"2 minutes\" \/>\n<script type=\"application\/ld+json\" class=\"yoast-schema-graph\">{\"@context\":\"https:\\\/\\\/schema.org\",\"@graph\":[{\"@type\":\"Article\",\"@id\":\"https:\\\/\\\/fondationcab.com\\\/fr\\\/artichoke-concert-dhiver#article\",\"isPartOf\":{\"@id\":\"https:\\\/\\\/fondationcab.com\\\/fr\\\/artichoke-concert-dhiver\"},\"author\":{\"name\":\"eleonore\",\"@id\":\"https:\\\/\\\/fondationcab.com\\\/fr#\\\/schema\\\/person\\\/97e81405a09028aa359b90ec71ff6bd8\"},\"headline\":\"Artichoke Concert d&rsquo;hiver\",\"datePublished\":\"2024-11-07T16:21:28+00:00\",\"dateModified\":\"2024-12-07T15:31:19+00:00\",\"mainEntityOfPage\":{\"@id\":\"https:\\\/\\\/fondationcab.com\\\/fr\\\/artichoke-concert-dhiver\"},\"wordCount\":263,\"publisher\":{\"@id\":\"https:\\\/\\\/fondationcab.com\\\/fr#organization\"},\"image\":{\"@id\":\"https:\\\/\\\/fondationcab.com\\\/fr\\\/artichoke-concert-dhiver#primaryimage\"},\"thumbnailUrl\":\"https:\\\/\\\/fondationcab.com\\\/wp-content\\\/uploads\\\/2024\\\/11\\\/ec2d9b_a5cca2df9e8d4626b7490793080cb599mv2.jpg\",\"articleSection\":[\"Non classifi\u00e9(e)\"],\"inLanguage\":\"fr-FR\"},{\"@type\":\"WebPage\",\"@id\":\"https:\\\/\\\/fondationcab.com\\\/fr\\\/artichoke-concert-dhiver\",\"url\":\"https:\\\/\\\/fondationcab.com\\\/fr\\\/artichoke-concert-dhiver\",\"name\":\"Artichoke Concert d'hiver - FONDATION CAB\",\"isPartOf\":{\"@id\":\"https:\\\/\\\/fondationcab.com\\\/fr#website\"},\"primaryImageOfPage\":{\"@id\":\"https:\\\/\\\/fondationcab.com\\\/fr\\\/artichoke-concert-dhiver#primaryimage\"},\"image\":{\"@id\":\"https:\\\/\\\/fondationcab.com\\\/fr\\\/artichoke-concert-dhiver#primaryimage\"},\"thumbnailUrl\":\"https:\\\/\\\/fondationcab.com\\\/wp-content\\\/uploads\\\/2024\\\/11\\\/ec2d9b_a5cca2df9e8d4626b7490793080cb599mv2.jpg\",\"datePublished\":\"2024-11-07T16:21:28+00:00\",\"dateModified\":\"2024-12-07T15:31:19+00:00\",\"description\":\"Originaire de Finlande, le Trio Peltomaa Fraanje Perkola offre un concert \u00e9th\u00e9r\u00e9 aux couleurs de l'hiver \u00e0 quelques jours de No\u00ebl, dans l'espace contemporain du CAB, \u00e0 Ixelles \u00e0 20h, et pr\u00e9c\u00e9d\u00e9 d'un verre d'accueil. Ne manquez pas ce dernier concert (en) poche de 2024!\",\"breadcrumb\":{\"@id\":\"https:\\\/\\\/fondationcab.com\\\/fr\\\/artichoke-concert-dhiver#breadcrumb\"},\"inLanguage\":\"fr-FR\",\"potentialAction\":[{\"@type\":\"ReadAction\",\"target\":[\"https:\\\/\\\/fondationcab.com\\\/fr\\\/artichoke-concert-dhiver\"]}]},{\"@type\":\"ImageObject\",\"inLanguage\":\"fr-FR\",\"@id\":\"https:\\\/\\\/fondationcab.com\\\/fr\\\/artichoke-concert-dhiver#primaryimage\",\"url\":\"https:\\\/\\\/fondationcab.com\\\/wp-content\\\/uploads\\\/2024\\\/11\\\/ec2d9b_a5cca2df9e8d4626b7490793080cb599mv2.jpg\",\"contentUrl\":\"https:\\\/\\\/fondationcab.com\\\/wp-content\\\/uploads\\\/2024\\\/11\\\/ec2d9b_a5cca2df9e8d4626b7490793080cb599mv2.jpg\",\"width\":1655,\"height\":1104},{\"@type\":\"BreadcrumbList\",\"@id\":\"https:\\\/\\\/fondationcab.com\\\/fr\\\/artichoke-concert-dhiver#breadcrumb\",\"itemListElement\":[{\"@type\":\"ListItem\",\"position\":1,\"name\":\"Home\",\"item\":\"https:\\\/\\\/fondationcab.com\\\/fr\"},{\"@type\":\"ListItem\",\"position\":2,\"name\":\"Artichoke Concert d&rsquo;hiver\"}]},{\"@type\":\"WebSite\",\"@id\":\"https:\\\/\\\/fondationcab.com\\\/fr#website\",\"url\":\"https:\\\/\\\/fondationcab.com\\\/fr\",\"name\":\"FONDATION CAB\",\"description\":\"ART CENTER BRUSSELS\",\"publisher\":{\"@id\":\"https:\\\/\\\/fondationcab.com\\\/fr#organization\"},\"potentialAction\":[{\"@type\":\"SearchAction\",\"target\":{\"@type\":\"EntryPoint\",\"urlTemplate\":\"https:\\\/\\\/fondationcab.com\\\/fr?s={search_term_string}\"},\"query-input\":{\"@type\":\"PropertyValueSpecification\",\"valueRequired\":true,\"valueName\":\"search_term_string\"}}],\"inLanguage\":\"fr-FR\"},{\"@type\":\"Organization\",\"@id\":\"https:\\\/\\\/fondationcab.com\\\/fr#organization\",\"name\":\"Fondation CAB\",\"url\":\"https:\\\/\\\/fondationcab.com\\\/fr\",\"logo\":{\"@type\":\"ImageObject\",\"inLanguage\":\"fr-FR\",\"@id\":\"https:\\\/\\\/fondationcab.com\\\/fr#\\\/schema\\\/logo\\\/image\\\/\",\"url\":\"https:\\\/\\\/cab.storycoding.agency\\\/wp-content\\\/uploads\\\/2018\\\/03\\\/fondation_cab_logo.jpg\",\"contentUrl\":\"https:\\\/\\\/cab.storycoding.agency\\\/wp-content\\\/uploads\\\/2018\\\/03\\\/fondation_cab_logo.jpg\",\"width\":250,\"height\":125,\"caption\":\"Fondation CAB\"},\"image\":{\"@id\":\"https:\\\/\\\/fondationcab.com\\\/fr#\\\/schema\\\/logo\\\/image\\\/\"},\"sameAs\":[\"https:\\\/\\\/www.facebook.com\\\/CABContemporaryArt\\\/\",\"https:\\\/\\\/www.instagram.com\\\/fondation_cab\\\/\",\"https:\\\/\\\/www.youtube.com\\\/channel\\\/UC4BG_XNA2Sn1VGimzwU60Aw\"]},{\"@type\":\"Person\",\"@id\":\"https:\\\/\\\/fondationcab.com\\\/fr#\\\/schema\\\/person\\\/97e81405a09028aa359b90ec71ff6bd8\",\"name\":\"eleonore\"}]}<\/script>\n<!-- \/ Yoast SEO plugin. -->","yoast_head_json":{"title":"Artichoke Concert d'hiver - FONDATION CAB","description":"Originaire de Finlande, le Trio Peltomaa Fraanje Perkola offre un concert \u00e9th\u00e9r\u00e9 aux couleurs de l'hiver \u00e0 quelques jours de No\u00ebl, dans l'espace contemporain du CAB, \u00e0 Ixelles \u00e0 20h, et pr\u00e9c\u00e9d\u00e9 d'un verre d'accueil. Ne manquez pas ce dernier concert (en) poche de 2024!","robots":{"index":"index","follow":"follow","max-snippet":"max-snippet:-1","max-image-preview":"max-image-preview:large","max-video-preview":"max-video-preview:-1"},"canonical":"https:\/\/fondationcab.com\/fr\/artichoke-concert-dhiver","og_locale":"fr_FR","og_type":"article","og_title":"Artichoke Concert d'hiver - FONDATION CAB","og_description":"Originaire de Finlande, le Trio Peltomaa Fraanje Perkola offre un concert \u00e9th\u00e9r\u00e9 aux couleurs de l'hiver \u00e0 quelques jours de No\u00ebl, dans l'espace contemporain du CAB, \u00e0 Ixelles \u00e0 20h, et pr\u00e9c\u00e9d\u00e9 d'un verre d'accueil. Ne manquez pas ce dernier concert (en) poche de 2024!","og_url":"https:\/\/fondationcab.com\/fr\/artichoke-concert-dhiver","og_site_name":"FONDATION CAB","article_publisher":"https:\/\/www.facebook.com\/CABContemporaryArt\/","article_published_time":"2024-11-07T16:21:28+00:00","article_modified_time":"2024-12-07T15:31:19+00:00","og_image":[{"width":1655,"height":1104,"url":"https:\/\/fondationcab.com\/wp-content\/uploads\/2024\/11\/ec2d9b_a5cca2df9e8d4626b7490793080cb599mv2.jpg","type":"image\/jpeg"}],"author":"eleonore","twitter_card":"summary_large_image","twitter_misc":{"\u00c9crit par":"eleonore","Dur\u00e9e de lecture estim\u00e9e":"2 minutes"},"schema":{"@context":"https:\/\/schema.org","@graph":[{"@type":"Article","@id":"https:\/\/fondationcab.com\/fr\/artichoke-concert-dhiver#article","isPartOf":{"@id":"https:\/\/fondationcab.com\/fr\/artichoke-concert-dhiver"},"author":{"name":"eleonore","@id":"https:\/\/fondationcab.com\/fr#\/schema\/person\/97e81405a09028aa359b90ec71ff6bd8"},"headline":"Artichoke Concert d&rsquo;hiver","datePublished":"2024-11-07T16:21:28+00:00","dateModified":"2024-12-07T15:31:19+00:00","mainEntityOfPage":{"@id":"https:\/\/fondationcab.com\/fr\/artichoke-concert-dhiver"},"wordCount":263,"publisher":{"@id":"https:\/\/fondationcab.com\/fr#organization"},"image":{"@id":"https:\/\/fondationcab.com\/fr\/artichoke-concert-dhiver#primaryimage"},"thumbnailUrl":"https:\/\/fondationcab.com\/wp-content\/uploads\/2024\/11\/ec2d9b_a5cca2df9e8d4626b7490793080cb599mv2.jpg","articleSection":["Non classifi\u00e9(e)"],"inLanguage":"fr-FR"},{"@type":"WebPage","@id":"https:\/\/fondationcab.com\/fr\/artichoke-concert-dhiver","url":"https:\/\/fondationcab.com\/fr\/artichoke-concert-dhiver","name":"Artichoke Concert d'hiver - FONDATION CAB","isPartOf":{"@id":"https:\/\/fondationcab.com\/fr#website"},"primaryImageOfPage":{"@id":"https:\/\/fondationcab.com\/fr\/artichoke-concert-dhiver#primaryimage"},"image":{"@id":"https:\/\/fondationcab.com\/fr\/artichoke-concert-dhiver#primaryimage"},"thumbnailUrl":"https:\/\/fondationcab.com\/wp-content\/uploads\/2024\/11\/ec2d9b_a5cca2df9e8d4626b7490793080cb599mv2.jpg","datePublished":"2024-11-07T16:21:28+00:00","dateModified":"2024-12-07T15:31:19+00:00","description":"Originaire de Finlande, le Trio Peltomaa Fraanje Perkola offre un concert \u00e9th\u00e9r\u00e9 aux couleurs de l'hiver \u00e0 quelques jours de No\u00ebl, dans l'espace contemporain du CAB, \u00e0 Ixelles \u00e0 20h, et pr\u00e9c\u00e9d\u00e9 d'un verre d'accueil. Ne manquez pas ce dernier concert (en) poche de 2024!","breadcrumb":{"@id":"https:\/\/fondationcab.com\/fr\/artichoke-concert-dhiver#breadcrumb"},"inLanguage":"fr-FR","potentialAction":[{"@type":"ReadAction","target":["https:\/\/fondationcab.com\/fr\/artichoke-concert-dhiver"]}]},{"@type":"ImageObject","inLanguage":"fr-FR","@id":"https:\/\/fondationcab.com\/fr\/artichoke-concert-dhiver#primaryimage","url":"https:\/\/fondationcab.com\/wp-content\/uploads\/2024\/11\/ec2d9b_a5cca2df9e8d4626b7490793080cb599mv2.jpg","contentUrl":"https:\/\/fondationcab.com\/wp-content\/uploads\/2024\/11\/ec2d9b_a5cca2df9e8d4626b7490793080cb599mv2.jpg","width":1655,"height":1104},{"@type":"BreadcrumbList","@id":"https:\/\/fondationcab.com\/fr\/artichoke-concert-dhiver#breadcrumb","itemListElement":[{"@type":"ListItem","position":1,"name":"Home","item":"https:\/\/fondationcab.com\/fr"},{"@type":"ListItem","position":2,"name":"Artichoke Concert d&rsquo;hiver"}]},{"@type":"WebSite","@id":"https:\/\/fondationcab.com\/fr#website","url":"https:\/\/fondationcab.com\/fr","name":"FONDATION CAB","description":"ART CENTER BRUSSELS","publisher":{"@id":"https:\/\/fondationcab.com\/fr#organization"},"potentialAction":[{"@type":"SearchAction","target":{"@type":"EntryPoint","urlTemplate":"https:\/\/fondationcab.com\/fr?s={search_term_string}"},"query-input":{"@type":"PropertyValueSpecification","valueRequired":true,"valueName":"search_term_string"}}],"inLanguage":"fr-FR"},{"@type":"Organization","@id":"https:\/\/fondationcab.com\/fr#organization","name":"Fondation CAB","url":"https:\/\/fondationcab.com\/fr","logo":{"@type":"ImageObject","inLanguage":"fr-FR","@id":"https:\/\/fondationcab.com\/fr#\/schema\/logo\/image\/","url":"https:\/\/cab.storycoding.agency\/wp-content\/uploads\/2018\/03\/fondation_cab_logo.jpg","contentUrl":"https:\/\/cab.storycoding.agency\/wp-content\/uploads\/2018\/03\/fondation_cab_logo.jpg","width":250,"height":125,"caption":"Fondation CAB"},"image":{"@id":"https:\/\/fondationcab.com\/fr#\/schema\/logo\/image\/"},"sameAs":["https:\/\/www.facebook.com\/CABContemporaryArt\/","https:\/\/www.instagram.com\/fondation_cab\/","https:\/\/www.youtube.com\/channel\/UC4BG_XNA2Sn1VGimzwU60Aw"]},{"@type":"Person","@id":"https:\/\/fondationcab.com\/fr#\/schema\/person\/97e81405a09028aa359b90ec71ff6bd8","name":"eleonore"}]}},"_links":{"self":[{"href":"https:\/\/fondationcab.com\/fr\/wp-json\/wp\/v2\/posts\/14478","targetHints":{"allow":["GET"]}}],"collection":[{"href":"https:\/\/fondationcab.com\/fr\/wp-json\/wp\/v2\/posts"}],"about":[{"href":"https:\/\/fondationcab.com\/fr\/wp-json\/wp\/v2\/types\/post"}],"author":[{"embeddable":true,"href":"https:\/\/fondationcab.com\/fr\/wp-json\/wp\/v2\/users\/4"}],"replies":[{"embeddable":true,"href":"https:\/\/fondationcab.com\/fr\/wp-json\/wp\/v2\/comments?post=14478"}],"version-history":[{"count":5,"href":"https:\/\/fondationcab.com\/fr\/wp-json\/wp\/v2\/posts\/14478\/revisions"}],"predecessor-version":[{"id":14623,"href":"https:\/\/fondationcab.com\/fr\/wp-json\/wp\/v2\/posts\/14478\/revisions\/14623"}],"wp:featuredmedia":[{"embeddable":true,"href":"https:\/\/fondationcab.com\/fr\/wp-json\/wp\/v2\/media\/14476"}],"wp:attachment":[{"href":"https:\/\/fondationcab.com\/fr\/wp-json\/wp\/v2\/media?parent=14478"}],"wp:term":[{"taxonomy":"category","embeddable":true,"href":"https:\/\/fondationcab.com\/fr\/wp-json\/wp\/v2\/categories?post=14478"},{"taxonomy":"post_tag","embeddable":true,"href":"https:\/\/fondationcab.com\/fr\/wp-json\/wp\/v2\/tags?post=14478"}],"curies":[{"name":"wp","href":"https:\/\/api.w.org\/{rel}","templated":true}]}}