{"id":14707,"date":"2025-01-16T14:14:35","date_gmt":"2025-01-16T12:14:35","guid":{"rendered":"https:\/\/fondationcab.com\/open-studio-nicolas-bourthoumieux"},"modified":"2025-02-11T15:36:35","modified_gmt":"2025-02-11T13:36:35","slug":"open-studio-nicolas-bourthoumieux","status":"publish","type":"post","link":"https:\/\/fondationcab.com\/fr\/open-studio-nicolas-bourthoumieux","title":{"rendered":"OPEN STUDIO NICOLAS BOURTHOUMIEUX"},"content":{"rendered":"","protected":false},"excerpt":{"rendered":"","protected":false},"author":4,"featured_media":14810,"comment_status":"closed","ping_status":"closed","sticky":false,"template":"","format":"standard","meta":{"_acf_changed":false,"footnotes":""},"categories":[9],"tags":[],"class_list":["post-14707","post","type-post","status-publish","format-standard","has-post-thumbnail","hentry","category-non-classifiee","cities-bruxelles"],"acf":[],"yoast_head":"<!-- This site is optimized with the Yoast SEO plugin v27.5 - https:\/\/yoast.com\/product\/yoast-seo-wordpress\/ -->\n<title>OPEN STUDIO NICOLAS BOURTHOUMIEUX - FONDATION CAB<\/title>\n<meta name=\"description\" content=\"Fondation CAB Brussels is delighted to present its 34th artist in residence, Nicolas Bourthoumieux (1985, Toulouse, France). Durant les trois mois de r\u00e9sidence que m\u2019offre la Fondation CAB, je compte utiliser le studio comme un espace ouvert dans lequel seront pr\u00e9sent\u00e9s au public certains de mes travaux ainsi que des \u0153uvres d\u2019artistes convi\u00e9s. L\u2019accrochage sera r\u00e9guli\u00e8rement modifi\u00e9. Plut\u00f4t qu\u2019un espace de production, le studio sera ici un lieu de recherche et de mise en relations. De mise \u00e0 disposition des regards. Au centre demeure la question du rapport qu\u2019entretient un objet avec l\u2019espace qui le contient, et le sens, autant que les sensations, les pressentiments, qui \u00e9mergent d\u2019une telle relation. Si la sculpture est ontologiquement li\u00e9e \u00e0 l\u2019espace, semblant parfois s\u2019abstraire du temps, nous tenterons ici plusieurs hypoth\u00e8ses r\u00e9unissant ces quatre dimensions.\" \/>\n<meta name=\"robots\" content=\"index, follow, max-snippet:-1, max-image-preview:large, max-video-preview:-1\" \/>\n<link rel=\"canonical\" href=\"https:\/\/fondationcab.com\/fr\/open-studio-nicolas-bourthoumieux\" \/>\n<meta property=\"og:locale\" content=\"fr_FR\" \/>\n<meta property=\"og:type\" content=\"article\" \/>\n<meta property=\"og:title\" content=\"OPEN STUDIO NICOLAS BOURTHOUMIEUX - FONDATION CAB\" \/>\n<meta property=\"og:description\" content=\"Fondation CAB Brussels is delighted to present its 34th artist in residence, Nicolas Bourthoumieux (1985, Toulouse, France). Durant les trois mois de r\u00e9sidence que m\u2019offre la Fondation CAB, je compte utiliser le studio comme un espace ouvert dans lequel seront pr\u00e9sent\u00e9s au public certains de mes travaux ainsi que des \u0153uvres d\u2019artistes convi\u00e9s. L\u2019accrochage sera r\u00e9guli\u00e8rement modifi\u00e9. Plut\u00f4t qu\u2019un espace de production, le studio sera ici un lieu de recherche et de mise en relations. De mise \u00e0 disposition des regards. Au centre demeure la question du rapport qu\u2019entretient un objet avec l\u2019espace qui le contient, et le sens, autant que les sensations, les pressentiments, qui \u00e9mergent d\u2019une telle relation. Si la sculpture est ontologiquement li\u00e9e \u00e0 l\u2019espace, semblant parfois s\u2019abstraire du temps, nous tenterons ici plusieurs hypoth\u00e8ses r\u00e9unissant ces quatre dimensions.\" \/>\n<meta property=\"og:url\" content=\"https:\/\/fondationcab.com\/fr\/open-studio-nicolas-bourthoumieux\" \/>\n<meta property=\"og:site_name\" content=\"FONDATION CAB\" \/>\n<meta property=\"article:publisher\" content=\"https:\/\/www.facebook.com\/CABContemporaryArt\/\" \/>\n<meta property=\"article:published_time\" content=\"2025-01-16T12:14:35+00:00\" \/>\n<meta property=\"article:modified_time\" content=\"2025-02-11T13:36:35+00:00\" \/>\n<meta property=\"og:image\" content=\"https:\/\/fondationcab.com\/wp-content\/uploads\/2025\/01\/Bouthoumieux-scaled.jpg\" \/>\n\t<meta property=\"og:image:width\" content=\"2560\" \/>\n\t<meta property=\"og:image:height\" content=\"1914\" \/>\n\t<meta property=\"og:image:type\" content=\"image\/jpeg\" \/>\n<meta name=\"author\" content=\"eleonore\" \/>\n<meta name=\"twitter:card\" content=\"summary_large_image\" \/>\n<meta name=\"twitter:label1\" content=\"\u00c9crit par\" \/>\n\t<meta name=\"twitter:data1\" content=\"eleonore\" \/>\n\t<meta name=\"twitter:label2\" content=\"Dur\u00e9e de lecture estim\u00e9e\" \/>\n\t<meta name=\"twitter:data2\" content=\"1 minute\" \/>\n<script type=\"application\/ld+json\" class=\"yoast-schema-graph\">{\"@context\":\"https:\\\/\\\/schema.org\",\"@graph\":[{\"@type\":\"Article\",\"@id\":\"https:\\\/\\\/fondationcab.com\\\/fr\\\/open-studio-nicolas-bourthoumieux#article\",\"isPartOf\":{\"@id\":\"https:\\\/\\\/fondationcab.com\\\/fr\\\/open-studio-nicolas-bourthoumieux\"},\"author\":{\"name\":\"eleonore\",\"@id\":\"https:\\\/\\\/fondationcab.com\\\/fr#\\\/schema\\\/person\\\/97e81405a09028aa359b90ec71ff6bd8\"},\"headline\":\"OPEN STUDIO NICOLAS BOURTHOUMIEUX\",\"datePublished\":\"2025-01-16T12:14:35+00:00\",\"dateModified\":\"2025-02-11T13:36:35+00:00\",\"mainEntityOfPage\":{\"@id\":\"https:\\\/\\\/fondationcab.com\\\/fr\\\/open-studio-nicolas-bourthoumieux\"},\"wordCount\":4,\"publisher\":{\"@id\":\"https:\\\/\\\/fondationcab.com\\\/fr#organization\"},\"image\":{\"@id\":\"https:\\\/\\\/fondationcab.com\\\/fr\\\/open-studio-nicolas-bourthoumieux#primaryimage\"},\"thumbnailUrl\":\"https:\\\/\\\/fondationcab.com\\\/wp-content\\\/uploads\\\/2025\\\/01\\\/6AAD1B32-979D-4622-9B74-6D472C8C8FDE.jpeg\",\"articleSection\":[\"Non classifi\u00e9(e)\"],\"inLanguage\":\"fr-FR\"},{\"@type\":\"WebPage\",\"@id\":\"https:\\\/\\\/fondationcab.com\\\/fr\\\/open-studio-nicolas-bourthoumieux\",\"url\":\"https:\\\/\\\/fondationcab.com\\\/fr\\\/open-studio-nicolas-bourthoumieux\",\"name\":\"OPEN STUDIO NICOLAS BOURTHOUMIEUX - FONDATION CAB\",\"isPartOf\":{\"@id\":\"https:\\\/\\\/fondationcab.com\\\/fr#website\"},\"primaryImageOfPage\":{\"@id\":\"https:\\\/\\\/fondationcab.com\\\/fr\\\/open-studio-nicolas-bourthoumieux#primaryimage\"},\"image\":{\"@id\":\"https:\\\/\\\/fondationcab.com\\\/fr\\\/open-studio-nicolas-bourthoumieux#primaryimage\"},\"thumbnailUrl\":\"https:\\\/\\\/fondationcab.com\\\/wp-content\\\/uploads\\\/2025\\\/01\\\/6AAD1B32-979D-4622-9B74-6D472C8C8FDE.jpeg\",\"datePublished\":\"2025-01-16T12:14:35+00:00\",\"dateModified\":\"2025-02-11T13:36:35+00:00\",\"description\":\"Fondation CAB Brussels is delighted to present its 34th artist in residence, Nicolas Bourthoumieux (1985, Toulouse, France). Durant les trois mois de r\u00e9sidence que m\u2019offre la Fondation CAB, je compte utiliser le studio comme un espace ouvert dans lequel seront pr\u00e9sent\u00e9s au public certains de mes travaux ainsi que des \u0153uvres d\u2019artistes convi\u00e9s. L\u2019accrochage sera r\u00e9guli\u00e8rement modifi\u00e9. Plut\u00f4t qu\u2019un espace de production, le studio sera ici un lieu de recherche et de mise en relations. De mise \u00e0 disposition des regards. Au centre demeure la question du rapport qu\u2019entretient un objet avec l\u2019espace qui le contient, et le sens, autant que les sensations, les pressentiments, qui \u00e9mergent d\u2019une telle relation. Si la sculpture est ontologiquement li\u00e9e \u00e0 l\u2019espace, semblant parfois s\u2019abstraire du temps, nous tenterons ici plusieurs hypoth\u00e8ses r\u00e9unissant ces quatre dimensions.\",\"breadcrumb\":{\"@id\":\"https:\\\/\\\/fondationcab.com\\\/fr\\\/open-studio-nicolas-bourthoumieux#breadcrumb\"},\"inLanguage\":\"fr-FR\",\"potentialAction\":[{\"@type\":\"ReadAction\",\"target\":[\"https:\\\/\\\/fondationcab.com\\\/fr\\\/open-studio-nicolas-bourthoumieux\"]}]},{\"@type\":\"ImageObject\",\"inLanguage\":\"fr-FR\",\"@id\":\"https:\\\/\\\/fondationcab.com\\\/fr\\\/open-studio-nicolas-bourthoumieux#primaryimage\",\"url\":\"https:\\\/\\\/fondationcab.com\\\/wp-content\\\/uploads\\\/2025\\\/01\\\/6AAD1B32-979D-4622-9B74-6D472C8C8FDE.jpeg\",\"contentUrl\":\"https:\\\/\\\/fondationcab.com\\\/wp-content\\\/uploads\\\/2025\\\/01\\\/6AAD1B32-979D-4622-9B74-6D472C8C8FDE.jpeg\",\"width\":1699,\"height\":1176},{\"@type\":\"BreadcrumbList\",\"@id\":\"https:\\\/\\\/fondationcab.com\\\/fr\\\/open-studio-nicolas-bourthoumieux#breadcrumb\",\"itemListElement\":[{\"@type\":\"ListItem\",\"position\":1,\"name\":\"Home\",\"item\":\"https:\\\/\\\/fondationcab.com\\\/fr\"},{\"@type\":\"ListItem\",\"position\":2,\"name\":\"OPEN STUDIO NICOLAS BOURTHOUMIEUX\"}]},{\"@type\":\"WebSite\",\"@id\":\"https:\\\/\\\/fondationcab.com\\\/fr#website\",\"url\":\"https:\\\/\\\/fondationcab.com\\\/fr\",\"name\":\"FONDATION CAB\",\"description\":\"ART CENTER BRUSSELS\",\"publisher\":{\"@id\":\"https:\\\/\\\/fondationcab.com\\\/fr#organization\"},\"potentialAction\":[{\"@type\":\"SearchAction\",\"target\":{\"@type\":\"EntryPoint\",\"urlTemplate\":\"https:\\\/\\\/fondationcab.com\\\/fr?s={search_term_string}\"},\"query-input\":{\"@type\":\"PropertyValueSpecification\",\"valueRequired\":true,\"valueName\":\"search_term_string\"}}],\"inLanguage\":\"fr-FR\"},{\"@type\":\"Organization\",\"@id\":\"https:\\\/\\\/fondationcab.com\\\/fr#organization\",\"name\":\"Fondation CAB\",\"url\":\"https:\\\/\\\/fondationcab.com\\\/fr\",\"logo\":{\"@type\":\"ImageObject\",\"inLanguage\":\"fr-FR\",\"@id\":\"https:\\\/\\\/fondationcab.com\\\/fr#\\\/schema\\\/logo\\\/image\\\/\",\"url\":\"https:\\\/\\\/cab.storycoding.agency\\\/wp-content\\\/uploads\\\/2018\\\/03\\\/fondation_cab_logo.jpg\",\"contentUrl\":\"https:\\\/\\\/cab.storycoding.agency\\\/wp-content\\\/uploads\\\/2018\\\/03\\\/fondation_cab_logo.jpg\",\"width\":250,\"height\":125,\"caption\":\"Fondation CAB\"},\"image\":{\"@id\":\"https:\\\/\\\/fondationcab.com\\\/fr#\\\/schema\\\/logo\\\/image\\\/\"},\"sameAs\":[\"https:\\\/\\\/www.facebook.com\\\/CABContemporaryArt\\\/\",\"https:\\\/\\\/www.instagram.com\\\/fondation_cab\\\/\",\"https:\\\/\\\/www.youtube.com\\\/channel\\\/UC4BG_XNA2Sn1VGimzwU60Aw\"]},{\"@type\":\"Person\",\"@id\":\"https:\\\/\\\/fondationcab.com\\\/fr#\\\/schema\\\/person\\\/97e81405a09028aa359b90ec71ff6bd8\",\"name\":\"eleonore\"}]}<\/script>\n<!-- \/ Yoast SEO plugin. -->","yoast_head_json":{"title":"OPEN STUDIO NICOLAS BOURTHOUMIEUX - FONDATION CAB","description":"Fondation CAB Brussels is delighted to present its 34th artist in residence, Nicolas Bourthoumieux (1985, Toulouse, France). Durant les trois mois de r\u00e9sidence que m\u2019offre la Fondation CAB, je compte utiliser le studio comme un espace ouvert dans lequel seront pr\u00e9sent\u00e9s au public certains de mes travaux ainsi que des \u0153uvres d\u2019artistes convi\u00e9s. L\u2019accrochage sera r\u00e9guli\u00e8rement modifi\u00e9. Plut\u00f4t qu\u2019un espace de production, le studio sera ici un lieu de recherche et de mise en relations. De mise \u00e0 disposition des regards. Au centre demeure la question du rapport qu\u2019entretient un objet avec l\u2019espace qui le contient, et le sens, autant que les sensations, les pressentiments, qui \u00e9mergent d\u2019une telle relation. Si la sculpture est ontologiquement li\u00e9e \u00e0 l\u2019espace, semblant parfois s\u2019abstraire du temps, nous tenterons ici plusieurs hypoth\u00e8ses r\u00e9unissant ces quatre dimensions.","robots":{"index":"index","follow":"follow","max-snippet":"max-snippet:-1","max-image-preview":"max-image-preview:large","max-video-preview":"max-video-preview:-1"},"canonical":"https:\/\/fondationcab.com\/fr\/open-studio-nicolas-bourthoumieux","og_locale":"fr_FR","og_type":"article","og_title":"OPEN STUDIO NICOLAS BOURTHOUMIEUX - FONDATION CAB","og_description":"Fondation CAB Brussels is delighted to present its 34th artist in residence, Nicolas Bourthoumieux (1985, Toulouse, France). Durant les trois mois de r\u00e9sidence que m\u2019offre la Fondation CAB, je compte utiliser le studio comme un espace ouvert dans lequel seront pr\u00e9sent\u00e9s au public certains de mes travaux ainsi que des \u0153uvres d\u2019artistes convi\u00e9s. L\u2019accrochage sera r\u00e9guli\u00e8rement modifi\u00e9. Plut\u00f4t qu\u2019un espace de production, le studio sera ici un lieu de recherche et de mise en relations. De mise \u00e0 disposition des regards. Au centre demeure la question du rapport qu\u2019entretient un objet avec l\u2019espace qui le contient, et le sens, autant que les sensations, les pressentiments, qui \u00e9mergent d\u2019une telle relation. Si la sculpture est ontologiquement li\u00e9e \u00e0 l\u2019espace, semblant parfois s\u2019abstraire du temps, nous tenterons ici plusieurs hypoth\u00e8ses r\u00e9unissant ces quatre dimensions.","og_url":"https:\/\/fondationcab.com\/fr\/open-studio-nicolas-bourthoumieux","og_site_name":"FONDATION CAB","article_publisher":"https:\/\/www.facebook.com\/CABContemporaryArt\/","article_published_time":"2025-01-16T12:14:35+00:00","article_modified_time":"2025-02-11T13:36:35+00:00","og_image":[{"width":2560,"height":1914,"url":"https:\/\/fondationcab.com\/wp-content\/uploads\/2025\/01\/Bouthoumieux-scaled.jpg","type":"image\/jpeg"}],"author":"eleonore","twitter_card":"summary_large_image","twitter_misc":{"\u00c9crit par":"eleonore","Dur\u00e9e de lecture estim\u00e9e":"1 minute"},"schema":{"@context":"https:\/\/schema.org","@graph":[{"@type":"Article","@id":"https:\/\/fondationcab.com\/fr\/open-studio-nicolas-bourthoumieux#article","isPartOf":{"@id":"https:\/\/fondationcab.com\/fr\/open-studio-nicolas-bourthoumieux"},"author":{"name":"eleonore","@id":"https:\/\/fondationcab.com\/fr#\/schema\/person\/97e81405a09028aa359b90ec71ff6bd8"},"headline":"OPEN STUDIO NICOLAS BOURTHOUMIEUX","datePublished":"2025-01-16T12:14:35+00:00","dateModified":"2025-02-11T13:36:35+00:00","mainEntityOfPage":{"@id":"https:\/\/fondationcab.com\/fr\/open-studio-nicolas-bourthoumieux"},"wordCount":4,"publisher":{"@id":"https:\/\/fondationcab.com\/fr#organization"},"image":{"@id":"https:\/\/fondationcab.com\/fr\/open-studio-nicolas-bourthoumieux#primaryimage"},"thumbnailUrl":"https:\/\/fondationcab.com\/wp-content\/uploads\/2025\/01\/6AAD1B32-979D-4622-9B74-6D472C8C8FDE.jpeg","articleSection":["Non classifi\u00e9(e)"],"inLanguage":"fr-FR"},{"@type":"WebPage","@id":"https:\/\/fondationcab.com\/fr\/open-studio-nicolas-bourthoumieux","url":"https:\/\/fondationcab.com\/fr\/open-studio-nicolas-bourthoumieux","name":"OPEN STUDIO NICOLAS BOURTHOUMIEUX - FONDATION CAB","isPartOf":{"@id":"https:\/\/fondationcab.com\/fr#website"},"primaryImageOfPage":{"@id":"https:\/\/fondationcab.com\/fr\/open-studio-nicolas-bourthoumieux#primaryimage"},"image":{"@id":"https:\/\/fondationcab.com\/fr\/open-studio-nicolas-bourthoumieux#primaryimage"},"thumbnailUrl":"https:\/\/fondationcab.com\/wp-content\/uploads\/2025\/01\/6AAD1B32-979D-4622-9B74-6D472C8C8FDE.jpeg","datePublished":"2025-01-16T12:14:35+00:00","dateModified":"2025-02-11T13:36:35+00:00","description":"Fondation CAB Brussels is delighted to present its 34th artist in residence, Nicolas Bourthoumieux (1985, Toulouse, France). Durant les trois mois de r\u00e9sidence que m\u2019offre la Fondation CAB, je compte utiliser le studio comme un espace ouvert dans lequel seront pr\u00e9sent\u00e9s au public certains de mes travaux ainsi que des \u0153uvres d\u2019artistes convi\u00e9s. L\u2019accrochage sera r\u00e9guli\u00e8rement modifi\u00e9. Plut\u00f4t qu\u2019un espace de production, le studio sera ici un lieu de recherche et de mise en relations. De mise \u00e0 disposition des regards. Au centre demeure la question du rapport qu\u2019entretient un objet avec l\u2019espace qui le contient, et le sens, autant que les sensations, les pressentiments, qui \u00e9mergent d\u2019une telle relation. Si la sculpture est ontologiquement li\u00e9e \u00e0 l\u2019espace, semblant parfois s\u2019abstraire du temps, nous tenterons ici plusieurs hypoth\u00e8ses r\u00e9unissant ces quatre dimensions.","breadcrumb":{"@id":"https:\/\/fondationcab.com\/fr\/open-studio-nicolas-bourthoumieux#breadcrumb"},"inLanguage":"fr-FR","potentialAction":[{"@type":"ReadAction","target":["https:\/\/fondationcab.com\/fr\/open-studio-nicolas-bourthoumieux"]}]},{"@type":"ImageObject","inLanguage":"fr-FR","@id":"https:\/\/fondationcab.com\/fr\/open-studio-nicolas-bourthoumieux#primaryimage","url":"https:\/\/fondationcab.com\/wp-content\/uploads\/2025\/01\/6AAD1B32-979D-4622-9B74-6D472C8C8FDE.jpeg","contentUrl":"https:\/\/fondationcab.com\/wp-content\/uploads\/2025\/01\/6AAD1B32-979D-4622-9B74-6D472C8C8FDE.jpeg","width":1699,"height":1176},{"@type":"BreadcrumbList","@id":"https:\/\/fondationcab.com\/fr\/open-studio-nicolas-bourthoumieux#breadcrumb","itemListElement":[{"@type":"ListItem","position":1,"name":"Home","item":"https:\/\/fondationcab.com\/fr"},{"@type":"ListItem","position":2,"name":"OPEN STUDIO NICOLAS BOURTHOUMIEUX"}]},{"@type":"WebSite","@id":"https:\/\/fondationcab.com\/fr#website","url":"https:\/\/fondationcab.com\/fr","name":"FONDATION CAB","description":"ART CENTER BRUSSELS","publisher":{"@id":"https:\/\/fondationcab.com\/fr#organization"},"potentialAction":[{"@type":"SearchAction","target":{"@type":"EntryPoint","urlTemplate":"https:\/\/fondationcab.com\/fr?s={search_term_string}"},"query-input":{"@type":"PropertyValueSpecification","valueRequired":true,"valueName":"search_term_string"}}],"inLanguage":"fr-FR"},{"@type":"Organization","@id":"https:\/\/fondationcab.com\/fr#organization","name":"Fondation CAB","url":"https:\/\/fondationcab.com\/fr","logo":{"@type":"ImageObject","inLanguage":"fr-FR","@id":"https:\/\/fondationcab.com\/fr#\/schema\/logo\/image\/","url":"https:\/\/cab.storycoding.agency\/wp-content\/uploads\/2018\/03\/fondation_cab_logo.jpg","contentUrl":"https:\/\/cab.storycoding.agency\/wp-content\/uploads\/2018\/03\/fondation_cab_logo.jpg","width":250,"height":125,"caption":"Fondation CAB"},"image":{"@id":"https:\/\/fondationcab.com\/fr#\/schema\/logo\/image\/"},"sameAs":["https:\/\/www.facebook.com\/CABContemporaryArt\/","https:\/\/www.instagram.com\/fondation_cab\/","https:\/\/www.youtube.com\/channel\/UC4BG_XNA2Sn1VGimzwU60Aw"]},{"@type":"Person","@id":"https:\/\/fondationcab.com\/fr#\/schema\/person\/97e81405a09028aa359b90ec71ff6bd8","name":"eleonore"}]}},"_links":{"self":[{"href":"https:\/\/fondationcab.com\/fr\/wp-json\/wp\/v2\/posts\/14707","targetHints":{"allow":["GET"]}}],"collection":[{"href":"https:\/\/fondationcab.com\/fr\/wp-json\/wp\/v2\/posts"}],"about":[{"href":"https:\/\/fondationcab.com\/fr\/wp-json\/wp\/v2\/types\/post"}],"author":[{"embeddable":true,"href":"https:\/\/fondationcab.com\/fr\/wp-json\/wp\/v2\/users\/4"}],"replies":[{"embeddable":true,"href":"https:\/\/fondationcab.com\/fr\/wp-json\/wp\/v2\/comments?post=14707"}],"version-history":[{"count":3,"href":"https:\/\/fondationcab.com\/fr\/wp-json\/wp\/v2\/posts\/14707\/revisions"}],"predecessor-version":[{"id":14805,"href":"https:\/\/fondationcab.com\/fr\/wp-json\/wp\/v2\/posts\/14707\/revisions\/14805"}],"wp:featuredmedia":[{"embeddable":true,"href":"https:\/\/fondationcab.com\/fr\/wp-json\/wp\/v2\/media\/14810"}],"wp:attachment":[{"href":"https:\/\/fondationcab.com\/fr\/wp-json\/wp\/v2\/media?parent=14707"}],"wp:term":[{"taxonomy":"category","embeddable":true,"href":"https:\/\/fondationcab.com\/fr\/wp-json\/wp\/v2\/categories?post=14707"},{"taxonomy":"post_tag","embeddable":true,"href":"https:\/\/fondationcab.com\/fr\/wp-json\/wp\/v2\/tags?post=14707"}],"curies":[{"name":"wp","href":"https:\/\/api.w.org\/{rel}","templated":true}]}}