{"id":16037,"date":"2025-10-22T13:47:57","date_gmt":"2025-10-22T11:47:57","guid":{"rendered":"https:\/\/fondationcab.com\/?p=16037"},"modified":"2025-10-22T14:43:36","modified_gmt":"2025-10-22T12:43:36","slug":"laureat-du-prix-fondation-cab-master-de-la-cambre","status":"publish","type":"post","link":"https:\/\/fondationcab.com\/fr\/laureat-du-prix-fondation-cab-master-de-la-cambre","title":{"rendered":"Laur\u00e9at du Prix Fondation CAB, master de La Cambre"},"content":{"rendered":"<p>\u00c0 travers un prisme urbain, Carlin Diaz cr\u00e9e un \u00e9cosyst\u00e8me imaginaire peupl\u00e9 de pr\u00e9sences actives, o\u00f9 chaque forme et chaque couleur deviennent le v\u00eatement d\u2019un sentiment. Dans cet univers, une danse permanente s\u2019installe entre le synth\u00e9tique et l\u2019organique, entre la volatilit\u00e9 et la gravit\u00e9. Une fois achev\u00e9e, l\u2019image d\u00e9voile une \u00ab nature \u00bb contemporaine en perp\u00e9tuelle transformation, avec ou sans nous.<\/p>\n","protected":false},"excerpt":{"rendered":"<p>\u00c0 travers un prisme urbain, Carlin Diaz cr\u00e9e un \u00e9cosyst\u00e8me imaginaire peupl\u00e9 de pr\u00e9sences actives, o\u00f9 chaque forme et chaque couleur deviennent le v\u00eatement d\u2019un sentiment. Dans cet univers, une danse permanente s\u2019installe entre le synth\u00e9tique et l\u2019organique, entre la volatilit\u00e9 et la gravit\u00e9. Une fois achev\u00e9e, l\u2019image d\u00e9voile une \u00ab nature \u00bb contemporaine en&nbsp; <a href=\"https:\/\/fondationcab.com\/fr\/laureat-du-prix-fondation-cab-master-de-la-cambre\">&hellip; Read more <i class=\"glyphicon glyphicon-arrow-right\"><\/i><\/a><\/p>\n","protected":false},"author":4,"featured_media":16033,"comment_status":"closed","ping_status":"closed","sticky":false,"template":"","format":"standard","meta":{"_acf_changed":false,"footnotes":""},"categories":[9],"tags":[],"class_list":["post-16037","post","type-post","status-publish","format-standard","has-post-thumbnail","hentry","category-non-classifiee","cities-bruxelles"],"acf":[],"yoast_head":"<!-- This site is optimized with the Yoast SEO plugin v27.5 - https:\/\/yoast.com\/product\/yoast-seo-wordpress\/ -->\n<title>Laur\u00e9at du Prix Fondation CAB, master de La Cambre - FONDATION CAB<\/title>\n<meta name=\"description\" content=\"Nous sommes ravis d\u2019annoncer que Carlin Diaz est le laur\u00e9at du Prix Fondation CAB, d\u00e9cern\u00e9 \u00e0 un\u00b7e dipl\u00f4m\u00e9\u00b7e de master de l\u2019\u00c9cole La Cambre.Dans le cadre de ce prix, l\u2019artiste est invit\u00e9\u00b7e \u00e0 une r\u00e9sidence de deux mois \u00e0 Bruxelles, accueillie dans l\u2019atelier de la Fondation CAB.\" \/>\n<meta name=\"robots\" content=\"index, follow, max-snippet:-1, max-image-preview:large, max-video-preview:-1\" \/>\n<link rel=\"canonical\" href=\"https:\/\/fondationcab.com\/fr\/laureat-du-prix-fondation-cab-master-de-la-cambre\" \/>\n<meta property=\"og:locale\" content=\"fr_FR\" \/>\n<meta property=\"og:type\" content=\"article\" \/>\n<meta property=\"og:title\" content=\"Laur\u00e9at du Prix Fondation CAB, master de La Cambre - FONDATION CAB\" \/>\n<meta property=\"og:description\" content=\"Nous sommes ravis d\u2019annoncer que Carlin Diaz est le laur\u00e9at du Prix Fondation CAB, d\u00e9cern\u00e9 \u00e0 un\u00b7e dipl\u00f4m\u00e9\u00b7e de master de l\u2019\u00c9cole La Cambre.Dans le cadre de ce prix, l\u2019artiste est invit\u00e9\u00b7e \u00e0 une r\u00e9sidence de deux mois \u00e0 Bruxelles, accueillie dans l\u2019atelier de la Fondation CAB.\" \/>\n<meta property=\"og:url\" content=\"https:\/\/fondationcab.com\/fr\/laureat-du-prix-fondation-cab-master-de-la-cambre\" \/>\n<meta property=\"og:site_name\" content=\"FONDATION CAB\" \/>\n<meta property=\"article:publisher\" content=\"https:\/\/www.facebook.com\/CABContemporaryArt\/\" \/>\n<meta property=\"article:published_time\" content=\"2025-10-22T11:47:57+00:00\" \/>\n<meta property=\"article:modified_time\" content=\"2025-10-22T12:43:36+00:00\" \/>\n<meta property=\"og:image\" content=\"https:\/\/fondationcab.com\/wp-content\/uploads\/2025\/10\/1A-portrait.jpg\" \/>\n\t<meta property=\"og:image:width\" content=\"1920\" \/>\n\t<meta property=\"og:image:height\" content=\"1566\" \/>\n\t<meta property=\"og:image:type\" content=\"image\/jpeg\" \/>\n<meta name=\"author\" content=\"eleonore\" \/>\n<meta name=\"twitter:card\" content=\"summary_large_image\" \/>\n<meta name=\"twitter:label1\" content=\"\u00c9crit par\" \/>\n\t<meta name=\"twitter:data1\" content=\"eleonore\" \/>\n\t<meta name=\"twitter:label2\" content=\"Dur\u00e9e de lecture estim\u00e9e\" \/>\n\t<meta name=\"twitter:data2\" content=\"1 minute\" \/>\n<script type=\"application\/ld+json\" class=\"yoast-schema-graph\">{\"@context\":\"https:\\\/\\\/schema.org\",\"@graph\":[{\"@type\":\"Article\",\"@id\":\"https:\\\/\\\/fondationcab.com\\\/fr\\\/laureat-du-prix-fondation-cab-master-de-la-cambre#article\",\"isPartOf\":{\"@id\":\"https:\\\/\\\/fondationcab.com\\\/fr\\\/laureat-du-prix-fondation-cab-master-de-la-cambre\"},\"author\":{\"name\":\"eleonore\",\"@id\":\"https:\\\/\\\/fondationcab.com\\\/fr#\\\/schema\\\/person\\\/97e81405a09028aa359b90ec71ff6bd8\"},\"headline\":\"Laur\u00e9at du Prix Fondation CAB, master de La Cambre\",\"datePublished\":\"2025-10-22T11:47:57+00:00\",\"dateModified\":\"2025-10-22T12:43:36+00:00\",\"mainEntityOfPage\":{\"@id\":\"https:\\\/\\\/fondationcab.com\\\/fr\\\/laureat-du-prix-fondation-cab-master-de-la-cambre\"},\"wordCount\":80,\"publisher\":{\"@id\":\"https:\\\/\\\/fondationcab.com\\\/fr#organization\"},\"image\":{\"@id\":\"https:\\\/\\\/fondationcab.com\\\/fr\\\/laureat-du-prix-fondation-cab-master-de-la-cambre#primaryimage\"},\"thumbnailUrl\":\"https:\\\/\\\/fondationcab.com\\\/wp-content\\\/uploads\\\/2025\\\/10\\\/1A-portrait.jpg\",\"articleSection\":[\"Non classifi\u00e9(e)\"],\"inLanguage\":\"fr-FR\"},{\"@type\":\"WebPage\",\"@id\":\"https:\\\/\\\/fondationcab.com\\\/fr\\\/laureat-du-prix-fondation-cab-master-de-la-cambre\",\"url\":\"https:\\\/\\\/fondationcab.com\\\/fr\\\/laureat-du-prix-fondation-cab-master-de-la-cambre\",\"name\":\"Laur\u00e9at du Prix Fondation CAB, master de La Cambre - FONDATION CAB\",\"isPartOf\":{\"@id\":\"https:\\\/\\\/fondationcab.com\\\/fr#website\"},\"primaryImageOfPage\":{\"@id\":\"https:\\\/\\\/fondationcab.com\\\/fr\\\/laureat-du-prix-fondation-cab-master-de-la-cambre#primaryimage\"},\"image\":{\"@id\":\"https:\\\/\\\/fondationcab.com\\\/fr\\\/laureat-du-prix-fondation-cab-master-de-la-cambre#primaryimage\"},\"thumbnailUrl\":\"https:\\\/\\\/fondationcab.com\\\/wp-content\\\/uploads\\\/2025\\\/10\\\/1A-portrait.jpg\",\"datePublished\":\"2025-10-22T11:47:57+00:00\",\"dateModified\":\"2025-10-22T12:43:36+00:00\",\"description\":\"Nous sommes ravis d\u2019annoncer que Carlin Diaz est le laur\u00e9at du Prix Fondation CAB, d\u00e9cern\u00e9 \u00e0 un\u00b7e dipl\u00f4m\u00e9\u00b7e de master de l\u2019\u00c9cole La Cambre.Dans le cadre de ce prix, l\u2019artiste est invit\u00e9\u00b7e \u00e0 une r\u00e9sidence de deux mois \u00e0 Bruxelles, accueillie dans l\u2019atelier de la Fondation CAB.\",\"breadcrumb\":{\"@id\":\"https:\\\/\\\/fondationcab.com\\\/fr\\\/laureat-du-prix-fondation-cab-master-de-la-cambre#breadcrumb\"},\"inLanguage\":\"fr-FR\",\"potentialAction\":[{\"@type\":\"ReadAction\",\"target\":[\"https:\\\/\\\/fondationcab.com\\\/fr\\\/laureat-du-prix-fondation-cab-master-de-la-cambre\"]}]},{\"@type\":\"ImageObject\",\"inLanguage\":\"fr-FR\",\"@id\":\"https:\\\/\\\/fondationcab.com\\\/fr\\\/laureat-du-prix-fondation-cab-master-de-la-cambre#primaryimage\",\"url\":\"https:\\\/\\\/fondationcab.com\\\/wp-content\\\/uploads\\\/2025\\\/10\\\/1A-portrait.jpg\",\"contentUrl\":\"https:\\\/\\\/fondationcab.com\\\/wp-content\\\/uploads\\\/2025\\\/10\\\/1A-portrait.jpg\",\"width\":1920,\"height\":1566},{\"@type\":\"BreadcrumbList\",\"@id\":\"https:\\\/\\\/fondationcab.com\\\/fr\\\/laureat-du-prix-fondation-cab-master-de-la-cambre#breadcrumb\",\"itemListElement\":[{\"@type\":\"ListItem\",\"position\":1,\"name\":\"Home\",\"item\":\"https:\\\/\\\/fondationcab.com\\\/fr\"},{\"@type\":\"ListItem\",\"position\":2,\"name\":\"Laur\u00e9at du Prix Fondation CAB, master de La Cambre\"}]},{\"@type\":\"WebSite\",\"@id\":\"https:\\\/\\\/fondationcab.com\\\/fr#website\",\"url\":\"https:\\\/\\\/fondationcab.com\\\/fr\",\"name\":\"FONDATION CAB\",\"description\":\"ART CENTER BRUSSELS\",\"publisher\":{\"@id\":\"https:\\\/\\\/fondationcab.com\\\/fr#organization\"},\"potentialAction\":[{\"@type\":\"SearchAction\",\"target\":{\"@type\":\"EntryPoint\",\"urlTemplate\":\"https:\\\/\\\/fondationcab.com\\\/fr?s={search_term_string}\"},\"query-input\":{\"@type\":\"PropertyValueSpecification\",\"valueRequired\":true,\"valueName\":\"search_term_string\"}}],\"inLanguage\":\"fr-FR\"},{\"@type\":\"Organization\",\"@id\":\"https:\\\/\\\/fondationcab.com\\\/fr#organization\",\"name\":\"Fondation CAB\",\"url\":\"https:\\\/\\\/fondationcab.com\\\/fr\",\"logo\":{\"@type\":\"ImageObject\",\"inLanguage\":\"fr-FR\",\"@id\":\"https:\\\/\\\/fondationcab.com\\\/fr#\\\/schema\\\/logo\\\/image\\\/\",\"url\":\"https:\\\/\\\/cab.storycoding.agency\\\/wp-content\\\/uploads\\\/2018\\\/03\\\/fondation_cab_logo.jpg\",\"contentUrl\":\"https:\\\/\\\/cab.storycoding.agency\\\/wp-content\\\/uploads\\\/2018\\\/03\\\/fondation_cab_logo.jpg\",\"width\":250,\"height\":125,\"caption\":\"Fondation CAB\"},\"image\":{\"@id\":\"https:\\\/\\\/fondationcab.com\\\/fr#\\\/schema\\\/logo\\\/image\\\/\"},\"sameAs\":[\"https:\\\/\\\/www.facebook.com\\\/CABContemporaryArt\\\/\",\"https:\\\/\\\/www.instagram.com\\\/fondation_cab\\\/\",\"https:\\\/\\\/www.youtube.com\\\/channel\\\/UC4BG_XNA2Sn1VGimzwU60Aw\"]},{\"@type\":\"Person\",\"@id\":\"https:\\\/\\\/fondationcab.com\\\/fr#\\\/schema\\\/person\\\/97e81405a09028aa359b90ec71ff6bd8\",\"name\":\"eleonore\"}]}<\/script>\n<!-- \/ Yoast SEO plugin. -->","yoast_head_json":{"title":"Laur\u00e9at du Prix Fondation CAB, master de La Cambre - FONDATION CAB","description":"Nous sommes ravis d\u2019annoncer que Carlin Diaz est le laur\u00e9at du Prix Fondation CAB, d\u00e9cern\u00e9 \u00e0 un\u00b7e dipl\u00f4m\u00e9\u00b7e de master de l\u2019\u00c9cole La Cambre.Dans le cadre de ce prix, l\u2019artiste est invit\u00e9\u00b7e \u00e0 une r\u00e9sidence de deux mois \u00e0 Bruxelles, accueillie dans l\u2019atelier de la Fondation CAB.","robots":{"index":"index","follow":"follow","max-snippet":"max-snippet:-1","max-image-preview":"max-image-preview:large","max-video-preview":"max-video-preview:-1"},"canonical":"https:\/\/fondationcab.com\/fr\/laureat-du-prix-fondation-cab-master-de-la-cambre","og_locale":"fr_FR","og_type":"article","og_title":"Laur\u00e9at du Prix Fondation CAB, master de La Cambre - FONDATION CAB","og_description":"Nous sommes ravis d\u2019annoncer que Carlin Diaz est le laur\u00e9at du Prix Fondation CAB, d\u00e9cern\u00e9 \u00e0 un\u00b7e dipl\u00f4m\u00e9\u00b7e de master de l\u2019\u00c9cole La Cambre.Dans le cadre de ce prix, l\u2019artiste est invit\u00e9\u00b7e \u00e0 une r\u00e9sidence de deux mois \u00e0 Bruxelles, accueillie dans l\u2019atelier de la Fondation CAB.","og_url":"https:\/\/fondationcab.com\/fr\/laureat-du-prix-fondation-cab-master-de-la-cambre","og_site_name":"FONDATION CAB","article_publisher":"https:\/\/www.facebook.com\/CABContemporaryArt\/","article_published_time":"2025-10-22T11:47:57+00:00","article_modified_time":"2025-10-22T12:43:36+00:00","og_image":[{"width":1920,"height":1566,"url":"https:\/\/fondationcab.com\/wp-content\/uploads\/2025\/10\/1A-portrait.jpg","type":"image\/jpeg"}],"author":"eleonore","twitter_card":"summary_large_image","twitter_misc":{"\u00c9crit par":"eleonore","Dur\u00e9e de lecture estim\u00e9e":"1 minute"},"schema":{"@context":"https:\/\/schema.org","@graph":[{"@type":"Article","@id":"https:\/\/fondationcab.com\/fr\/laureat-du-prix-fondation-cab-master-de-la-cambre#article","isPartOf":{"@id":"https:\/\/fondationcab.com\/fr\/laureat-du-prix-fondation-cab-master-de-la-cambre"},"author":{"name":"eleonore","@id":"https:\/\/fondationcab.com\/fr#\/schema\/person\/97e81405a09028aa359b90ec71ff6bd8"},"headline":"Laur\u00e9at du Prix Fondation CAB, master de La Cambre","datePublished":"2025-10-22T11:47:57+00:00","dateModified":"2025-10-22T12:43:36+00:00","mainEntityOfPage":{"@id":"https:\/\/fondationcab.com\/fr\/laureat-du-prix-fondation-cab-master-de-la-cambre"},"wordCount":80,"publisher":{"@id":"https:\/\/fondationcab.com\/fr#organization"},"image":{"@id":"https:\/\/fondationcab.com\/fr\/laureat-du-prix-fondation-cab-master-de-la-cambre#primaryimage"},"thumbnailUrl":"https:\/\/fondationcab.com\/wp-content\/uploads\/2025\/10\/1A-portrait.jpg","articleSection":["Non classifi\u00e9(e)"],"inLanguage":"fr-FR"},{"@type":"WebPage","@id":"https:\/\/fondationcab.com\/fr\/laureat-du-prix-fondation-cab-master-de-la-cambre","url":"https:\/\/fondationcab.com\/fr\/laureat-du-prix-fondation-cab-master-de-la-cambre","name":"Laur\u00e9at du Prix Fondation CAB, master de La Cambre - FONDATION CAB","isPartOf":{"@id":"https:\/\/fondationcab.com\/fr#website"},"primaryImageOfPage":{"@id":"https:\/\/fondationcab.com\/fr\/laureat-du-prix-fondation-cab-master-de-la-cambre#primaryimage"},"image":{"@id":"https:\/\/fondationcab.com\/fr\/laureat-du-prix-fondation-cab-master-de-la-cambre#primaryimage"},"thumbnailUrl":"https:\/\/fondationcab.com\/wp-content\/uploads\/2025\/10\/1A-portrait.jpg","datePublished":"2025-10-22T11:47:57+00:00","dateModified":"2025-10-22T12:43:36+00:00","description":"Nous sommes ravis d\u2019annoncer que Carlin Diaz est le laur\u00e9at du Prix Fondation CAB, d\u00e9cern\u00e9 \u00e0 un\u00b7e dipl\u00f4m\u00e9\u00b7e de master de l\u2019\u00c9cole La Cambre.Dans le cadre de ce prix, l\u2019artiste est invit\u00e9\u00b7e \u00e0 une r\u00e9sidence de deux mois \u00e0 Bruxelles, accueillie dans l\u2019atelier de la Fondation CAB.","breadcrumb":{"@id":"https:\/\/fondationcab.com\/fr\/laureat-du-prix-fondation-cab-master-de-la-cambre#breadcrumb"},"inLanguage":"fr-FR","potentialAction":[{"@type":"ReadAction","target":["https:\/\/fondationcab.com\/fr\/laureat-du-prix-fondation-cab-master-de-la-cambre"]}]},{"@type":"ImageObject","inLanguage":"fr-FR","@id":"https:\/\/fondationcab.com\/fr\/laureat-du-prix-fondation-cab-master-de-la-cambre#primaryimage","url":"https:\/\/fondationcab.com\/wp-content\/uploads\/2025\/10\/1A-portrait.jpg","contentUrl":"https:\/\/fondationcab.com\/wp-content\/uploads\/2025\/10\/1A-portrait.jpg","width":1920,"height":1566},{"@type":"BreadcrumbList","@id":"https:\/\/fondationcab.com\/fr\/laureat-du-prix-fondation-cab-master-de-la-cambre#breadcrumb","itemListElement":[{"@type":"ListItem","position":1,"name":"Home","item":"https:\/\/fondationcab.com\/fr"},{"@type":"ListItem","position":2,"name":"Laur\u00e9at du Prix Fondation CAB, master de La Cambre"}]},{"@type":"WebSite","@id":"https:\/\/fondationcab.com\/fr#website","url":"https:\/\/fondationcab.com\/fr","name":"FONDATION CAB","description":"ART CENTER BRUSSELS","publisher":{"@id":"https:\/\/fondationcab.com\/fr#organization"},"potentialAction":[{"@type":"SearchAction","target":{"@type":"EntryPoint","urlTemplate":"https:\/\/fondationcab.com\/fr?s={search_term_string}"},"query-input":{"@type":"PropertyValueSpecification","valueRequired":true,"valueName":"search_term_string"}}],"inLanguage":"fr-FR"},{"@type":"Organization","@id":"https:\/\/fondationcab.com\/fr#organization","name":"Fondation CAB","url":"https:\/\/fondationcab.com\/fr","logo":{"@type":"ImageObject","inLanguage":"fr-FR","@id":"https:\/\/fondationcab.com\/fr#\/schema\/logo\/image\/","url":"https:\/\/cab.storycoding.agency\/wp-content\/uploads\/2018\/03\/fondation_cab_logo.jpg","contentUrl":"https:\/\/cab.storycoding.agency\/wp-content\/uploads\/2018\/03\/fondation_cab_logo.jpg","width":250,"height":125,"caption":"Fondation CAB"},"image":{"@id":"https:\/\/fondationcab.com\/fr#\/schema\/logo\/image\/"},"sameAs":["https:\/\/www.facebook.com\/CABContemporaryArt\/","https:\/\/www.instagram.com\/fondation_cab\/","https:\/\/www.youtube.com\/channel\/UC4BG_XNA2Sn1VGimzwU60Aw"]},{"@type":"Person","@id":"https:\/\/fondationcab.com\/fr#\/schema\/person\/97e81405a09028aa359b90ec71ff6bd8","name":"eleonore"}]}},"_links":{"self":[{"href":"https:\/\/fondationcab.com\/fr\/wp-json\/wp\/v2\/posts\/16037","targetHints":{"allow":["GET"]}}],"collection":[{"href":"https:\/\/fondationcab.com\/fr\/wp-json\/wp\/v2\/posts"}],"about":[{"href":"https:\/\/fondationcab.com\/fr\/wp-json\/wp\/v2\/types\/post"}],"author":[{"embeddable":true,"href":"https:\/\/fondationcab.com\/fr\/wp-json\/wp\/v2\/users\/4"}],"replies":[{"embeddable":true,"href":"https:\/\/fondationcab.com\/fr\/wp-json\/wp\/v2\/comments?post=16037"}],"version-history":[{"count":1,"href":"https:\/\/fondationcab.com\/fr\/wp-json\/wp\/v2\/posts\/16037\/revisions"}],"predecessor-version":[{"id":16038,"href":"https:\/\/fondationcab.com\/fr\/wp-json\/wp\/v2\/posts\/16037\/revisions\/16038"}],"wp:featuredmedia":[{"embeddable":true,"href":"https:\/\/fondationcab.com\/fr\/wp-json\/wp\/v2\/media\/16033"}],"wp:attachment":[{"href":"https:\/\/fondationcab.com\/fr\/wp-json\/wp\/v2\/media?parent=16037"}],"wp:term":[{"taxonomy":"category","embeddable":true,"href":"https:\/\/fondationcab.com\/fr\/wp-json\/wp\/v2\/categories?post=16037"},{"taxonomy":"post_tag","embeddable":true,"href":"https:\/\/fondationcab.com\/fr\/wp-json\/wp\/v2\/tags?post=16037"}],"curies":[{"name":"wp","href":"https:\/\/api.w.org\/{rel}","templated":true}]}}