{"id":16384,"date":"2026-02-12T16:12:39","date_gmt":"2026-02-12T14:12:39","guid":{"rendered":"https:\/\/fondationcab.com\/open-studio-diogo-pimentao"},"modified":"2026-02-12T16:20:14","modified_gmt":"2026-02-12T14:20:14","slug":"open-studio-diogo-pimentao","status":"publish","type":"post","link":"https:\/\/fondationcab.com\/fr\/open-studio-diogo-pimentao","title":{"rendered":"OPEN STUDIO DIOGO PIMENT\u00c3O"},"content":{"rendered":"<p style=\"text-align: left;\"><strong>La Fondation CAB Bruxelles est heureuse de pr\u00e9senter son 39e artiste en r\u00e9sidence, Diogo Piment\u00e3o (n\u00e9 en 1973 \u00e0 Lisbonne, Portugal).<br \/>\n<\/strong>Reconnu pour ses \u0153uvres exp\u00e9rimentales sur papier, Diogo Piment\u00e3o repousse les fronti\u00e8res traditionnelles du dessin. Il travaille principalement avec le papier et le graphite, parfois combin\u00e9s \u00e0 la vid\u00e9o et \u00e0 la performance, refl\u00e9tant ainsi les valeurs esth\u00e9tiques du post-minimalisme. Ses \u0153uvres se distinguent par une fusion inventive du m\u00e9dium et de la forme. Plut\u00f4t que de repr\u00e9senter des concepts ext\u00e9rieurs, elles invitent le spectateur \u00e0 s&rsquo;interroger sur la mat\u00e9rialit\u00e9 de leurs composantes.<strong><br \/>\nNous serons ravis de vous accueillir \u00e0 l&rsquo;Atelier Portes Ouvertes le samedi 7 mars, de 12h \u00e0 18h, \u00e0 la Fondation CAB Bruxelles, pour rencontrer l&rsquo;artiste et d\u00e9couvrir le fruit de sa r\u00e9sidence de trois mois.<\/strong><\/p>\n","protected":false},"excerpt":{"rendered":"<p>La Fondation CAB Bruxelles est heureuse de pr\u00e9senter son 39e artiste en r\u00e9sidence, Diogo Piment\u00e3o (n\u00e9 en 1973 \u00e0 Lisbonne, Portugal). Reconnu pour ses \u0153uvres exp\u00e9rimentales sur papier, Diogo Piment\u00e3o repousse les fronti\u00e8res traditionnelles du dessin. Il travaille principalement avec le papier et le graphite, parfois combin\u00e9s \u00e0 la vid\u00e9o et \u00e0 la performance, refl\u00e9tant&nbsp; <a href=\"https:\/\/fondationcab.com\/fr\/open-studio-diogo-pimentao\">&hellip; Read more <i class=\"glyphicon glyphicon-arrow-right\"><\/i><\/a><\/p>\n","protected":false},"author":4,"featured_media":16492,"comment_status":"closed","ping_status":"closed","sticky":false,"template":"","format":"standard","meta":{"_acf_changed":false,"footnotes":""},"categories":[9],"tags":[],"class_list":["post-16384","post","type-post","status-publish","format-standard","has-post-thumbnail","hentry","category-non-classifiee","cities-bruxelles"],"acf":[],"yoast_head":"<!-- This site is optimized with the Yoast SEO plugin v27.5 - https:\/\/yoast.com\/product\/yoast-seo-wordpress\/ -->\n<title>OPEN STUDIO DIOGO PIMENT\u00c3O - FONDATION CAB<\/title>\n<meta name=\"robots\" content=\"index, follow, max-snippet:-1, max-image-preview:large, max-video-preview:-1\" \/>\n<link rel=\"canonical\" href=\"https:\/\/fondationcab.com\/fr\/open-studio-diogo-pimentao\" \/>\n<meta property=\"og:locale\" content=\"fr_FR\" \/>\n<meta property=\"og:type\" content=\"article\" \/>\n<meta property=\"og:title\" content=\"OPEN STUDIO DIOGO PIMENT\u00c3O - FONDATION CAB\" \/>\n<meta property=\"og:url\" content=\"https:\/\/fondationcab.com\/fr\/open-studio-diogo-pimentao\" \/>\n<meta property=\"og:site_name\" content=\"FONDATION CAB\" \/>\n<meta property=\"article:publisher\" content=\"https:\/\/www.facebook.com\/CABContemporaryArt\/\" \/>\n<meta property=\"article:published_time\" content=\"2026-02-12T14:12:39+00:00\" \/>\n<meta property=\"article:modified_time\" content=\"2026-02-12T14:20:14+00:00\" \/>\n<meta property=\"og:image\" content=\"https:\/\/fondationcab.com\/wp-content\/uploads\/2026\/01\/2015-Until-Then-Gallery-vue-15-scaled.jpeg\" \/>\n\t<meta property=\"og:image:width\" content=\"2560\" \/>\n\t<meta property=\"og:image:height\" content=\"1709\" \/>\n\t<meta property=\"og:image:type\" content=\"image\/jpeg\" \/>\n<meta name=\"author\" content=\"eleonore\" \/>\n<meta name=\"twitter:card\" content=\"summary_large_image\" \/>\n<meta name=\"twitter:label1\" content=\"\u00c9crit par\" \/>\n\t<meta name=\"twitter:data1\" content=\"eleonore\" \/>\n\t<meta name=\"twitter:label2\" content=\"Dur\u00e9e de lecture estim\u00e9e\" \/>\n\t<meta name=\"twitter:data2\" content=\"1 minute\" \/>\n<script type=\"application\/ld+json\" class=\"yoast-schema-graph\">{\"@context\":\"https:\\\/\\\/schema.org\",\"@graph\":[{\"@type\":\"Article\",\"@id\":\"https:\\\/\\\/fondationcab.com\\\/fr\\\/open-studio-diogo-pimentao#article\",\"isPartOf\":{\"@id\":\"https:\\\/\\\/fondationcab.com\\\/fr\\\/open-studio-diogo-pimentao\"},\"author\":{\"name\":\"eleonore\",\"@id\":\"https:\\\/\\\/fondationcab.com\\\/fr#\\\/schema\\\/person\\\/97e81405a09028aa359b90ec71ff6bd8\"},\"headline\":\"OPEN STUDIO DIOGO PIMENT\u00c3O\",\"datePublished\":\"2026-02-12T14:12:39+00:00\",\"dateModified\":\"2026-02-12T14:20:14+00:00\",\"mainEntityOfPage\":{\"@id\":\"https:\\\/\\\/fondationcab.com\\\/fr\\\/open-studio-diogo-pimentao\"},\"wordCount\":146,\"publisher\":{\"@id\":\"https:\\\/\\\/fondationcab.com\\\/fr#organization\"},\"image\":{\"@id\":\"https:\\\/\\\/fondationcab.com\\\/fr\\\/open-studio-diogo-pimentao#primaryimage\"},\"thumbnailUrl\":\"https:\\\/\\\/fondationcab.com\\\/wp-content\\\/uploads\\\/2026\\\/02\\\/Collinear-Breath.jpg\",\"articleSection\":[\"Non classifi\u00e9(e)\"],\"inLanguage\":\"fr-FR\"},{\"@type\":\"WebPage\",\"@id\":\"https:\\\/\\\/fondationcab.com\\\/fr\\\/open-studio-diogo-pimentao\",\"url\":\"https:\\\/\\\/fondationcab.com\\\/fr\\\/open-studio-diogo-pimentao\",\"name\":\"OPEN STUDIO DIOGO PIMENT\u00c3O - FONDATION CAB\",\"isPartOf\":{\"@id\":\"https:\\\/\\\/fondationcab.com\\\/fr#website\"},\"primaryImageOfPage\":{\"@id\":\"https:\\\/\\\/fondationcab.com\\\/fr\\\/open-studio-diogo-pimentao#primaryimage\"},\"image\":{\"@id\":\"https:\\\/\\\/fondationcab.com\\\/fr\\\/open-studio-diogo-pimentao#primaryimage\"},\"thumbnailUrl\":\"https:\\\/\\\/fondationcab.com\\\/wp-content\\\/uploads\\\/2026\\\/02\\\/Collinear-Breath.jpg\",\"datePublished\":\"2026-02-12T14:12:39+00:00\",\"dateModified\":\"2026-02-12T14:20:14+00:00\",\"breadcrumb\":{\"@id\":\"https:\\\/\\\/fondationcab.com\\\/fr\\\/open-studio-diogo-pimentao#breadcrumb\"},\"inLanguage\":\"fr-FR\",\"potentialAction\":[{\"@type\":\"ReadAction\",\"target\":[\"https:\\\/\\\/fondationcab.com\\\/fr\\\/open-studio-diogo-pimentao\"]}]},{\"@type\":\"ImageObject\",\"inLanguage\":\"fr-FR\",\"@id\":\"https:\\\/\\\/fondationcab.com\\\/fr\\\/open-studio-diogo-pimentao#primaryimage\",\"url\":\"https:\\\/\\\/fondationcab.com\\\/wp-content\\\/uploads\\\/2026\\\/02\\\/Collinear-Breath.jpg\",\"contentUrl\":\"https:\\\/\\\/fondationcab.com\\\/wp-content\\\/uploads\\\/2026\\\/02\\\/Collinear-Breath.jpg\",\"width\":1476,\"height\":984},{\"@type\":\"BreadcrumbList\",\"@id\":\"https:\\\/\\\/fondationcab.com\\\/fr\\\/open-studio-diogo-pimentao#breadcrumb\",\"itemListElement\":[{\"@type\":\"ListItem\",\"position\":1,\"name\":\"Home\",\"item\":\"https:\\\/\\\/fondationcab.com\\\/fr\"},{\"@type\":\"ListItem\",\"position\":2,\"name\":\"OPEN STUDIO DIOGO PIMENT\u00c3O\"}]},{\"@type\":\"WebSite\",\"@id\":\"https:\\\/\\\/fondationcab.com\\\/fr#website\",\"url\":\"https:\\\/\\\/fondationcab.com\\\/fr\",\"name\":\"FONDATION CAB\",\"description\":\"ART CENTER BRUSSELS\",\"publisher\":{\"@id\":\"https:\\\/\\\/fondationcab.com\\\/fr#organization\"},\"potentialAction\":[{\"@type\":\"SearchAction\",\"target\":{\"@type\":\"EntryPoint\",\"urlTemplate\":\"https:\\\/\\\/fondationcab.com\\\/fr?s={search_term_string}\"},\"query-input\":{\"@type\":\"PropertyValueSpecification\",\"valueRequired\":true,\"valueName\":\"search_term_string\"}}],\"inLanguage\":\"fr-FR\"},{\"@type\":\"Organization\",\"@id\":\"https:\\\/\\\/fondationcab.com\\\/fr#organization\",\"name\":\"Fondation CAB\",\"url\":\"https:\\\/\\\/fondationcab.com\\\/fr\",\"logo\":{\"@type\":\"ImageObject\",\"inLanguage\":\"fr-FR\",\"@id\":\"https:\\\/\\\/fondationcab.com\\\/fr#\\\/schema\\\/logo\\\/image\\\/\",\"url\":\"https:\\\/\\\/cab.storycoding.agency\\\/wp-content\\\/uploads\\\/2018\\\/03\\\/fondation_cab_logo.jpg\",\"contentUrl\":\"https:\\\/\\\/cab.storycoding.agency\\\/wp-content\\\/uploads\\\/2018\\\/03\\\/fondation_cab_logo.jpg\",\"width\":250,\"height\":125,\"caption\":\"Fondation CAB\"},\"image\":{\"@id\":\"https:\\\/\\\/fondationcab.com\\\/fr#\\\/schema\\\/logo\\\/image\\\/\"},\"sameAs\":[\"https:\\\/\\\/www.facebook.com\\\/CABContemporaryArt\\\/\",\"https:\\\/\\\/www.instagram.com\\\/fondation_cab\\\/\",\"https:\\\/\\\/www.youtube.com\\\/channel\\\/UC4BG_XNA2Sn1VGimzwU60Aw\"]},{\"@type\":\"Person\",\"@id\":\"https:\\\/\\\/fondationcab.com\\\/fr#\\\/schema\\\/person\\\/97e81405a09028aa359b90ec71ff6bd8\",\"name\":\"eleonore\"}]}<\/script>\n<!-- \/ Yoast SEO plugin. -->","yoast_head_json":{"title":"OPEN STUDIO DIOGO PIMENT\u00c3O - FONDATION CAB","robots":{"index":"index","follow":"follow","max-snippet":"max-snippet:-1","max-image-preview":"max-image-preview:large","max-video-preview":"max-video-preview:-1"},"canonical":"https:\/\/fondationcab.com\/fr\/open-studio-diogo-pimentao","og_locale":"fr_FR","og_type":"article","og_title":"OPEN STUDIO DIOGO PIMENT\u00c3O - FONDATION CAB","og_url":"https:\/\/fondationcab.com\/fr\/open-studio-diogo-pimentao","og_site_name":"FONDATION CAB","article_publisher":"https:\/\/www.facebook.com\/CABContemporaryArt\/","article_published_time":"2026-02-12T14:12:39+00:00","article_modified_time":"2026-02-12T14:20:14+00:00","og_image":[{"width":2560,"height":1709,"url":"https:\/\/fondationcab.com\/wp-content\/uploads\/2026\/01\/2015-Until-Then-Gallery-vue-15-scaled.jpeg","type":"image\/jpeg"}],"author":"eleonore","twitter_card":"summary_large_image","twitter_misc":{"\u00c9crit par":"eleonore","Dur\u00e9e de lecture estim\u00e9e":"1 minute"},"schema":{"@context":"https:\/\/schema.org","@graph":[{"@type":"Article","@id":"https:\/\/fondationcab.com\/fr\/open-studio-diogo-pimentao#article","isPartOf":{"@id":"https:\/\/fondationcab.com\/fr\/open-studio-diogo-pimentao"},"author":{"name":"eleonore","@id":"https:\/\/fondationcab.com\/fr#\/schema\/person\/97e81405a09028aa359b90ec71ff6bd8"},"headline":"OPEN STUDIO DIOGO PIMENT\u00c3O","datePublished":"2026-02-12T14:12:39+00:00","dateModified":"2026-02-12T14:20:14+00:00","mainEntityOfPage":{"@id":"https:\/\/fondationcab.com\/fr\/open-studio-diogo-pimentao"},"wordCount":146,"publisher":{"@id":"https:\/\/fondationcab.com\/fr#organization"},"image":{"@id":"https:\/\/fondationcab.com\/fr\/open-studio-diogo-pimentao#primaryimage"},"thumbnailUrl":"https:\/\/fondationcab.com\/wp-content\/uploads\/2026\/02\/Collinear-Breath.jpg","articleSection":["Non classifi\u00e9(e)"],"inLanguage":"fr-FR"},{"@type":"WebPage","@id":"https:\/\/fondationcab.com\/fr\/open-studio-diogo-pimentao","url":"https:\/\/fondationcab.com\/fr\/open-studio-diogo-pimentao","name":"OPEN STUDIO DIOGO PIMENT\u00c3O - FONDATION CAB","isPartOf":{"@id":"https:\/\/fondationcab.com\/fr#website"},"primaryImageOfPage":{"@id":"https:\/\/fondationcab.com\/fr\/open-studio-diogo-pimentao#primaryimage"},"image":{"@id":"https:\/\/fondationcab.com\/fr\/open-studio-diogo-pimentao#primaryimage"},"thumbnailUrl":"https:\/\/fondationcab.com\/wp-content\/uploads\/2026\/02\/Collinear-Breath.jpg","datePublished":"2026-02-12T14:12:39+00:00","dateModified":"2026-02-12T14:20:14+00:00","breadcrumb":{"@id":"https:\/\/fondationcab.com\/fr\/open-studio-diogo-pimentao#breadcrumb"},"inLanguage":"fr-FR","potentialAction":[{"@type":"ReadAction","target":["https:\/\/fondationcab.com\/fr\/open-studio-diogo-pimentao"]}]},{"@type":"ImageObject","inLanguage":"fr-FR","@id":"https:\/\/fondationcab.com\/fr\/open-studio-diogo-pimentao#primaryimage","url":"https:\/\/fondationcab.com\/wp-content\/uploads\/2026\/02\/Collinear-Breath.jpg","contentUrl":"https:\/\/fondationcab.com\/wp-content\/uploads\/2026\/02\/Collinear-Breath.jpg","width":1476,"height":984},{"@type":"BreadcrumbList","@id":"https:\/\/fondationcab.com\/fr\/open-studio-diogo-pimentao#breadcrumb","itemListElement":[{"@type":"ListItem","position":1,"name":"Home","item":"https:\/\/fondationcab.com\/fr"},{"@type":"ListItem","position":2,"name":"OPEN STUDIO DIOGO PIMENT\u00c3O"}]},{"@type":"WebSite","@id":"https:\/\/fondationcab.com\/fr#website","url":"https:\/\/fondationcab.com\/fr","name":"FONDATION CAB","description":"ART CENTER BRUSSELS","publisher":{"@id":"https:\/\/fondationcab.com\/fr#organization"},"potentialAction":[{"@type":"SearchAction","target":{"@type":"EntryPoint","urlTemplate":"https:\/\/fondationcab.com\/fr?s={search_term_string}"},"query-input":{"@type":"PropertyValueSpecification","valueRequired":true,"valueName":"search_term_string"}}],"inLanguage":"fr-FR"},{"@type":"Organization","@id":"https:\/\/fondationcab.com\/fr#organization","name":"Fondation CAB","url":"https:\/\/fondationcab.com\/fr","logo":{"@type":"ImageObject","inLanguage":"fr-FR","@id":"https:\/\/fondationcab.com\/fr#\/schema\/logo\/image\/","url":"https:\/\/cab.storycoding.agency\/wp-content\/uploads\/2018\/03\/fondation_cab_logo.jpg","contentUrl":"https:\/\/cab.storycoding.agency\/wp-content\/uploads\/2018\/03\/fondation_cab_logo.jpg","width":250,"height":125,"caption":"Fondation CAB"},"image":{"@id":"https:\/\/fondationcab.com\/fr#\/schema\/logo\/image\/"},"sameAs":["https:\/\/www.facebook.com\/CABContemporaryArt\/","https:\/\/www.instagram.com\/fondation_cab\/","https:\/\/www.youtube.com\/channel\/UC4BG_XNA2Sn1VGimzwU60Aw"]},{"@type":"Person","@id":"https:\/\/fondationcab.com\/fr#\/schema\/person\/97e81405a09028aa359b90ec71ff6bd8","name":"eleonore"}]}},"_links":{"self":[{"href":"https:\/\/fondationcab.com\/fr\/wp-json\/wp\/v2\/posts\/16384","targetHints":{"allow":["GET"]}}],"collection":[{"href":"https:\/\/fondationcab.com\/fr\/wp-json\/wp\/v2\/posts"}],"about":[{"href":"https:\/\/fondationcab.com\/fr\/wp-json\/wp\/v2\/types\/post"}],"author":[{"embeddable":true,"href":"https:\/\/fondationcab.com\/fr\/wp-json\/wp\/v2\/users\/4"}],"replies":[{"embeddable":true,"href":"https:\/\/fondationcab.com\/fr\/wp-json\/wp\/v2\/comments?post=16384"}],"version-history":[{"count":2,"href":"https:\/\/fondationcab.com\/fr\/wp-json\/wp\/v2\/posts\/16384\/revisions"}],"predecessor-version":[{"id":16389,"href":"https:\/\/fondationcab.com\/fr\/wp-json\/wp\/v2\/posts\/16384\/revisions\/16389"}],"wp:featuredmedia":[{"embeddable":true,"href":"https:\/\/fondationcab.com\/fr\/wp-json\/wp\/v2\/media\/16492"}],"wp:attachment":[{"href":"https:\/\/fondationcab.com\/fr\/wp-json\/wp\/v2\/media?parent=16384"}],"wp:term":[{"taxonomy":"category","embeddable":true,"href":"https:\/\/fondationcab.com\/fr\/wp-json\/wp\/v2\/categories?post=16384"},{"taxonomy":"post_tag","embeddable":true,"href":"https:\/\/fondationcab.com\/fr\/wp-json\/wp\/v2\/tags?post=16384"}],"curies":[{"name":"wp","href":"https:\/\/api.w.org\/{rel}","templated":true}]}}