{"id":16470,"date":"2026-02-20T17:55:09","date_gmt":"2026-02-20T15:55:09","guid":{"rendered":"https:\/\/fondationcab.com\/nocturnes-brussels-2026"},"modified":"2026-03-18T18:42:46","modified_gmt":"2026-03-18T16:42:46","slug":"nocturnes-brussels-2026","status":"publish","type":"post","link":"https:\/\/fondationcab.com\/fr\/nocturnes-brussels-2026","title":{"rendered":"FONDATION CAB BY NIGHT"},"content":{"rendered":"<p>Lors de cette soir\u00e9e sp\u00e9ciale, les visiteurs pourront d\u00e9couvrir une r\u00e9trospective majeure d\u00e9di\u00e9e au collectif\u00a0Art &amp; Language. L&rsquo;exposition explore comment ce mouvement a r\u00e9volutionn\u00e9 le monde de l&rsquo;art en rempla\u00e7ant l&rsquo;esth\u00e9tique traditionnelle par la recherche intellectuelle, pr\u00e9sentant six d\u00e9cennies d&rsquo;\u0153uvres o\u00f9 les id\u00e9es et le langage deviennent le support principal.<\/p>\n<p><strong>Les tickets sono disponibles sur le site officiel des Nocturnes :\u00a0<a href=\"https:\/\/nocturnes.brussels\/fr\/\" data-cke-saved-href=\"https:\/\/nocturnes.brussels\/fr\/\">https:\/\/nocturnes.brussels\/fr\/<\/a><\/strong><\/p>\n<p><strong>Gratuit pour les d\u00e9tenteurs du Museum Pass.<\/strong><\/p>\n","protected":false},"excerpt":{"rendered":"<p>Lors de cette soir\u00e9e sp\u00e9ciale, les visiteurs pourront d\u00e9couvrir une r\u00e9trospective majeure d\u00e9di\u00e9e au collectif\u00a0Art &amp; Language. L&rsquo;exposition explore comment ce mouvement a r\u00e9volutionn\u00e9 le monde de l&rsquo;art en rempla\u00e7ant l&rsquo;esth\u00e9tique traditionnelle par la recherche intellectuelle, pr\u00e9sentant six d\u00e9cennies d&rsquo;\u0153uvres o\u00f9 les id\u00e9es et le langage deviennent le support principal. Les tickets sono disponibles sur&nbsp; <a href=\"https:\/\/fondationcab.com\/fr\/nocturnes-brussels-2026\">&hellip; Read more <i class=\"glyphicon glyphicon-arrow-right\"><\/i><\/a><\/p>\n","protected":false},"author":4,"featured_media":16483,"comment_status":"closed","ping_status":"closed","sticky":false,"template":"","format":"standard","meta":{"_acf_changed":false,"footnotes":""},"categories":[9],"tags":[],"class_list":["post-16470","post","type-post","status-publish","format-standard","has-post-thumbnail","hentry","category-non-classifiee","cities-bruxelles"],"acf":[],"yoast_head":"<!-- This site is optimized with the Yoast SEO plugin v27.5 - https:\/\/yoast.com\/product\/yoast-seo-wordpress\/ -->\n<title>FONDATION CAB BY NIGHT - FONDATION CAB<\/title>\n<meta name=\"description\" content=\"Fondation CAB\u00a0\u00e0 Bruxelles reste ouverte le jeudi 19 mars, de 18h \u00e0 22h, \u00e0 l&#039;occasion des Nocturnes des Mus\u00e9es bruxellois.\" \/>\n<meta name=\"robots\" content=\"index, follow, max-snippet:-1, max-image-preview:large, max-video-preview:-1\" \/>\n<link rel=\"canonical\" href=\"https:\/\/fondationcab.com\/fr\/nocturnes-brussels-2026\" \/>\n<meta property=\"og:locale\" content=\"fr_FR\" \/>\n<meta property=\"og:type\" content=\"article\" \/>\n<meta property=\"og:title\" content=\"FONDATION CAB BY NIGHT - FONDATION CAB\" \/>\n<meta property=\"og:description\" content=\"Fondation CAB\u00a0\u00e0 Bruxelles reste ouverte le jeudi 19 mars, de 18h \u00e0 22h, \u00e0 l&#039;occasion des Nocturnes des Mus\u00e9es bruxellois.\" \/>\n<meta property=\"og:url\" content=\"https:\/\/fondationcab.com\/fr\/nocturnes-brussels-2026\" \/>\n<meta property=\"og:site_name\" content=\"FONDATION CAB\" \/>\n<meta property=\"article:publisher\" content=\"https:\/\/www.facebook.com\/CABContemporaryArt\/\" \/>\n<meta property=\"article:published_time\" content=\"2026-02-20T15:55:09+00:00\" \/>\n<meta property=\"article:modified_time\" content=\"2026-03-18T16:42:46+00:00\" \/>\n<meta property=\"og:image\" content=\"https:\/\/fondationcab.com\/wp-content\/uploads\/2026\/02\/BRU2510-0577-Social_FB_Event-Cover.jpg\" \/>\n\t<meta property=\"og:image:width\" content=\"1920\" \/>\n\t<meta property=\"og:image:height\" content=\"1080\" \/>\n\t<meta property=\"og:image:type\" content=\"image\/jpeg\" \/>\n<meta name=\"author\" content=\"eleonore\" \/>\n<meta name=\"twitter:card\" content=\"summary_large_image\" \/>\n<meta name=\"twitter:label1\" content=\"\u00c9crit par\" \/>\n\t<meta name=\"twitter:data1\" content=\"eleonore\" \/>\n\t<meta name=\"twitter:label2\" content=\"Dur\u00e9e de lecture estim\u00e9e\" \/>\n\t<meta name=\"twitter:data2\" content=\"1 minute\" \/>\n<script type=\"application\/ld+json\" class=\"yoast-schema-graph\">{\"@context\":\"https:\\\/\\\/schema.org\",\"@graph\":[{\"@type\":\"Article\",\"@id\":\"https:\\\/\\\/fondationcab.com\\\/fr\\\/nocturnes-brussels-2026#article\",\"isPartOf\":{\"@id\":\"https:\\\/\\\/fondationcab.com\\\/fr\\\/nocturnes-brussels-2026\"},\"author\":{\"name\":\"eleonore\",\"@id\":\"https:\\\/\\\/fondationcab.com\\\/fr#\\\/schema\\\/person\\\/97e81405a09028aa359b90ec71ff6bd8\"},\"headline\":\"FONDATION CAB BY NIGHT\",\"datePublished\":\"2026-02-20T15:55:09+00:00\",\"dateModified\":\"2026-03-18T16:42:46+00:00\",\"mainEntityOfPage\":{\"@id\":\"https:\\\/\\\/fondationcab.com\\\/fr\\\/nocturnes-brussels-2026\"},\"wordCount\":93,\"publisher\":{\"@id\":\"https:\\\/\\\/fondationcab.com\\\/fr#organization\"},\"image\":{\"@id\":\"https:\\\/\\\/fondationcab.com\\\/fr\\\/nocturnes-brussels-2026#primaryimage\"},\"thumbnailUrl\":\"https:\\\/\\\/fondationcab.com\\\/wp-content\\\/uploads\\\/2026\\\/02\\\/BRU2510-0577-Social_FB_Event-Cover.jpg\",\"articleSection\":[\"Non classifi\u00e9(e)\"],\"inLanguage\":\"fr-FR\"},{\"@type\":\"WebPage\",\"@id\":\"https:\\\/\\\/fondationcab.com\\\/fr\\\/nocturnes-brussels-2026\",\"url\":\"https:\\\/\\\/fondationcab.com\\\/fr\\\/nocturnes-brussels-2026\",\"name\":\"FONDATION CAB BY NIGHT - FONDATION CAB\",\"isPartOf\":{\"@id\":\"https:\\\/\\\/fondationcab.com\\\/fr#website\"},\"primaryImageOfPage\":{\"@id\":\"https:\\\/\\\/fondationcab.com\\\/fr\\\/nocturnes-brussels-2026#primaryimage\"},\"image\":{\"@id\":\"https:\\\/\\\/fondationcab.com\\\/fr\\\/nocturnes-brussels-2026#primaryimage\"},\"thumbnailUrl\":\"https:\\\/\\\/fondationcab.com\\\/wp-content\\\/uploads\\\/2026\\\/02\\\/BRU2510-0577-Social_FB_Event-Cover.jpg\",\"datePublished\":\"2026-02-20T15:55:09+00:00\",\"dateModified\":\"2026-03-18T16:42:46+00:00\",\"description\":\"Fondation CAB\u00a0\u00e0 Bruxelles reste ouverte le jeudi 19 mars, de 18h \u00e0 22h, \u00e0 l'occasion des Nocturnes des Mus\u00e9es bruxellois.\",\"breadcrumb\":{\"@id\":\"https:\\\/\\\/fondationcab.com\\\/fr\\\/nocturnes-brussels-2026#breadcrumb\"},\"inLanguage\":\"fr-FR\",\"potentialAction\":[{\"@type\":\"ReadAction\",\"target\":[\"https:\\\/\\\/fondationcab.com\\\/fr\\\/nocturnes-brussels-2026\"]}]},{\"@type\":\"ImageObject\",\"inLanguage\":\"fr-FR\",\"@id\":\"https:\\\/\\\/fondationcab.com\\\/fr\\\/nocturnes-brussels-2026#primaryimage\",\"url\":\"https:\\\/\\\/fondationcab.com\\\/wp-content\\\/uploads\\\/2026\\\/02\\\/BRU2510-0577-Social_FB_Event-Cover.jpg\",\"contentUrl\":\"https:\\\/\\\/fondationcab.com\\\/wp-content\\\/uploads\\\/2026\\\/02\\\/BRU2510-0577-Social_FB_Event-Cover.jpg\",\"width\":1920,\"height\":1080},{\"@type\":\"BreadcrumbList\",\"@id\":\"https:\\\/\\\/fondationcab.com\\\/fr\\\/nocturnes-brussels-2026#breadcrumb\",\"itemListElement\":[{\"@type\":\"ListItem\",\"position\":1,\"name\":\"Home\",\"item\":\"https:\\\/\\\/fondationcab.com\\\/fr\"},{\"@type\":\"ListItem\",\"position\":2,\"name\":\"FONDATION CAB BY NIGHT\"}]},{\"@type\":\"WebSite\",\"@id\":\"https:\\\/\\\/fondationcab.com\\\/fr#website\",\"url\":\"https:\\\/\\\/fondationcab.com\\\/fr\",\"name\":\"FONDATION CAB\",\"description\":\"ART CENTER BRUSSELS\",\"publisher\":{\"@id\":\"https:\\\/\\\/fondationcab.com\\\/fr#organization\"},\"potentialAction\":[{\"@type\":\"SearchAction\",\"target\":{\"@type\":\"EntryPoint\",\"urlTemplate\":\"https:\\\/\\\/fondationcab.com\\\/fr?s={search_term_string}\"},\"query-input\":{\"@type\":\"PropertyValueSpecification\",\"valueRequired\":true,\"valueName\":\"search_term_string\"}}],\"inLanguage\":\"fr-FR\"},{\"@type\":\"Organization\",\"@id\":\"https:\\\/\\\/fondationcab.com\\\/fr#organization\",\"name\":\"Fondation CAB\",\"url\":\"https:\\\/\\\/fondationcab.com\\\/fr\",\"logo\":{\"@type\":\"ImageObject\",\"inLanguage\":\"fr-FR\",\"@id\":\"https:\\\/\\\/fondationcab.com\\\/fr#\\\/schema\\\/logo\\\/image\\\/\",\"url\":\"https:\\\/\\\/cab.storycoding.agency\\\/wp-content\\\/uploads\\\/2018\\\/03\\\/fondation_cab_logo.jpg\",\"contentUrl\":\"https:\\\/\\\/cab.storycoding.agency\\\/wp-content\\\/uploads\\\/2018\\\/03\\\/fondation_cab_logo.jpg\",\"width\":250,\"height\":125,\"caption\":\"Fondation CAB\"},\"image\":{\"@id\":\"https:\\\/\\\/fondationcab.com\\\/fr#\\\/schema\\\/logo\\\/image\\\/\"},\"sameAs\":[\"https:\\\/\\\/www.facebook.com\\\/CABContemporaryArt\\\/\",\"https:\\\/\\\/www.instagram.com\\\/fondation_cab\\\/\",\"https:\\\/\\\/www.youtube.com\\\/channel\\\/UC4BG_XNA2Sn1VGimzwU60Aw\"]},{\"@type\":\"Person\",\"@id\":\"https:\\\/\\\/fondationcab.com\\\/fr#\\\/schema\\\/person\\\/97e81405a09028aa359b90ec71ff6bd8\",\"name\":\"eleonore\"}]}<\/script>\n<!-- \/ Yoast SEO plugin. -->","yoast_head_json":{"title":"FONDATION CAB BY NIGHT - FONDATION CAB","description":"Fondation CAB\u00a0\u00e0 Bruxelles reste ouverte le jeudi 19 mars, de 18h \u00e0 22h, \u00e0 l'occasion des Nocturnes des Mus\u00e9es bruxellois.","robots":{"index":"index","follow":"follow","max-snippet":"max-snippet:-1","max-image-preview":"max-image-preview:large","max-video-preview":"max-video-preview:-1"},"canonical":"https:\/\/fondationcab.com\/fr\/nocturnes-brussels-2026","og_locale":"fr_FR","og_type":"article","og_title":"FONDATION CAB BY NIGHT - FONDATION CAB","og_description":"Fondation CAB\u00a0\u00e0 Bruxelles reste ouverte le jeudi 19 mars, de 18h \u00e0 22h, \u00e0 l'occasion des Nocturnes des Mus\u00e9es bruxellois.","og_url":"https:\/\/fondationcab.com\/fr\/nocturnes-brussels-2026","og_site_name":"FONDATION CAB","article_publisher":"https:\/\/www.facebook.com\/CABContemporaryArt\/","article_published_time":"2026-02-20T15:55:09+00:00","article_modified_time":"2026-03-18T16:42:46+00:00","og_image":[{"width":1920,"height":1080,"url":"https:\/\/fondationcab.com\/wp-content\/uploads\/2026\/02\/BRU2510-0577-Social_FB_Event-Cover.jpg","type":"image\/jpeg"}],"author":"eleonore","twitter_card":"summary_large_image","twitter_misc":{"\u00c9crit par":"eleonore","Dur\u00e9e de lecture estim\u00e9e":"1 minute"},"schema":{"@context":"https:\/\/schema.org","@graph":[{"@type":"Article","@id":"https:\/\/fondationcab.com\/fr\/nocturnes-brussels-2026#article","isPartOf":{"@id":"https:\/\/fondationcab.com\/fr\/nocturnes-brussels-2026"},"author":{"name":"eleonore","@id":"https:\/\/fondationcab.com\/fr#\/schema\/person\/97e81405a09028aa359b90ec71ff6bd8"},"headline":"FONDATION CAB BY NIGHT","datePublished":"2026-02-20T15:55:09+00:00","dateModified":"2026-03-18T16:42:46+00:00","mainEntityOfPage":{"@id":"https:\/\/fondationcab.com\/fr\/nocturnes-brussels-2026"},"wordCount":93,"publisher":{"@id":"https:\/\/fondationcab.com\/fr#organization"},"image":{"@id":"https:\/\/fondationcab.com\/fr\/nocturnes-brussels-2026#primaryimage"},"thumbnailUrl":"https:\/\/fondationcab.com\/wp-content\/uploads\/2026\/02\/BRU2510-0577-Social_FB_Event-Cover.jpg","articleSection":["Non classifi\u00e9(e)"],"inLanguage":"fr-FR"},{"@type":"WebPage","@id":"https:\/\/fondationcab.com\/fr\/nocturnes-brussels-2026","url":"https:\/\/fondationcab.com\/fr\/nocturnes-brussels-2026","name":"FONDATION CAB BY NIGHT - FONDATION CAB","isPartOf":{"@id":"https:\/\/fondationcab.com\/fr#website"},"primaryImageOfPage":{"@id":"https:\/\/fondationcab.com\/fr\/nocturnes-brussels-2026#primaryimage"},"image":{"@id":"https:\/\/fondationcab.com\/fr\/nocturnes-brussels-2026#primaryimage"},"thumbnailUrl":"https:\/\/fondationcab.com\/wp-content\/uploads\/2026\/02\/BRU2510-0577-Social_FB_Event-Cover.jpg","datePublished":"2026-02-20T15:55:09+00:00","dateModified":"2026-03-18T16:42:46+00:00","description":"Fondation CAB\u00a0\u00e0 Bruxelles reste ouverte le jeudi 19 mars, de 18h \u00e0 22h, \u00e0 l'occasion des Nocturnes des Mus\u00e9es bruxellois.","breadcrumb":{"@id":"https:\/\/fondationcab.com\/fr\/nocturnes-brussels-2026#breadcrumb"},"inLanguage":"fr-FR","potentialAction":[{"@type":"ReadAction","target":["https:\/\/fondationcab.com\/fr\/nocturnes-brussels-2026"]}]},{"@type":"ImageObject","inLanguage":"fr-FR","@id":"https:\/\/fondationcab.com\/fr\/nocturnes-brussels-2026#primaryimage","url":"https:\/\/fondationcab.com\/wp-content\/uploads\/2026\/02\/BRU2510-0577-Social_FB_Event-Cover.jpg","contentUrl":"https:\/\/fondationcab.com\/wp-content\/uploads\/2026\/02\/BRU2510-0577-Social_FB_Event-Cover.jpg","width":1920,"height":1080},{"@type":"BreadcrumbList","@id":"https:\/\/fondationcab.com\/fr\/nocturnes-brussels-2026#breadcrumb","itemListElement":[{"@type":"ListItem","position":1,"name":"Home","item":"https:\/\/fondationcab.com\/fr"},{"@type":"ListItem","position":2,"name":"FONDATION CAB BY NIGHT"}]},{"@type":"WebSite","@id":"https:\/\/fondationcab.com\/fr#website","url":"https:\/\/fondationcab.com\/fr","name":"FONDATION CAB","description":"ART CENTER BRUSSELS","publisher":{"@id":"https:\/\/fondationcab.com\/fr#organization"},"potentialAction":[{"@type":"SearchAction","target":{"@type":"EntryPoint","urlTemplate":"https:\/\/fondationcab.com\/fr?s={search_term_string}"},"query-input":{"@type":"PropertyValueSpecification","valueRequired":true,"valueName":"search_term_string"}}],"inLanguage":"fr-FR"},{"@type":"Organization","@id":"https:\/\/fondationcab.com\/fr#organization","name":"Fondation CAB","url":"https:\/\/fondationcab.com\/fr","logo":{"@type":"ImageObject","inLanguage":"fr-FR","@id":"https:\/\/fondationcab.com\/fr#\/schema\/logo\/image\/","url":"https:\/\/cab.storycoding.agency\/wp-content\/uploads\/2018\/03\/fondation_cab_logo.jpg","contentUrl":"https:\/\/cab.storycoding.agency\/wp-content\/uploads\/2018\/03\/fondation_cab_logo.jpg","width":250,"height":125,"caption":"Fondation CAB"},"image":{"@id":"https:\/\/fondationcab.com\/fr#\/schema\/logo\/image\/"},"sameAs":["https:\/\/www.facebook.com\/CABContemporaryArt\/","https:\/\/www.instagram.com\/fondation_cab\/","https:\/\/www.youtube.com\/channel\/UC4BG_XNA2Sn1VGimzwU60Aw"]},{"@type":"Person","@id":"https:\/\/fondationcab.com\/fr#\/schema\/person\/97e81405a09028aa359b90ec71ff6bd8","name":"eleonore"}]}},"_links":{"self":[{"href":"https:\/\/fondationcab.com\/fr\/wp-json\/wp\/v2\/posts\/16470","targetHints":{"allow":["GET"]}}],"collection":[{"href":"https:\/\/fondationcab.com\/fr\/wp-json\/wp\/v2\/posts"}],"about":[{"href":"https:\/\/fondationcab.com\/fr\/wp-json\/wp\/v2\/types\/post"}],"author":[{"embeddable":true,"href":"https:\/\/fondationcab.com\/fr\/wp-json\/wp\/v2\/users\/4"}],"replies":[{"embeddable":true,"href":"https:\/\/fondationcab.com\/fr\/wp-json\/wp\/v2\/comments?post=16470"}],"version-history":[{"count":4,"href":"https:\/\/fondationcab.com\/fr\/wp-json\/wp\/v2\/posts\/16470\/revisions"}],"predecessor-version":[{"id":16577,"href":"https:\/\/fondationcab.com\/fr\/wp-json\/wp\/v2\/posts\/16470\/revisions\/16577"}],"wp:featuredmedia":[{"embeddable":true,"href":"https:\/\/fondationcab.com\/fr\/wp-json\/wp\/v2\/media\/16483"}],"wp:attachment":[{"href":"https:\/\/fondationcab.com\/fr\/wp-json\/wp\/v2\/media?parent=16470"}],"wp:term":[{"taxonomy":"category","embeddable":true,"href":"https:\/\/fondationcab.com\/fr\/wp-json\/wp\/v2\/categories?post=16470"},{"taxonomy":"post_tag","embeddable":true,"href":"https:\/\/fondationcab.com\/fr\/wp-json\/wp\/v2\/tags?post=16470"}],"curies":[{"name":"wp","href":"https:\/\/api.w.org\/{rel}","templated":true}]}}