{"id":1669,"date":"2017-06-20T10:26:54","date_gmt":"2017-06-20T09:26:54","guid":{"rendered":"https:\/\/fondationcab.com\/talk-by-sue-spaid"},"modified":"2021-02-25T17:26:29","modified_gmt":"2021-02-25T16:26:29","slug":"talk-by-sue-spaid","status":"publish","type":"post","link":"https:\/\/fondationcab.com\/fr\/talk-by-sue-spaid","title":{"rendered":"CONFERENCE DE SUE SPAID"},"content":{"rendered":"<p>On a beaucoup \u00e9crit sur les sculpteurs : en r\u00e9utilisant des \u00ab\u00a0mat\u00e9riaux trouv\u00e9s\u00a0\u00bb tels que <em>Stack<\/em> de Tony Cragg (1975) ; en utilisant des mat\u00e9riaux quotidiens comme Mary Miss, <em>Awning<\/em> (1966) ou <em>Things that Drag Me Along<\/em> de Jos\u00e9 Bedia (2008) ; et en exposant des objets trouv\u00e9s et des readymades depuis Dada. Moins discut\u00e9e est la tendance des sculpteurs \u00e0 pr\u00e9senter les mat\u00e9riaux tels quels, \u00e0 l&rsquo;\u00e9tat brut. Par \u00ab\u00a0mat\u00e9riaux bruts\u00a0\u00bb, je pense \u00e0 des mat\u00e9riaux purs qui semblent \u00ab\u00a0pr\u00eats \u00e0 l&#8217;emploi\u00a0\u00bb, tels qu&rsquo;ils ont \u00e9t\u00e9 achet\u00e9s, comme Marissa Merz, <em>Untitled<\/em> (1966) ; Richard Serra, <em>To Lift <\/em>and <em>Scatter Piece<\/em> (tous deux 1967) ; Richard Long, <em>Small White Pebble Circles<\/em> (1967) ; Alighiero e Boetti, <em>Colonna<\/em> (1968) ; Richard Serra, <em>Cutting Device : Base Plate Measure<\/em> (1969) ; Jannis Kounellis, <em>Untitled<\/em> (1969) ;\u00a0<em>Chocolate Room <\/em>d&rsquo;Ed Ruscha (1970), ou\u00a0<em>String installation<\/em>\u00a0de Richard Tuttle ou <em>Rope Piece<\/em> (tous deux 1974).<\/p>\n<p>Une sensibilit\u00e9 similaire impr\u00e8gne l&rsquo;exposition actuelle de la CAB o\u00f9 la sciure de bois risque de s&rsquo;envoler, les champignons surgissent, les chias poussent verticalement, les peaux et les coquilles d&rsquo;\u0153ufs s&rsquo;\u00e9quilibrent de fa\u00e7on pr\u00e9caire, les cristaux de sel se dissolvent, la mousse de polystyr\u00e8ne se d\u00e9compose et des carottes de fluorine jaillissent de 300 m\u00e8tres sous la surface de la Terre. De telles \u0153uvres transmettent un sentiment d&rsquo;imm\u00e9diatet\u00e9, de franchise et de transparence quant \u00e0 leurs propri\u00e9t\u00e9s mat\u00e9rielles. N&rsquo;ayant pas \u00e9t\u00e9 alt\u00e9r\u00e9es, elles ne sont pas \u00ab\u00a0coinc\u00e9es\u00a0\u00bb et \u00e9voquent donc un corps en mouvement, un objet en transformation. Nous attendons donc leur avenir en sachant que rien ne sera comme aujourd&rsquo;hui.<\/p>\n<p>Apr\u00e8s avoir organis\u00e9 plus de 100 expositions et biennales aux \u00c9tats-Unis, les prochaines initiatives de Sue Spaid sont \u00ab\u00a0De Wind Deed Het\u00a0\u00bb, qui ouvrira ses portes le 28 juin au Windowbox de Malines, en Belgique, et \u00ab\u00a0Ecovention Europe\u00a0\u00bb : Art to Transform Ecologies, 1957-2017&Prime;, une enqu\u00eate sur les actions pratiques initi\u00e9es par des artistes dans un but \u00e9cologique, qui ouvrira en septembre au Mus\u00e9e De Domijnen \u00e0 Sittard, NL. La th\u00e8se de doctorat de Spaid, intitul\u00e9e \u00ab\u00a0Work and World\u00a0\u00bb, sera pr\u00e9sent\u00e9e en 2013 : On the Philosophy of Curatorial Practice a \u00e9t\u00e9 influenc\u00e9e par son exp\u00e9rience de plus de vingt-cinq ans en tant que critique, galeriste, conservatrice et directrice de mus\u00e9e. En plus d&rsquo;\u00e9crire r\u00e9guli\u00e8rement des critiques d&rsquo;art et des essais de catalogue, elle a publi\u00e9 des articles de philosophie dans Philosophy of Design (2017), Journal of Somaesthetics (2016), Philosophica (2016), Arte y Filosoph\u00eda en Danto (2016), Aesthetic Investigations (2016), Journal of Aesthetics and Art Criticism (2016) et Rivista di estetica (2015).<\/p>\n<p>Pour r\u00e9server, veuillez nous contacter \u00e0 l&rsquo;adresse suivante : <a href=\"mailto:info@cab.be\">info@cab.be<\/a><\/p>\n","protected":false},"excerpt":{"rendered":"<p>On a beaucoup \u00e9crit sur les sculpteurs : en r\u00e9utilisant des \u00ab\u00a0mat\u00e9riaux trouv\u00e9s\u00a0\u00bb tels que Stack de Tony Cragg (1975) ; en utilisant des mat\u00e9riaux quotidiens comme Mary Miss, Awning (1966) ou Things that Drag Me Along de Jos\u00e9 Bedia (2008) ; et en exposant des objets trouv\u00e9s et des readymades depuis Dada. Moins discut\u00e9e&nbsp; <a href=\"https:\/\/fondationcab.com\/fr\/talk-by-sue-spaid\">&hellip; Read more <i class=\"glyphicon glyphicon-arrow-right\"><\/i><\/a><\/p>\n","protected":false},"author":1,"featured_media":2881,"comment_status":"closed","ping_status":"closed","sticky":false,"template":"","format":"standard","meta":{"_acf_changed":false,"footnotes":""},"categories":[15],"tags":[],"class_list":["post-1669","post","type-post","status-publish","format-standard","has-post-thumbnail","hentry","category-talk-fr","cities-bruxelles"],"acf":[],"yoast_head":"<!-- This site is optimized with the Yoast SEO plugin v27.5 - https:\/\/yoast.com\/product\/yoast-seo-wordpress\/ -->\n<title>CONFERENCE DE SUE SPAID - FONDATION CAB<\/title>\n<meta name=\"robots\" content=\"index, follow, max-snippet:-1, max-image-preview:large, max-video-preview:-1\" \/>\n<link rel=\"canonical\" href=\"https:\/\/fondationcab.com\/fr\/talk-by-sue-spaid\" \/>\n<meta property=\"og:locale\" content=\"fr_FR\" \/>\n<meta property=\"og:type\" content=\"article\" \/>\n<meta property=\"og:title\" content=\"CONFERENCE DE SUE SPAID - FONDATION CAB\" \/>\n<meta property=\"og:url\" content=\"https:\/\/fondationcab.com\/fr\/talk-by-sue-spaid\" \/>\n<meta property=\"og:site_name\" content=\"FONDATION CAB\" \/>\n<meta property=\"article:publisher\" content=\"https:\/\/www.facebook.com\/CABContemporaryArt\/\" \/>\n<meta property=\"article:published_time\" content=\"2017-06-20T09:26:54+00:00\" \/>\n<meta property=\"article:modified_time\" content=\"2021-02-25T16:26:29+00:00\" \/>\n<meta property=\"og:image\" content=\"https:\/\/fondationcab.com\/wp-content\/uploads\/2017\/06\/Sue-72.jpg\" \/>\n\t<meta property=\"og:image:width\" content=\"1200\" \/>\n\t<meta property=\"og:image:height\" content=\"840\" \/>\n\t<meta property=\"og:image:type\" content=\"image\/jpeg\" \/>\n<meta name=\"author\" content=\"nomisconception\" \/>\n<meta name=\"twitter:card\" content=\"summary_large_image\" \/>\n<meta name=\"twitter:label1\" content=\"\u00c9crit par\" \/>\n\t<meta name=\"twitter:data1\" content=\"nomisconception\" \/>\n\t<meta name=\"twitter:label2\" content=\"Dur\u00e9e de lecture estim\u00e9e\" \/>\n\t<meta name=\"twitter:data2\" content=\"2 minutes\" \/>\n<script type=\"application\/ld+json\" class=\"yoast-schema-graph\">{\"@context\":\"https:\\\/\\\/schema.org\",\"@graph\":[{\"@type\":\"Article\",\"@id\":\"https:\\\/\\\/fondationcab.com\\\/fr\\\/talk-by-sue-spaid#article\",\"isPartOf\":{\"@id\":\"https:\\\/\\\/fondationcab.com\\\/fr\\\/talk-by-sue-spaid\"},\"author\":{\"name\":\"nomisconception\",\"@id\":\"https:\\\/\\\/fondationcab.com\\\/fr#\\\/schema\\\/person\\\/6785d8ff7f40c90f5fddfa8e2eda6e3d\"},\"headline\":\"CONFERENCE DE SUE SPAID\",\"datePublished\":\"2017-06-20T09:26:54+00:00\",\"dateModified\":\"2021-02-25T16:26:29+00:00\",\"mainEntityOfPage\":{\"@id\":\"https:\\\/\\\/fondationcab.com\\\/fr\\\/talk-by-sue-spaid\"},\"wordCount\":452,\"publisher\":{\"@id\":\"https:\\\/\\\/fondationcab.com\\\/fr#organization\"},\"image\":{\"@id\":\"https:\\\/\\\/fondationcab.com\\\/fr\\\/talk-by-sue-spaid#primaryimage\"},\"thumbnailUrl\":\"https:\\\/\\\/fondationcab.com\\\/wp-content\\\/uploads\\\/2017\\\/06\\\/Sue-72.jpg\",\"articleSection\":[\"Talk\"],\"inLanguage\":\"fr-FR\"},{\"@type\":\"WebPage\",\"@id\":\"https:\\\/\\\/fondationcab.com\\\/fr\\\/talk-by-sue-spaid\",\"url\":\"https:\\\/\\\/fondationcab.com\\\/fr\\\/talk-by-sue-spaid\",\"name\":\"CONFERENCE DE SUE SPAID - FONDATION CAB\",\"isPartOf\":{\"@id\":\"https:\\\/\\\/fondationcab.com\\\/fr#website\"},\"primaryImageOfPage\":{\"@id\":\"https:\\\/\\\/fondationcab.com\\\/fr\\\/talk-by-sue-spaid#primaryimage\"},\"image\":{\"@id\":\"https:\\\/\\\/fondationcab.com\\\/fr\\\/talk-by-sue-spaid#primaryimage\"},\"thumbnailUrl\":\"https:\\\/\\\/fondationcab.com\\\/wp-content\\\/uploads\\\/2017\\\/06\\\/Sue-72.jpg\",\"datePublished\":\"2017-06-20T09:26:54+00:00\",\"dateModified\":\"2021-02-25T16:26:29+00:00\",\"breadcrumb\":{\"@id\":\"https:\\\/\\\/fondationcab.com\\\/fr\\\/talk-by-sue-spaid#breadcrumb\"},\"inLanguage\":\"fr-FR\",\"potentialAction\":[{\"@type\":\"ReadAction\",\"target\":[\"https:\\\/\\\/fondationcab.com\\\/fr\\\/talk-by-sue-spaid\"]}]},{\"@type\":\"ImageObject\",\"inLanguage\":\"fr-FR\",\"@id\":\"https:\\\/\\\/fondationcab.com\\\/fr\\\/talk-by-sue-spaid#primaryimage\",\"url\":\"https:\\\/\\\/fondationcab.com\\\/wp-content\\\/uploads\\\/2017\\\/06\\\/Sue-72.jpg\",\"contentUrl\":\"https:\\\/\\\/fondationcab.com\\\/wp-content\\\/uploads\\\/2017\\\/06\\\/Sue-72.jpg\",\"width\":1200,\"height\":840},{\"@type\":\"BreadcrumbList\",\"@id\":\"https:\\\/\\\/fondationcab.com\\\/fr\\\/talk-by-sue-spaid#breadcrumb\",\"itemListElement\":[{\"@type\":\"ListItem\",\"position\":1,\"name\":\"Home\",\"item\":\"https:\\\/\\\/fondationcab.com\\\/fr\"},{\"@type\":\"ListItem\",\"position\":2,\"name\":\"CONFERENCE DE SUE SPAID\"}]},{\"@type\":\"WebSite\",\"@id\":\"https:\\\/\\\/fondationcab.com\\\/fr#website\",\"url\":\"https:\\\/\\\/fondationcab.com\\\/fr\",\"name\":\"FONDATION CAB\",\"description\":\"ART CENTER BRUSSELS\",\"publisher\":{\"@id\":\"https:\\\/\\\/fondationcab.com\\\/fr#organization\"},\"potentialAction\":[{\"@type\":\"SearchAction\",\"target\":{\"@type\":\"EntryPoint\",\"urlTemplate\":\"https:\\\/\\\/fondationcab.com\\\/fr?s={search_term_string}\"},\"query-input\":{\"@type\":\"PropertyValueSpecification\",\"valueRequired\":true,\"valueName\":\"search_term_string\"}}],\"inLanguage\":\"fr-FR\"},{\"@type\":\"Organization\",\"@id\":\"https:\\\/\\\/fondationcab.com\\\/fr#organization\",\"name\":\"Fondation CAB\",\"url\":\"https:\\\/\\\/fondationcab.com\\\/fr\",\"logo\":{\"@type\":\"ImageObject\",\"inLanguage\":\"fr-FR\",\"@id\":\"https:\\\/\\\/fondationcab.com\\\/fr#\\\/schema\\\/logo\\\/image\\\/\",\"url\":\"https:\\\/\\\/cab.storycoding.agency\\\/wp-content\\\/uploads\\\/2018\\\/03\\\/fondation_cab_logo.jpg\",\"contentUrl\":\"https:\\\/\\\/cab.storycoding.agency\\\/wp-content\\\/uploads\\\/2018\\\/03\\\/fondation_cab_logo.jpg\",\"width\":250,\"height\":125,\"caption\":\"Fondation CAB\"},\"image\":{\"@id\":\"https:\\\/\\\/fondationcab.com\\\/fr#\\\/schema\\\/logo\\\/image\\\/\"},\"sameAs\":[\"https:\\\/\\\/www.facebook.com\\\/CABContemporaryArt\\\/\",\"https:\\\/\\\/www.instagram.com\\\/fondation_cab\\\/\",\"https:\\\/\\\/www.youtube.com\\\/channel\\\/UC4BG_XNA2Sn1VGimzwU60Aw\"]},{\"@type\":\"Person\",\"@id\":\"https:\\\/\\\/fondationcab.com\\\/fr#\\\/schema\\\/person\\\/6785d8ff7f40c90f5fddfa8e2eda6e3d\",\"name\":\"nomisconception\"}]}<\/script>\n<!-- \/ Yoast SEO plugin. -->","yoast_head_json":{"title":"CONFERENCE DE SUE SPAID - FONDATION CAB","robots":{"index":"index","follow":"follow","max-snippet":"max-snippet:-1","max-image-preview":"max-image-preview:large","max-video-preview":"max-video-preview:-1"},"canonical":"https:\/\/fondationcab.com\/fr\/talk-by-sue-spaid","og_locale":"fr_FR","og_type":"article","og_title":"CONFERENCE DE SUE SPAID - FONDATION CAB","og_url":"https:\/\/fondationcab.com\/fr\/talk-by-sue-spaid","og_site_name":"FONDATION CAB","article_publisher":"https:\/\/www.facebook.com\/CABContemporaryArt\/","article_published_time":"2017-06-20T09:26:54+00:00","article_modified_time":"2021-02-25T16:26:29+00:00","og_image":[{"width":1200,"height":840,"url":"https:\/\/fondationcab.com\/wp-content\/uploads\/2017\/06\/Sue-72.jpg","type":"image\/jpeg"}],"author":"nomisconception","twitter_card":"summary_large_image","twitter_misc":{"\u00c9crit par":"nomisconception","Dur\u00e9e de lecture estim\u00e9e":"2 minutes"},"schema":{"@context":"https:\/\/schema.org","@graph":[{"@type":"Article","@id":"https:\/\/fondationcab.com\/fr\/talk-by-sue-spaid#article","isPartOf":{"@id":"https:\/\/fondationcab.com\/fr\/talk-by-sue-spaid"},"author":{"name":"nomisconception","@id":"https:\/\/fondationcab.com\/fr#\/schema\/person\/6785d8ff7f40c90f5fddfa8e2eda6e3d"},"headline":"CONFERENCE DE SUE SPAID","datePublished":"2017-06-20T09:26:54+00:00","dateModified":"2021-02-25T16:26:29+00:00","mainEntityOfPage":{"@id":"https:\/\/fondationcab.com\/fr\/talk-by-sue-spaid"},"wordCount":452,"publisher":{"@id":"https:\/\/fondationcab.com\/fr#organization"},"image":{"@id":"https:\/\/fondationcab.com\/fr\/talk-by-sue-spaid#primaryimage"},"thumbnailUrl":"https:\/\/fondationcab.com\/wp-content\/uploads\/2017\/06\/Sue-72.jpg","articleSection":["Talk"],"inLanguage":"fr-FR"},{"@type":"WebPage","@id":"https:\/\/fondationcab.com\/fr\/talk-by-sue-spaid","url":"https:\/\/fondationcab.com\/fr\/talk-by-sue-spaid","name":"CONFERENCE DE SUE SPAID - FONDATION CAB","isPartOf":{"@id":"https:\/\/fondationcab.com\/fr#website"},"primaryImageOfPage":{"@id":"https:\/\/fondationcab.com\/fr\/talk-by-sue-spaid#primaryimage"},"image":{"@id":"https:\/\/fondationcab.com\/fr\/talk-by-sue-spaid#primaryimage"},"thumbnailUrl":"https:\/\/fondationcab.com\/wp-content\/uploads\/2017\/06\/Sue-72.jpg","datePublished":"2017-06-20T09:26:54+00:00","dateModified":"2021-02-25T16:26:29+00:00","breadcrumb":{"@id":"https:\/\/fondationcab.com\/fr\/talk-by-sue-spaid#breadcrumb"},"inLanguage":"fr-FR","potentialAction":[{"@type":"ReadAction","target":["https:\/\/fondationcab.com\/fr\/talk-by-sue-spaid"]}]},{"@type":"ImageObject","inLanguage":"fr-FR","@id":"https:\/\/fondationcab.com\/fr\/talk-by-sue-spaid#primaryimage","url":"https:\/\/fondationcab.com\/wp-content\/uploads\/2017\/06\/Sue-72.jpg","contentUrl":"https:\/\/fondationcab.com\/wp-content\/uploads\/2017\/06\/Sue-72.jpg","width":1200,"height":840},{"@type":"BreadcrumbList","@id":"https:\/\/fondationcab.com\/fr\/talk-by-sue-spaid#breadcrumb","itemListElement":[{"@type":"ListItem","position":1,"name":"Home","item":"https:\/\/fondationcab.com\/fr"},{"@type":"ListItem","position":2,"name":"CONFERENCE DE SUE SPAID"}]},{"@type":"WebSite","@id":"https:\/\/fondationcab.com\/fr#website","url":"https:\/\/fondationcab.com\/fr","name":"FONDATION CAB","description":"ART CENTER BRUSSELS","publisher":{"@id":"https:\/\/fondationcab.com\/fr#organization"},"potentialAction":[{"@type":"SearchAction","target":{"@type":"EntryPoint","urlTemplate":"https:\/\/fondationcab.com\/fr?s={search_term_string}"},"query-input":{"@type":"PropertyValueSpecification","valueRequired":true,"valueName":"search_term_string"}}],"inLanguage":"fr-FR"},{"@type":"Organization","@id":"https:\/\/fondationcab.com\/fr#organization","name":"Fondation CAB","url":"https:\/\/fondationcab.com\/fr","logo":{"@type":"ImageObject","inLanguage":"fr-FR","@id":"https:\/\/fondationcab.com\/fr#\/schema\/logo\/image\/","url":"https:\/\/cab.storycoding.agency\/wp-content\/uploads\/2018\/03\/fondation_cab_logo.jpg","contentUrl":"https:\/\/cab.storycoding.agency\/wp-content\/uploads\/2018\/03\/fondation_cab_logo.jpg","width":250,"height":125,"caption":"Fondation CAB"},"image":{"@id":"https:\/\/fondationcab.com\/fr#\/schema\/logo\/image\/"},"sameAs":["https:\/\/www.facebook.com\/CABContemporaryArt\/","https:\/\/www.instagram.com\/fondation_cab\/","https:\/\/www.youtube.com\/channel\/UC4BG_XNA2Sn1VGimzwU60Aw"]},{"@type":"Person","@id":"https:\/\/fondationcab.com\/fr#\/schema\/person\/6785d8ff7f40c90f5fddfa8e2eda6e3d","name":"nomisconception"}]}},"_links":{"self":[{"href":"https:\/\/fondationcab.com\/fr\/wp-json\/wp\/v2\/posts\/1669","targetHints":{"allow":["GET"]}}],"collection":[{"href":"https:\/\/fondationcab.com\/fr\/wp-json\/wp\/v2\/posts"}],"about":[{"href":"https:\/\/fondationcab.com\/fr\/wp-json\/wp\/v2\/types\/post"}],"author":[{"embeddable":true,"href":"https:\/\/fondationcab.com\/fr\/wp-json\/wp\/v2\/users\/1"}],"replies":[{"embeddable":true,"href":"https:\/\/fondationcab.com\/fr\/wp-json\/wp\/v2\/comments?post=1669"}],"version-history":[{"count":0,"href":"https:\/\/fondationcab.com\/fr\/wp-json\/wp\/v2\/posts\/1669\/revisions"}],"wp:featuredmedia":[{"embeddable":true,"href":"https:\/\/fondationcab.com\/fr\/wp-json\/wp\/v2\/media\/2881"}],"wp:attachment":[{"href":"https:\/\/fondationcab.com\/fr\/wp-json\/wp\/v2\/media?parent=1669"}],"wp:term":[{"taxonomy":"category","embeddable":true,"href":"https:\/\/fondationcab.com\/fr\/wp-json\/wp\/v2\/categories?post=1669"},{"taxonomy":"post_tag","embeddable":true,"href":"https:\/\/fondationcab.com\/fr\/wp-json\/wp\/v2\/tags?post=1669"}],"curies":[{"name":"wp","href":"https:\/\/api.w.org\/{rel}","templated":true}]}}