{"id":1685,"date":"2016-04-01T10:39:50","date_gmt":"2016-04-01T09:39:50","guid":{"rendered":"https:\/\/fondationcab.com\/we-need-you"},"modified":"2021-02-25T17:26:31","modified_gmt":"2021-02-25T16:26:31","slug":"we-need-you","status":"publish","type":"post","link":"https:\/\/fondationcab.com\/fr\/we-need-you","title":{"rendered":"NOUS AVONS BESOIN DE VOUS"},"content":{"rendered":"<p>Dans le cadre de l&rsquo;exposition TRANSHUMANCE, Au-del\u00e0 des horizons cubains, l&rsquo;artiste cubain Jos\u00e9 Yaque invite la communaut\u00e9 bruxelloise \u00e0 participer \u00e0 la construction de son \u00ab\u00a0Interior con Hurac\u00e1n\u00a0\u00bb (2016). Telle une temp\u00eate, cette \u0153uvre d&rsquo;art met en sc\u00e8ne des objets environnants en mouvement.<br \/>\nLe th\u00e8me de l&rsquo;exposition \u00e9tant en relation avec la notion d&rsquo;habitat, il souhaite composer son \u0153uvre avec des objets personnels domestiques encore ch\u00e9ris ou non par leurs propri\u00e9taires. Ces objets apporteront leurs propres vies et histoires dans l&rsquo;\u0153uvre d&rsquo;art. Dans une approche proche de l&rsquo;Esth\u00e9tique Relationnelle, Yaque croit \u00e0 l&rsquo;id\u00e9e d&rsquo;une exp\u00e9rience collective, dont il n&rsquo;est pas le seul conteur, mais o\u00f9 le public pourrait ajouter son histoire en offrant ses propres objets et en compl\u00e9tant ainsi l&rsquo;\u0153uvre d&rsquo;art.<\/p>\n<p>VERNISSAGE de l&rsquo;exposition le 18 avril de 18 \u00c0 21 heures<\/p>\n<p>Exposition du 19 avril au 25 juin<br \/>\nDu mercredi au samedi de 14 \u00e0 18 heures<\/p>\n","protected":false},"excerpt":{"rendered":"<p>Dans le cadre de l&rsquo;exposition TRANSHUMANCE, Au-del\u00e0 des horizons cubains, l&rsquo;artiste cubain Jos\u00e9 Yaque invite la communaut\u00e9 bruxelloise \u00e0 participer \u00e0 la construction de son \u00ab\u00a0Interior con Hurac\u00e1n\u00a0\u00bb (2016). Telle une temp\u00eate, cette \u0153uvre d&rsquo;art met en sc\u00e8ne des objets environnants en mouvement. Le th\u00e8me de l&rsquo;exposition \u00e9tant en relation avec la notion d&rsquo;habitat, il&nbsp; <a href=\"https:\/\/fondationcab.com\/fr\/we-need-you\">&hellip; Read more <i class=\"glyphicon glyphicon-arrow-right\"><\/i><\/a><\/p>\n","protected":false},"author":1,"featured_media":2925,"comment_status":"closed","ping_status":"closed","sticky":false,"template":"","format":"standard","meta":{"_acf_changed":false,"footnotes":""},"categories":[17],"tags":[],"class_list":["post-1685","post","type-post","status-publish","format-standard","has-post-thumbnail","hentry","category-performance-fr","cities-bruxelles"],"acf":[],"yoast_head":"<!-- This site is optimized with the Yoast SEO plugin v27.5 - https:\/\/yoast.com\/product\/yoast-seo-wordpress\/ -->\n<title>NOUS AVONS BESOIN DE VOUS - FONDATION CAB<\/title>\n<meta name=\"description\" content=\"Le CAB vous invite \u00e0 apporter des objets que vous n&#039;utilisez plus (max 150 x 50 cm, 10 Kg). Il peut s&#039;agir de v\u00eatements, de petits meubles, de vieux jouets, d&#039;articles de sport, etc.\" \/>\n<meta name=\"robots\" content=\"index, follow, max-snippet:-1, max-image-preview:large, max-video-preview:-1\" \/>\n<link rel=\"canonical\" href=\"https:\/\/fondationcab.com\/fr\/we-need-you\" \/>\n<meta property=\"og:locale\" content=\"fr_FR\" \/>\n<meta property=\"og:type\" content=\"article\" \/>\n<meta property=\"og:title\" content=\"NOUS AVONS BESOIN DE VOUS - FONDATION CAB\" \/>\n<meta property=\"og:description\" content=\"Le CAB vous invite \u00e0 apporter des objets que vous n&#039;utilisez plus (max 150 x 50 cm, 10 Kg). Il peut s&#039;agir de v\u00eatements, de petits meubles, de vieux jouets, d&#039;articles de sport, etc.\" \/>\n<meta property=\"og:url\" content=\"https:\/\/fondationcab.com\/fr\/we-need-you\" \/>\n<meta property=\"og:site_name\" content=\"FONDATION CAB\" \/>\n<meta property=\"article:publisher\" content=\"https:\/\/www.facebook.com\/CABContemporaryArt\/\" \/>\n<meta property=\"article:published_time\" content=\"2016-04-01T09:39:50+00:00\" \/>\n<meta property=\"article:modified_time\" content=\"2021-02-25T16:26:31+00:00\" \/>\n<meta property=\"og:image\" content=\"https:\/\/fondationcab.com\/wp-content\/uploads\/2016\/04\/Screenshot-2019-02-27-at-12.49.46.png\" \/>\n\t<meta property=\"og:image:width\" content=\"1200\" \/>\n\t<meta property=\"og:image:height\" content=\"840\" \/>\n\t<meta property=\"og:image:type\" content=\"image\/png\" \/>\n<meta name=\"author\" content=\"nomisconception\" \/>\n<meta name=\"twitter:card\" content=\"summary_large_image\" \/>\n<meta name=\"twitter:label1\" content=\"\u00c9crit par\" \/>\n\t<meta name=\"twitter:data1\" content=\"nomisconception\" \/>\n\t<meta name=\"twitter:label2\" content=\"Dur\u00e9e de lecture estim\u00e9e\" \/>\n\t<meta name=\"twitter:data2\" content=\"1 minute\" \/>\n<script type=\"application\/ld+json\" class=\"yoast-schema-graph\">{\"@context\":\"https:\\\/\\\/schema.org\",\"@graph\":[{\"@type\":\"Article\",\"@id\":\"https:\\\/\\\/fondationcab.com\\\/fr\\\/we-need-you#article\",\"isPartOf\":{\"@id\":\"https:\\\/\\\/fondationcab.com\\\/fr\\\/we-need-you\"},\"author\":{\"name\":\"nomisconception\",\"@id\":\"https:\\\/\\\/fondationcab.com\\\/fr#\\\/schema\\\/person\\\/6785d8ff7f40c90f5fddfa8e2eda6e3d\"},\"headline\":\"NOUS AVONS BESOIN DE VOUS\",\"datePublished\":\"2016-04-01T09:39:50+00:00\",\"dateModified\":\"2021-02-25T16:26:31+00:00\",\"mainEntityOfPage\":{\"@id\":\"https:\\\/\\\/fondationcab.com\\\/fr\\\/we-need-you\"},\"wordCount\":165,\"publisher\":{\"@id\":\"https:\\\/\\\/fondationcab.com\\\/fr#organization\"},\"image\":{\"@id\":\"https:\\\/\\\/fondationcab.com\\\/fr\\\/we-need-you#primaryimage\"},\"thumbnailUrl\":\"https:\\\/\\\/fondationcab.com\\\/wp-content\\\/uploads\\\/2016\\\/04\\\/Screenshot-2019-02-27-at-12.49.46.png\",\"articleSection\":[\"Performance\"],\"inLanguage\":\"fr-FR\"},{\"@type\":\"WebPage\",\"@id\":\"https:\\\/\\\/fondationcab.com\\\/fr\\\/we-need-you\",\"url\":\"https:\\\/\\\/fondationcab.com\\\/fr\\\/we-need-you\",\"name\":\"NOUS AVONS BESOIN DE VOUS - FONDATION CAB\",\"isPartOf\":{\"@id\":\"https:\\\/\\\/fondationcab.com\\\/fr#website\"},\"primaryImageOfPage\":{\"@id\":\"https:\\\/\\\/fondationcab.com\\\/fr\\\/we-need-you#primaryimage\"},\"image\":{\"@id\":\"https:\\\/\\\/fondationcab.com\\\/fr\\\/we-need-you#primaryimage\"},\"thumbnailUrl\":\"https:\\\/\\\/fondationcab.com\\\/wp-content\\\/uploads\\\/2016\\\/04\\\/Screenshot-2019-02-27-at-12.49.46.png\",\"datePublished\":\"2016-04-01T09:39:50+00:00\",\"dateModified\":\"2021-02-25T16:26:31+00:00\",\"description\":\"Le CAB vous invite \u00e0 apporter des objets que vous n'utilisez plus (max 150 x 50 cm, 10 Kg). Il peut s'agir de v\u00eatements, de petits meubles, de vieux jouets, d'articles de sport, etc.\",\"breadcrumb\":{\"@id\":\"https:\\\/\\\/fondationcab.com\\\/fr\\\/we-need-you#breadcrumb\"},\"inLanguage\":\"fr-FR\",\"potentialAction\":[{\"@type\":\"ReadAction\",\"target\":[\"https:\\\/\\\/fondationcab.com\\\/fr\\\/we-need-you\"]}]},{\"@type\":\"ImageObject\",\"inLanguage\":\"fr-FR\",\"@id\":\"https:\\\/\\\/fondationcab.com\\\/fr\\\/we-need-you#primaryimage\",\"url\":\"https:\\\/\\\/fondationcab.com\\\/wp-content\\\/uploads\\\/2016\\\/04\\\/Screenshot-2019-02-27-at-12.49.46.png\",\"contentUrl\":\"https:\\\/\\\/fondationcab.com\\\/wp-content\\\/uploads\\\/2016\\\/04\\\/Screenshot-2019-02-27-at-12.49.46.png\",\"width\":1200,\"height\":840},{\"@type\":\"BreadcrumbList\",\"@id\":\"https:\\\/\\\/fondationcab.com\\\/fr\\\/we-need-you#breadcrumb\",\"itemListElement\":[{\"@type\":\"ListItem\",\"position\":1,\"name\":\"Home\",\"item\":\"https:\\\/\\\/fondationcab.com\\\/fr\"},{\"@type\":\"ListItem\",\"position\":2,\"name\":\"NOUS AVONS BESOIN DE VOUS\"}]},{\"@type\":\"WebSite\",\"@id\":\"https:\\\/\\\/fondationcab.com\\\/fr#website\",\"url\":\"https:\\\/\\\/fondationcab.com\\\/fr\",\"name\":\"FONDATION CAB\",\"description\":\"ART CENTER BRUSSELS\",\"publisher\":{\"@id\":\"https:\\\/\\\/fondationcab.com\\\/fr#organization\"},\"potentialAction\":[{\"@type\":\"SearchAction\",\"target\":{\"@type\":\"EntryPoint\",\"urlTemplate\":\"https:\\\/\\\/fondationcab.com\\\/fr?s={search_term_string}\"},\"query-input\":{\"@type\":\"PropertyValueSpecification\",\"valueRequired\":true,\"valueName\":\"search_term_string\"}}],\"inLanguage\":\"fr-FR\"},{\"@type\":\"Organization\",\"@id\":\"https:\\\/\\\/fondationcab.com\\\/fr#organization\",\"name\":\"Fondation CAB\",\"url\":\"https:\\\/\\\/fondationcab.com\\\/fr\",\"logo\":{\"@type\":\"ImageObject\",\"inLanguage\":\"fr-FR\",\"@id\":\"https:\\\/\\\/fondationcab.com\\\/fr#\\\/schema\\\/logo\\\/image\\\/\",\"url\":\"https:\\\/\\\/cab.storycoding.agency\\\/wp-content\\\/uploads\\\/2018\\\/03\\\/fondation_cab_logo.jpg\",\"contentUrl\":\"https:\\\/\\\/cab.storycoding.agency\\\/wp-content\\\/uploads\\\/2018\\\/03\\\/fondation_cab_logo.jpg\",\"width\":250,\"height\":125,\"caption\":\"Fondation CAB\"},\"image\":{\"@id\":\"https:\\\/\\\/fondationcab.com\\\/fr#\\\/schema\\\/logo\\\/image\\\/\"},\"sameAs\":[\"https:\\\/\\\/www.facebook.com\\\/CABContemporaryArt\\\/\",\"https:\\\/\\\/www.instagram.com\\\/fondation_cab\\\/\",\"https:\\\/\\\/www.youtube.com\\\/channel\\\/UC4BG_XNA2Sn1VGimzwU60Aw\"]},{\"@type\":\"Person\",\"@id\":\"https:\\\/\\\/fondationcab.com\\\/fr#\\\/schema\\\/person\\\/6785d8ff7f40c90f5fddfa8e2eda6e3d\",\"name\":\"nomisconception\"}]}<\/script>\n<!-- \/ Yoast SEO plugin. -->","yoast_head_json":{"title":"NOUS AVONS BESOIN DE VOUS - FONDATION CAB","description":"Le CAB vous invite \u00e0 apporter des objets que vous n'utilisez plus (max 150 x 50 cm, 10 Kg). Il peut s'agir de v\u00eatements, de petits meubles, de vieux jouets, d'articles de sport, etc.","robots":{"index":"index","follow":"follow","max-snippet":"max-snippet:-1","max-image-preview":"max-image-preview:large","max-video-preview":"max-video-preview:-1"},"canonical":"https:\/\/fondationcab.com\/fr\/we-need-you","og_locale":"fr_FR","og_type":"article","og_title":"NOUS AVONS BESOIN DE VOUS - FONDATION CAB","og_description":"Le CAB vous invite \u00e0 apporter des objets que vous n'utilisez plus (max 150 x 50 cm, 10 Kg). Il peut s'agir de v\u00eatements, de petits meubles, de vieux jouets, d'articles de sport, etc.","og_url":"https:\/\/fondationcab.com\/fr\/we-need-you","og_site_name":"FONDATION CAB","article_publisher":"https:\/\/www.facebook.com\/CABContemporaryArt\/","article_published_time":"2016-04-01T09:39:50+00:00","article_modified_time":"2021-02-25T16:26:31+00:00","og_image":[{"width":1200,"height":840,"url":"https:\/\/fondationcab.com\/wp-content\/uploads\/2016\/04\/Screenshot-2019-02-27-at-12.49.46.png","type":"image\/png"}],"author":"nomisconception","twitter_card":"summary_large_image","twitter_misc":{"\u00c9crit par":"nomisconception","Dur\u00e9e de lecture estim\u00e9e":"1 minute"},"schema":{"@context":"https:\/\/schema.org","@graph":[{"@type":"Article","@id":"https:\/\/fondationcab.com\/fr\/we-need-you#article","isPartOf":{"@id":"https:\/\/fondationcab.com\/fr\/we-need-you"},"author":{"name":"nomisconception","@id":"https:\/\/fondationcab.com\/fr#\/schema\/person\/6785d8ff7f40c90f5fddfa8e2eda6e3d"},"headline":"NOUS AVONS BESOIN DE VOUS","datePublished":"2016-04-01T09:39:50+00:00","dateModified":"2021-02-25T16:26:31+00:00","mainEntityOfPage":{"@id":"https:\/\/fondationcab.com\/fr\/we-need-you"},"wordCount":165,"publisher":{"@id":"https:\/\/fondationcab.com\/fr#organization"},"image":{"@id":"https:\/\/fondationcab.com\/fr\/we-need-you#primaryimage"},"thumbnailUrl":"https:\/\/fondationcab.com\/wp-content\/uploads\/2016\/04\/Screenshot-2019-02-27-at-12.49.46.png","articleSection":["Performance"],"inLanguage":"fr-FR"},{"@type":"WebPage","@id":"https:\/\/fondationcab.com\/fr\/we-need-you","url":"https:\/\/fondationcab.com\/fr\/we-need-you","name":"NOUS AVONS BESOIN DE VOUS - FONDATION CAB","isPartOf":{"@id":"https:\/\/fondationcab.com\/fr#website"},"primaryImageOfPage":{"@id":"https:\/\/fondationcab.com\/fr\/we-need-you#primaryimage"},"image":{"@id":"https:\/\/fondationcab.com\/fr\/we-need-you#primaryimage"},"thumbnailUrl":"https:\/\/fondationcab.com\/wp-content\/uploads\/2016\/04\/Screenshot-2019-02-27-at-12.49.46.png","datePublished":"2016-04-01T09:39:50+00:00","dateModified":"2021-02-25T16:26:31+00:00","description":"Le CAB vous invite \u00e0 apporter des objets que vous n'utilisez plus (max 150 x 50 cm, 10 Kg). Il peut s'agir de v\u00eatements, de petits meubles, de vieux jouets, d'articles de sport, etc.","breadcrumb":{"@id":"https:\/\/fondationcab.com\/fr\/we-need-you#breadcrumb"},"inLanguage":"fr-FR","potentialAction":[{"@type":"ReadAction","target":["https:\/\/fondationcab.com\/fr\/we-need-you"]}]},{"@type":"ImageObject","inLanguage":"fr-FR","@id":"https:\/\/fondationcab.com\/fr\/we-need-you#primaryimage","url":"https:\/\/fondationcab.com\/wp-content\/uploads\/2016\/04\/Screenshot-2019-02-27-at-12.49.46.png","contentUrl":"https:\/\/fondationcab.com\/wp-content\/uploads\/2016\/04\/Screenshot-2019-02-27-at-12.49.46.png","width":1200,"height":840},{"@type":"BreadcrumbList","@id":"https:\/\/fondationcab.com\/fr\/we-need-you#breadcrumb","itemListElement":[{"@type":"ListItem","position":1,"name":"Home","item":"https:\/\/fondationcab.com\/fr"},{"@type":"ListItem","position":2,"name":"NOUS AVONS BESOIN DE VOUS"}]},{"@type":"WebSite","@id":"https:\/\/fondationcab.com\/fr#website","url":"https:\/\/fondationcab.com\/fr","name":"FONDATION CAB","description":"ART CENTER BRUSSELS","publisher":{"@id":"https:\/\/fondationcab.com\/fr#organization"},"potentialAction":[{"@type":"SearchAction","target":{"@type":"EntryPoint","urlTemplate":"https:\/\/fondationcab.com\/fr?s={search_term_string}"},"query-input":{"@type":"PropertyValueSpecification","valueRequired":true,"valueName":"search_term_string"}}],"inLanguage":"fr-FR"},{"@type":"Organization","@id":"https:\/\/fondationcab.com\/fr#organization","name":"Fondation CAB","url":"https:\/\/fondationcab.com\/fr","logo":{"@type":"ImageObject","inLanguage":"fr-FR","@id":"https:\/\/fondationcab.com\/fr#\/schema\/logo\/image\/","url":"https:\/\/cab.storycoding.agency\/wp-content\/uploads\/2018\/03\/fondation_cab_logo.jpg","contentUrl":"https:\/\/cab.storycoding.agency\/wp-content\/uploads\/2018\/03\/fondation_cab_logo.jpg","width":250,"height":125,"caption":"Fondation CAB"},"image":{"@id":"https:\/\/fondationcab.com\/fr#\/schema\/logo\/image\/"},"sameAs":["https:\/\/www.facebook.com\/CABContemporaryArt\/","https:\/\/www.instagram.com\/fondation_cab\/","https:\/\/www.youtube.com\/channel\/UC4BG_XNA2Sn1VGimzwU60Aw"]},{"@type":"Person","@id":"https:\/\/fondationcab.com\/fr#\/schema\/person\/6785d8ff7f40c90f5fddfa8e2eda6e3d","name":"nomisconception"}]}},"_links":{"self":[{"href":"https:\/\/fondationcab.com\/fr\/wp-json\/wp\/v2\/posts\/1685","targetHints":{"allow":["GET"]}}],"collection":[{"href":"https:\/\/fondationcab.com\/fr\/wp-json\/wp\/v2\/posts"}],"about":[{"href":"https:\/\/fondationcab.com\/fr\/wp-json\/wp\/v2\/types\/post"}],"author":[{"embeddable":true,"href":"https:\/\/fondationcab.com\/fr\/wp-json\/wp\/v2\/users\/1"}],"replies":[{"embeddable":true,"href":"https:\/\/fondationcab.com\/fr\/wp-json\/wp\/v2\/comments?post=1685"}],"version-history":[{"count":0,"href":"https:\/\/fondationcab.com\/fr\/wp-json\/wp\/v2\/posts\/1685\/revisions"}],"wp:featuredmedia":[{"embeddable":true,"href":"https:\/\/fondationcab.com\/fr\/wp-json\/wp\/v2\/media\/2925"}],"wp:attachment":[{"href":"https:\/\/fondationcab.com\/fr\/wp-json\/wp\/v2\/media?parent=1685"}],"wp:term":[{"taxonomy":"category","embeddable":true,"href":"https:\/\/fondationcab.com\/fr\/wp-json\/wp\/v2\/categories?post=1685"},{"taxonomy":"post_tag","embeddable":true,"href":"https:\/\/fondationcab.com\/fr\/wp-json\/wp\/v2\/tags?post=1685"}],"curies":[{"name":"wp","href":"https:\/\/api.w.org\/{rel}","templated":true}]}}