{"id":16887,"date":"2026-04-29T17:30:38","date_gmt":"2026-04-29T15:30:38","guid":{"rendered":"https:\/\/fondationcab.com\/festival-saint-paul-de-vence"},"modified":"2026-04-29T17:34:39","modified_gmt":"2026-04-29T15:34:39","slug":"festival-saint-paul-de-vence","status":"publish","type":"post","link":"https:\/\/fondationcab.com\/fr\/festival-saint-paul-de-vence","title":{"rendered":"Festival Saint Paul de Vence"},"content":{"rendered":"<p>Louise Charbonnel, artiste multi-instrumentiste, voyage entre les r\u00e9gions comme elle voyage entre les genres, construisant une plan\u00e8te musicale \u00e0 la crois\u00e9e de la pop, du classique et du jazz. Sa voix puissante et ses arrangements hypnotiques se d\u00e9ploient sur sc\u00e8ne aux c\u00f4t\u00e9s de Solal Galli, qui tisse une mati\u00e8re sonore \u00e0 la fois synth\u00e9tique et analogique.<br \/>\nLouise Charbonnel, r\u00e9v\u00e9l\u00e9e aux Inou\u00efs du Printemps de Bourges 2025, est Artiste G\u00e9n\u00e9ration SPEDIDAM 2025-2027. Elle pr\u00e9pare aujourd\u2019hui la sortie de son premier album, How To Be Confused About Happiness, pr\u00e9vue pour l\u2019automne 2026 , une \u0153uvre qui explore avec finesse les contours du bonheur, ses paradoxes et ses \u00e9volutions, entre introspection, \u00e9motion et intensit\u00e9 sc\u00e9nique.<\/p>\n","protected":false},"excerpt":{"rendered":"<p>Louise Charbonnel, artiste multi-instrumentiste, voyage entre les r\u00e9gions comme elle voyage entre les genres, construisant une plan\u00e8te musicale \u00e0 la crois\u00e9e de la pop, du classique et du jazz. Sa voix puissante et ses arrangements hypnotiques se d\u00e9ploient sur sc\u00e8ne aux c\u00f4t\u00e9s de Solal Galli, qui tisse une mati\u00e8re sonore \u00e0 la fois synth\u00e9tique et&nbsp; <a href=\"https:\/\/fondationcab.com\/fr\/festival-saint-paul-de-vence\">&hellip; Read more <i class=\"glyphicon glyphicon-arrow-right\"><\/i><\/a><\/p>\n","protected":false},"author":4,"featured_media":16874,"comment_status":"closed","ping_status":"closed","sticky":false,"template":"","format":"standard","meta":{"_acf_changed":false,"footnotes":""},"categories":[9],"tags":[],"class_list":["post-16887","post","type-post","status-publish","format-standard","has-post-thumbnail","hentry","category-non-classifiee","cities-saint-paul-de-vence-fr"],"acf":[],"yoast_head":"<!-- This site is optimized with the Yoast SEO plugin v27.5 - https:\/\/yoast.com\/product\/yoast-seo-wordpress\/ -->\n<title>Festival Saint Paul de Vence - FONDATION CAB<\/title>\n<meta name=\"description\" content=\"Rejoignez-nous \u00e0 la Fondation CAB le samedi 25 juillet 2026. Ouverture des portes \u00e0 20h pour une visite priv\u00e9e de l\u2019exposition, suivie du concert qui d\u00e9butera pr\u00e9cis\u00e9ment \u00e0 21h.\" \/>\n<meta name=\"robots\" content=\"index, follow, max-snippet:-1, max-image-preview:large, max-video-preview:-1\" \/>\n<link rel=\"canonical\" href=\"https:\/\/fondationcab.com\/fr\/festival-saint-paul-de-vence\" \/>\n<meta property=\"og:locale\" content=\"fr_FR\" \/>\n<meta property=\"og:type\" content=\"article\" \/>\n<meta property=\"og:title\" content=\"Festival Saint Paul de Vence - FONDATION CAB\" \/>\n<meta property=\"og:description\" content=\"Rejoignez-nous \u00e0 la Fondation CAB le samedi 25 juillet 2026. Ouverture des portes \u00e0 20h pour une visite priv\u00e9e de l\u2019exposition, suivie du concert qui d\u00e9butera pr\u00e9cis\u00e9ment \u00e0 21h.\" \/>\n<meta property=\"og:url\" content=\"https:\/\/fondationcab.com\/fr\/festival-saint-paul-de-vence\" \/>\n<meta property=\"og:site_name\" content=\"FONDATION CAB\" \/>\n<meta property=\"article:publisher\" content=\"https:\/\/www.facebook.com\/CABContemporaryArt\/\" \/>\n<meta property=\"article:published_time\" content=\"2026-04-29T15:30:38+00:00\" \/>\n<meta property=\"article:modified_time\" content=\"2026-04-29T15:34:39+00:00\" \/>\n<meta property=\"og:image\" content=\"https:\/\/fondationcab.com\/wp-content\/uploads\/2026\/04\/Screenshot-2026-04-29-at-16.30.57-1-970x675.png\" \/>\n\t<meta property=\"og:image:width\" content=\"970\" \/>\n\t<meta property=\"og:image:height\" content=\"675\" \/>\n\t<meta property=\"og:image:type\" content=\"image\/png\" \/>\n<meta name=\"author\" content=\"eleonore\" \/>\n<meta name=\"twitter:card\" content=\"summary_large_image\" \/>\n<meta name=\"twitter:label1\" content=\"\u00c9crit par\" \/>\n\t<meta name=\"twitter:data1\" content=\"eleonore\" \/>\n\t<meta name=\"twitter:label2\" content=\"Dur\u00e9e de lecture estim\u00e9e\" \/>\n\t<meta name=\"twitter:data2\" content=\"1 minute\" \/>\n<script type=\"application\/ld+json\" class=\"yoast-schema-graph\">{\"@context\":\"https:\\\/\\\/schema.org\",\"@graph\":[{\"@type\":\"Article\",\"@id\":\"https:\\\/\\\/fondationcab.com\\\/fr\\\/festival-saint-paul-de-vence#article\",\"isPartOf\":{\"@id\":\"https:\\\/\\\/fondationcab.com\\\/fr\\\/festival-saint-paul-de-vence\"},\"author\":{\"name\":\"eleonore\",\"@id\":\"https:\\\/\\\/fondationcab.com\\\/fr#\\\/schema\\\/person\\\/97e81405a09028aa359b90ec71ff6bd8\"},\"headline\":\"Festival Saint Paul de Vence\",\"datePublished\":\"2026-04-29T15:30:38+00:00\",\"dateModified\":\"2026-04-29T15:34:39+00:00\",\"mainEntityOfPage\":{\"@id\":\"https:\\\/\\\/fondationcab.com\\\/fr\\\/festival-saint-paul-de-vence\"},\"wordCount\":132,\"publisher\":{\"@id\":\"https:\\\/\\\/fondationcab.com\\\/fr#organization\"},\"image\":{\"@id\":\"https:\\\/\\\/fondationcab.com\\\/fr\\\/festival-saint-paul-de-vence#primaryimage\"},\"thumbnailUrl\":\"https:\\\/\\\/fondationcab.com\\\/wp-content\\\/uploads\\\/2026\\\/04\\\/Screenshot-2026-04-29-at-16.30.57-1.png\",\"articleSection\":[\"Non classifi\u00e9(e)\"],\"inLanguage\":\"fr-FR\"},{\"@type\":\"WebPage\",\"@id\":\"https:\\\/\\\/fondationcab.com\\\/fr\\\/festival-saint-paul-de-vence\",\"url\":\"https:\\\/\\\/fondationcab.com\\\/fr\\\/festival-saint-paul-de-vence\",\"name\":\"Festival Saint Paul de Vence - FONDATION CAB\",\"isPartOf\":{\"@id\":\"https:\\\/\\\/fondationcab.com\\\/fr#website\"},\"primaryImageOfPage\":{\"@id\":\"https:\\\/\\\/fondationcab.com\\\/fr\\\/festival-saint-paul-de-vence#primaryimage\"},\"image\":{\"@id\":\"https:\\\/\\\/fondationcab.com\\\/fr\\\/festival-saint-paul-de-vence#primaryimage\"},\"thumbnailUrl\":\"https:\\\/\\\/fondationcab.com\\\/wp-content\\\/uploads\\\/2026\\\/04\\\/Screenshot-2026-04-29-at-16.30.57-1.png\",\"datePublished\":\"2026-04-29T15:30:38+00:00\",\"dateModified\":\"2026-04-29T15:34:39+00:00\",\"description\":\"Rejoignez-nous \u00e0 la Fondation CAB le samedi 25 juillet 2026. Ouverture des portes \u00e0 20h pour une visite priv\u00e9e de l\u2019exposition, suivie du concert qui d\u00e9butera pr\u00e9cis\u00e9ment \u00e0 21h.\",\"breadcrumb\":{\"@id\":\"https:\\\/\\\/fondationcab.com\\\/fr\\\/festival-saint-paul-de-vence#breadcrumb\"},\"inLanguage\":\"fr-FR\",\"potentialAction\":[{\"@type\":\"ReadAction\",\"target\":[\"https:\\\/\\\/fondationcab.com\\\/fr\\\/festival-saint-paul-de-vence\"]}]},{\"@type\":\"ImageObject\",\"inLanguage\":\"fr-FR\",\"@id\":\"https:\\\/\\\/fondationcab.com\\\/fr\\\/festival-saint-paul-de-vence#primaryimage\",\"url\":\"https:\\\/\\\/fondationcab.com\\\/wp-content\\\/uploads\\\/2026\\\/04\\\/Screenshot-2026-04-29-at-16.30.57-1.png\",\"contentUrl\":\"https:\\\/\\\/fondationcab.com\\\/wp-content\\\/uploads\\\/2026\\\/04\\\/Screenshot-2026-04-29-at-16.30.57-1.png\",\"width\":1884,\"height\":1312},{\"@type\":\"BreadcrumbList\",\"@id\":\"https:\\\/\\\/fondationcab.com\\\/fr\\\/festival-saint-paul-de-vence#breadcrumb\",\"itemListElement\":[{\"@type\":\"ListItem\",\"position\":1,\"name\":\"Home\",\"item\":\"https:\\\/\\\/fondationcab.com\\\/fr\"},{\"@type\":\"ListItem\",\"position\":2,\"name\":\"Festival Saint Paul de Vence\"}]},{\"@type\":\"WebSite\",\"@id\":\"https:\\\/\\\/fondationcab.com\\\/fr#website\",\"url\":\"https:\\\/\\\/fondationcab.com\\\/fr\",\"name\":\"FONDATION CAB\",\"description\":\"ART CENTER BRUSSELS\",\"publisher\":{\"@id\":\"https:\\\/\\\/fondationcab.com\\\/fr#organization\"},\"potentialAction\":[{\"@type\":\"SearchAction\",\"target\":{\"@type\":\"EntryPoint\",\"urlTemplate\":\"https:\\\/\\\/fondationcab.com\\\/fr?s={search_term_string}\"},\"query-input\":{\"@type\":\"PropertyValueSpecification\",\"valueRequired\":true,\"valueName\":\"search_term_string\"}}],\"inLanguage\":\"fr-FR\"},{\"@type\":\"Organization\",\"@id\":\"https:\\\/\\\/fondationcab.com\\\/fr#organization\",\"name\":\"Fondation CAB\",\"url\":\"https:\\\/\\\/fondationcab.com\\\/fr\",\"logo\":{\"@type\":\"ImageObject\",\"inLanguage\":\"fr-FR\",\"@id\":\"https:\\\/\\\/fondationcab.com\\\/fr#\\\/schema\\\/logo\\\/image\\\/\",\"url\":\"https:\\\/\\\/cab.storycoding.agency\\\/wp-content\\\/uploads\\\/2018\\\/03\\\/fondation_cab_logo.jpg\",\"contentUrl\":\"https:\\\/\\\/cab.storycoding.agency\\\/wp-content\\\/uploads\\\/2018\\\/03\\\/fondation_cab_logo.jpg\",\"width\":250,\"height\":125,\"caption\":\"Fondation CAB\"},\"image\":{\"@id\":\"https:\\\/\\\/fondationcab.com\\\/fr#\\\/schema\\\/logo\\\/image\\\/\"},\"sameAs\":[\"https:\\\/\\\/www.facebook.com\\\/CABContemporaryArt\\\/\",\"https:\\\/\\\/www.instagram.com\\\/fondation_cab\\\/\",\"https:\\\/\\\/www.youtube.com\\\/channel\\\/UC4BG_XNA2Sn1VGimzwU60Aw\"]},{\"@type\":\"Person\",\"@id\":\"https:\\\/\\\/fondationcab.com\\\/fr#\\\/schema\\\/person\\\/97e81405a09028aa359b90ec71ff6bd8\",\"name\":\"eleonore\"}]}<\/script>\n<!-- \/ Yoast SEO plugin. -->","yoast_head_json":{"title":"Festival Saint Paul de Vence - FONDATION CAB","description":"Rejoignez-nous \u00e0 la Fondation CAB le samedi 25 juillet 2026. Ouverture des portes \u00e0 20h pour une visite priv\u00e9e de l\u2019exposition, suivie du concert qui d\u00e9butera pr\u00e9cis\u00e9ment \u00e0 21h.","robots":{"index":"index","follow":"follow","max-snippet":"max-snippet:-1","max-image-preview":"max-image-preview:large","max-video-preview":"max-video-preview:-1"},"canonical":"https:\/\/fondationcab.com\/fr\/festival-saint-paul-de-vence","og_locale":"fr_FR","og_type":"article","og_title":"Festival Saint Paul de Vence - FONDATION CAB","og_description":"Rejoignez-nous \u00e0 la Fondation CAB le samedi 25 juillet 2026. Ouverture des portes \u00e0 20h pour une visite priv\u00e9e de l\u2019exposition, suivie du concert qui d\u00e9butera pr\u00e9cis\u00e9ment \u00e0 21h.","og_url":"https:\/\/fondationcab.com\/fr\/festival-saint-paul-de-vence","og_site_name":"FONDATION CAB","article_publisher":"https:\/\/www.facebook.com\/CABContemporaryArt\/","article_published_time":"2026-04-29T15:30:38+00:00","article_modified_time":"2026-04-29T15:34:39+00:00","og_image":[{"width":970,"height":675,"url":"https:\/\/fondationcab.com\/wp-content\/uploads\/2026\/04\/Screenshot-2026-04-29-at-16.30.57-1-970x675.png","type":"image\/png"}],"author":"eleonore","twitter_card":"summary_large_image","twitter_misc":{"\u00c9crit par":"eleonore","Dur\u00e9e de lecture estim\u00e9e":"1 minute"},"schema":{"@context":"https:\/\/schema.org","@graph":[{"@type":"Article","@id":"https:\/\/fondationcab.com\/fr\/festival-saint-paul-de-vence#article","isPartOf":{"@id":"https:\/\/fondationcab.com\/fr\/festival-saint-paul-de-vence"},"author":{"name":"eleonore","@id":"https:\/\/fondationcab.com\/fr#\/schema\/person\/97e81405a09028aa359b90ec71ff6bd8"},"headline":"Festival Saint Paul de Vence","datePublished":"2026-04-29T15:30:38+00:00","dateModified":"2026-04-29T15:34:39+00:00","mainEntityOfPage":{"@id":"https:\/\/fondationcab.com\/fr\/festival-saint-paul-de-vence"},"wordCount":132,"publisher":{"@id":"https:\/\/fondationcab.com\/fr#organization"},"image":{"@id":"https:\/\/fondationcab.com\/fr\/festival-saint-paul-de-vence#primaryimage"},"thumbnailUrl":"https:\/\/fondationcab.com\/wp-content\/uploads\/2026\/04\/Screenshot-2026-04-29-at-16.30.57-1.png","articleSection":["Non classifi\u00e9(e)"],"inLanguage":"fr-FR"},{"@type":"WebPage","@id":"https:\/\/fondationcab.com\/fr\/festival-saint-paul-de-vence","url":"https:\/\/fondationcab.com\/fr\/festival-saint-paul-de-vence","name":"Festival Saint Paul de Vence - FONDATION CAB","isPartOf":{"@id":"https:\/\/fondationcab.com\/fr#website"},"primaryImageOfPage":{"@id":"https:\/\/fondationcab.com\/fr\/festival-saint-paul-de-vence#primaryimage"},"image":{"@id":"https:\/\/fondationcab.com\/fr\/festival-saint-paul-de-vence#primaryimage"},"thumbnailUrl":"https:\/\/fondationcab.com\/wp-content\/uploads\/2026\/04\/Screenshot-2026-04-29-at-16.30.57-1.png","datePublished":"2026-04-29T15:30:38+00:00","dateModified":"2026-04-29T15:34:39+00:00","description":"Rejoignez-nous \u00e0 la Fondation CAB le samedi 25 juillet 2026. Ouverture des portes \u00e0 20h pour une visite priv\u00e9e de l\u2019exposition, suivie du concert qui d\u00e9butera pr\u00e9cis\u00e9ment \u00e0 21h.","breadcrumb":{"@id":"https:\/\/fondationcab.com\/fr\/festival-saint-paul-de-vence#breadcrumb"},"inLanguage":"fr-FR","potentialAction":[{"@type":"ReadAction","target":["https:\/\/fondationcab.com\/fr\/festival-saint-paul-de-vence"]}]},{"@type":"ImageObject","inLanguage":"fr-FR","@id":"https:\/\/fondationcab.com\/fr\/festival-saint-paul-de-vence#primaryimage","url":"https:\/\/fondationcab.com\/wp-content\/uploads\/2026\/04\/Screenshot-2026-04-29-at-16.30.57-1.png","contentUrl":"https:\/\/fondationcab.com\/wp-content\/uploads\/2026\/04\/Screenshot-2026-04-29-at-16.30.57-1.png","width":1884,"height":1312},{"@type":"BreadcrumbList","@id":"https:\/\/fondationcab.com\/fr\/festival-saint-paul-de-vence#breadcrumb","itemListElement":[{"@type":"ListItem","position":1,"name":"Home","item":"https:\/\/fondationcab.com\/fr"},{"@type":"ListItem","position":2,"name":"Festival Saint Paul de Vence"}]},{"@type":"WebSite","@id":"https:\/\/fondationcab.com\/fr#website","url":"https:\/\/fondationcab.com\/fr","name":"FONDATION CAB","description":"ART CENTER BRUSSELS","publisher":{"@id":"https:\/\/fondationcab.com\/fr#organization"},"potentialAction":[{"@type":"SearchAction","target":{"@type":"EntryPoint","urlTemplate":"https:\/\/fondationcab.com\/fr?s={search_term_string}"},"query-input":{"@type":"PropertyValueSpecification","valueRequired":true,"valueName":"search_term_string"}}],"inLanguage":"fr-FR"},{"@type":"Organization","@id":"https:\/\/fondationcab.com\/fr#organization","name":"Fondation CAB","url":"https:\/\/fondationcab.com\/fr","logo":{"@type":"ImageObject","inLanguage":"fr-FR","@id":"https:\/\/fondationcab.com\/fr#\/schema\/logo\/image\/","url":"https:\/\/cab.storycoding.agency\/wp-content\/uploads\/2018\/03\/fondation_cab_logo.jpg","contentUrl":"https:\/\/cab.storycoding.agency\/wp-content\/uploads\/2018\/03\/fondation_cab_logo.jpg","width":250,"height":125,"caption":"Fondation CAB"},"image":{"@id":"https:\/\/fondationcab.com\/fr#\/schema\/logo\/image\/"},"sameAs":["https:\/\/www.facebook.com\/CABContemporaryArt\/","https:\/\/www.instagram.com\/fondation_cab\/","https:\/\/www.youtube.com\/channel\/UC4BG_XNA2Sn1VGimzwU60Aw"]},{"@type":"Person","@id":"https:\/\/fondationcab.com\/fr#\/schema\/person\/97e81405a09028aa359b90ec71ff6bd8","name":"eleonore"}]}},"_links":{"self":[{"href":"https:\/\/fondationcab.com\/fr\/wp-json\/wp\/v2\/posts\/16887","targetHints":{"allow":["GET"]}}],"collection":[{"href":"https:\/\/fondationcab.com\/fr\/wp-json\/wp\/v2\/posts"}],"about":[{"href":"https:\/\/fondationcab.com\/fr\/wp-json\/wp\/v2\/types\/post"}],"author":[{"embeddable":true,"href":"https:\/\/fondationcab.com\/fr\/wp-json\/wp\/v2\/users\/4"}],"replies":[{"embeddable":true,"href":"https:\/\/fondationcab.com\/fr\/wp-json\/wp\/v2\/comments?post=16887"}],"version-history":[{"count":1,"href":"https:\/\/fondationcab.com\/fr\/wp-json\/wp\/v2\/posts\/16887\/revisions"}],"predecessor-version":[{"id":16889,"href":"https:\/\/fondationcab.com\/fr\/wp-json\/wp\/v2\/posts\/16887\/revisions\/16889"}],"wp:featuredmedia":[{"embeddable":true,"href":"https:\/\/fondationcab.com\/fr\/wp-json\/wp\/v2\/media\/16874"}],"wp:attachment":[{"href":"https:\/\/fondationcab.com\/fr\/wp-json\/wp\/v2\/media?parent=16887"}],"wp:term":[{"taxonomy":"category","embeddable":true,"href":"https:\/\/fondationcab.com\/fr\/wp-json\/wp\/v2\/categories?post=16887"},{"taxonomy":"post_tag","embeddable":true,"href":"https:\/\/fondationcab.com\/fr\/wp-json\/wp\/v2\/tags?post=16887"}],"curies":[{"name":"wp","href":"https:\/\/api.w.org\/{rel}","templated":true}]}}