{"id":1868,"date":"2018-04-03T12:12:17","date_gmt":"2018-04-03T11:12:17","guid":{"rendered":"https:\/\/fondationcab.com\/book-launch-and-afternoon-tea"},"modified":"2021-02-25T17:26:28","modified_gmt":"2021-02-25T16:26:28","slug":"book-launch-and-afternoon-tea","status":"publish","type":"post","link":"https:\/\/fondationcab.com\/fr\/book-launch-and-afternoon-tea","title":{"rendered":"LANCEMENT DU LIVRE ET TEA TIME"},"content":{"rendered":"<p>La modularit\u00e9 et les caract\u00e9ristiques architecturales des cr\u00e9ations de Jean Prouv\u00e9 ont \u00e9t\u00e9 traduites en un graphisme unique par Joris Kritis.<br \/>\nUne publication de la Fondation CAB et de la Galerie Downtown.<\/p>\n","protected":false},"excerpt":{"rendered":"<p>La modularit\u00e9 et les caract\u00e9ristiques architecturales des cr\u00e9ations de Jean Prouv\u00e9 ont \u00e9t\u00e9 traduites en un graphisme unique par Joris Kritis. Une publication de la Fondation CAB et de la Galerie Downtown.<\/p>\n","protected":false},"author":4,"featured_media":2872,"comment_status":"closed","ping_status":"closed","sticky":false,"template":"","format":"standard","meta":{"_acf_changed":false,"footnotes":""},"categories":[9],"tags":[],"class_list":["post-1868","post","type-post","status-publish","format-standard","has-post-thumbnail","hentry","category-non-classifiee","cities-bruxelles"],"acf":[],"yoast_head":"<!-- This site is optimized with the Yoast SEO plugin v27.5 - https:\/\/yoast.com\/product\/yoast-seo-wordpress\/ -->\n<title>LANCEMENT DU LIVRE ET TEA TIME - FONDATION CAB<\/title>\n<meta name=\"description\" content=\"La publication rassemble les cinq expositions que nous avons organis\u00e9es en dialogue avec la Maison D\u00e9montable de Jean Prouv\u00e9 (1944), de septembre 2016 \u00e0 mai 2018. Avec des contributions d&#039;Hubert Bonnet, Fran\u00e7ois Laffanour et Catherine Coley, et Matthieu Poirier ainsi que des pages d&#039;artistes de Roel Heremans, Erika Hock, Adrien Tirtiaux, des b\u00fbcherons et Charlotte Posenenske (avec l&#039;aide du Dr. Burkhard Brunn, Estate Charlotte Posenenske). &nbsp;\" \/>\n<meta name=\"robots\" content=\"index, follow, max-snippet:-1, max-image-preview:large, max-video-preview:-1\" \/>\n<link rel=\"canonical\" href=\"https:\/\/fondationcab.com\/fr\/book-launch-and-afternoon-tea\" \/>\n<meta property=\"og:locale\" content=\"fr_FR\" \/>\n<meta property=\"og:type\" content=\"article\" \/>\n<meta property=\"og:title\" content=\"LANCEMENT DU LIVRE ET TEA TIME - FONDATION CAB\" \/>\n<meta property=\"og:description\" content=\"La publication rassemble les cinq expositions que nous avons organis\u00e9es en dialogue avec la Maison D\u00e9montable de Jean Prouv\u00e9 (1944), de septembre 2016 \u00e0 mai 2018. Avec des contributions d&#039;Hubert Bonnet, Fran\u00e7ois Laffanour et Catherine Coley, et Matthieu Poirier ainsi que des pages d&#039;artistes de Roel Heremans, Erika Hock, Adrien Tirtiaux, des b\u00fbcherons et Charlotte Posenenske (avec l&#039;aide du Dr. Burkhard Brunn, Estate Charlotte Posenenske). &nbsp;\" \/>\n<meta property=\"og:url\" content=\"https:\/\/fondationcab.com\/fr\/book-launch-and-afternoon-tea\" \/>\n<meta property=\"og:site_name\" content=\"FONDATION CAB\" \/>\n<meta property=\"article:publisher\" content=\"https:\/\/www.facebook.com\/CABContemporaryArt\/\" \/>\n<meta property=\"article:published_time\" content=\"2018-04-03T11:12:17+00:00\" \/>\n<meta property=\"article:modified_time\" content=\"2021-02-25T16:26:28+00:00\" \/>\n<meta property=\"og:image\" content=\"https:\/\/fondationcab.com\/wp-content\/uploads\/2018\/04\/spreads_cwjp_corr-1.jpg\" \/>\n\t<meta property=\"og:image:width\" content=\"1200\" \/>\n\t<meta property=\"og:image:height\" content=\"840\" \/>\n\t<meta property=\"og:image:type\" content=\"image\/jpeg\" \/>\n<meta name=\"author\" content=\"eleonore\" \/>\n<meta name=\"twitter:card\" content=\"summary_large_image\" \/>\n<meta name=\"twitter:label1\" content=\"\u00c9crit par\" \/>\n\t<meta name=\"twitter:data1\" content=\"eleonore\" \/>\n<script type=\"application\/ld+json\" class=\"yoast-schema-graph\">{\"@context\":\"https:\\\/\\\/schema.org\",\"@graph\":[{\"@type\":\"Article\",\"@id\":\"https:\\\/\\\/fondationcab.com\\\/fr\\\/book-launch-and-afternoon-tea#article\",\"isPartOf\":{\"@id\":\"https:\\\/\\\/fondationcab.com\\\/fr\\\/book-launch-and-afternoon-tea\"},\"author\":{\"name\":\"eleonore\",\"@id\":\"https:\\\/\\\/fondationcab.com\\\/fr#\\\/schema\\\/person\\\/97e81405a09028aa359b90ec71ff6bd8\"},\"headline\":\"LANCEMENT DU LIVRE ET TEA TIME\",\"datePublished\":\"2018-04-03T11:12:17+00:00\",\"dateModified\":\"2021-02-25T16:26:28+00:00\",\"mainEntityOfPage\":{\"@id\":\"https:\\\/\\\/fondationcab.com\\\/fr\\\/book-launch-and-afternoon-tea\"},\"wordCount\":40,\"publisher\":{\"@id\":\"https:\\\/\\\/fondationcab.com\\\/fr#organization\"},\"image\":{\"@id\":\"https:\\\/\\\/fondationcab.com\\\/fr\\\/book-launch-and-afternoon-tea#primaryimage\"},\"thumbnailUrl\":\"https:\\\/\\\/fondationcab.com\\\/wp-content\\\/uploads\\\/2018\\\/04\\\/spreads_cwjp_corr-1.jpg\",\"articleSection\":[\"Non classifi\u00e9(e)\"],\"inLanguage\":\"fr-FR\"},{\"@type\":\"WebPage\",\"@id\":\"https:\\\/\\\/fondationcab.com\\\/fr\\\/book-launch-and-afternoon-tea\",\"url\":\"https:\\\/\\\/fondationcab.com\\\/fr\\\/book-launch-and-afternoon-tea\",\"name\":\"LANCEMENT DU LIVRE ET TEA TIME - FONDATION CAB\",\"isPartOf\":{\"@id\":\"https:\\\/\\\/fondationcab.com\\\/fr#website\"},\"primaryImageOfPage\":{\"@id\":\"https:\\\/\\\/fondationcab.com\\\/fr\\\/book-launch-and-afternoon-tea#primaryimage\"},\"image\":{\"@id\":\"https:\\\/\\\/fondationcab.com\\\/fr\\\/book-launch-and-afternoon-tea#primaryimage\"},\"thumbnailUrl\":\"https:\\\/\\\/fondationcab.com\\\/wp-content\\\/uploads\\\/2018\\\/04\\\/spreads_cwjp_corr-1.jpg\",\"datePublished\":\"2018-04-03T11:12:17+00:00\",\"dateModified\":\"2021-02-25T16:26:28+00:00\",\"description\":\"La publication rassemble les cinq expositions que nous avons organis\u00e9es en dialogue avec la Maison D\u00e9montable de Jean Prouv\u00e9 (1944), de septembre 2016 \u00e0 mai 2018. Avec des contributions d'Hubert Bonnet, Fran\u00e7ois Laffanour et Catherine Coley, et Matthieu Poirier ainsi que des pages d'artistes de Roel Heremans, Erika Hock, Adrien Tirtiaux, des b\u00fbcherons et Charlotte Posenenske (avec l'aide du Dr. Burkhard Brunn, Estate Charlotte Posenenske). &nbsp;\",\"breadcrumb\":{\"@id\":\"https:\\\/\\\/fondationcab.com\\\/fr\\\/book-launch-and-afternoon-tea#breadcrumb\"},\"inLanguage\":\"fr-FR\",\"potentialAction\":[{\"@type\":\"ReadAction\",\"target\":[\"https:\\\/\\\/fondationcab.com\\\/fr\\\/book-launch-and-afternoon-tea\"]}]},{\"@type\":\"ImageObject\",\"inLanguage\":\"fr-FR\",\"@id\":\"https:\\\/\\\/fondationcab.com\\\/fr\\\/book-launch-and-afternoon-tea#primaryimage\",\"url\":\"https:\\\/\\\/fondationcab.com\\\/wp-content\\\/uploads\\\/2018\\\/04\\\/spreads_cwjp_corr-1.jpg\",\"contentUrl\":\"https:\\\/\\\/fondationcab.com\\\/wp-content\\\/uploads\\\/2018\\\/04\\\/spreads_cwjp_corr-1.jpg\",\"width\":1200,\"height\":840},{\"@type\":\"BreadcrumbList\",\"@id\":\"https:\\\/\\\/fondationcab.com\\\/fr\\\/book-launch-and-afternoon-tea#breadcrumb\",\"itemListElement\":[{\"@type\":\"ListItem\",\"position\":1,\"name\":\"Home\",\"item\":\"https:\\\/\\\/fondationcab.com\\\/fr\"},{\"@type\":\"ListItem\",\"position\":2,\"name\":\"LANCEMENT DU LIVRE ET TEA TIME\"}]},{\"@type\":\"WebSite\",\"@id\":\"https:\\\/\\\/fondationcab.com\\\/fr#website\",\"url\":\"https:\\\/\\\/fondationcab.com\\\/fr\",\"name\":\"FONDATION CAB\",\"description\":\"ART CENTER BRUSSELS\",\"publisher\":{\"@id\":\"https:\\\/\\\/fondationcab.com\\\/fr#organization\"},\"potentialAction\":[{\"@type\":\"SearchAction\",\"target\":{\"@type\":\"EntryPoint\",\"urlTemplate\":\"https:\\\/\\\/fondationcab.com\\\/fr?s={search_term_string}\"},\"query-input\":{\"@type\":\"PropertyValueSpecification\",\"valueRequired\":true,\"valueName\":\"search_term_string\"}}],\"inLanguage\":\"fr-FR\"},{\"@type\":\"Organization\",\"@id\":\"https:\\\/\\\/fondationcab.com\\\/fr#organization\",\"name\":\"Fondation CAB\",\"url\":\"https:\\\/\\\/fondationcab.com\\\/fr\",\"logo\":{\"@type\":\"ImageObject\",\"inLanguage\":\"fr-FR\",\"@id\":\"https:\\\/\\\/fondationcab.com\\\/fr#\\\/schema\\\/logo\\\/image\\\/\",\"url\":\"https:\\\/\\\/cab.storycoding.agency\\\/wp-content\\\/uploads\\\/2018\\\/03\\\/fondation_cab_logo.jpg\",\"contentUrl\":\"https:\\\/\\\/cab.storycoding.agency\\\/wp-content\\\/uploads\\\/2018\\\/03\\\/fondation_cab_logo.jpg\",\"width\":250,\"height\":125,\"caption\":\"Fondation CAB\"},\"image\":{\"@id\":\"https:\\\/\\\/fondationcab.com\\\/fr#\\\/schema\\\/logo\\\/image\\\/\"},\"sameAs\":[\"https:\\\/\\\/www.facebook.com\\\/CABContemporaryArt\\\/\",\"https:\\\/\\\/www.instagram.com\\\/fondation_cab\\\/\",\"https:\\\/\\\/www.youtube.com\\\/channel\\\/UC4BG_XNA2Sn1VGimzwU60Aw\"]},{\"@type\":\"Person\",\"@id\":\"https:\\\/\\\/fondationcab.com\\\/fr#\\\/schema\\\/person\\\/97e81405a09028aa359b90ec71ff6bd8\",\"name\":\"eleonore\"}]}<\/script>\n<!-- \/ Yoast SEO plugin. -->","yoast_head_json":{"title":"LANCEMENT DU LIVRE ET TEA TIME - FONDATION CAB","description":"La publication rassemble les cinq expositions que nous avons organis\u00e9es en dialogue avec la Maison D\u00e9montable de Jean Prouv\u00e9 (1944), de septembre 2016 \u00e0 mai 2018. Avec des contributions d'Hubert Bonnet, Fran\u00e7ois Laffanour et Catherine Coley, et Matthieu Poirier ainsi que des pages d'artistes de Roel Heremans, Erika Hock, Adrien Tirtiaux, des b\u00fbcherons et Charlotte Posenenske (avec l'aide du Dr. Burkhard Brunn, Estate Charlotte Posenenske). &nbsp;","robots":{"index":"index","follow":"follow","max-snippet":"max-snippet:-1","max-image-preview":"max-image-preview:large","max-video-preview":"max-video-preview:-1"},"canonical":"https:\/\/fondationcab.com\/fr\/book-launch-and-afternoon-tea","og_locale":"fr_FR","og_type":"article","og_title":"LANCEMENT DU LIVRE ET TEA TIME - FONDATION CAB","og_description":"La publication rassemble les cinq expositions que nous avons organis\u00e9es en dialogue avec la Maison D\u00e9montable de Jean Prouv\u00e9 (1944), de septembre 2016 \u00e0 mai 2018. Avec des contributions d'Hubert Bonnet, Fran\u00e7ois Laffanour et Catherine Coley, et Matthieu Poirier ainsi que des pages d'artistes de Roel Heremans, Erika Hock, Adrien Tirtiaux, des b\u00fbcherons et Charlotte Posenenske (avec l'aide du Dr. Burkhard Brunn, Estate Charlotte Posenenske). &nbsp;","og_url":"https:\/\/fondationcab.com\/fr\/book-launch-and-afternoon-tea","og_site_name":"FONDATION CAB","article_publisher":"https:\/\/www.facebook.com\/CABContemporaryArt\/","article_published_time":"2018-04-03T11:12:17+00:00","article_modified_time":"2021-02-25T16:26:28+00:00","og_image":[{"width":1200,"height":840,"url":"https:\/\/fondationcab.com\/wp-content\/uploads\/2018\/04\/spreads_cwjp_corr-1.jpg","type":"image\/jpeg"}],"author":"eleonore","twitter_card":"summary_large_image","twitter_misc":{"\u00c9crit par":"eleonore"},"schema":{"@context":"https:\/\/schema.org","@graph":[{"@type":"Article","@id":"https:\/\/fondationcab.com\/fr\/book-launch-and-afternoon-tea#article","isPartOf":{"@id":"https:\/\/fondationcab.com\/fr\/book-launch-and-afternoon-tea"},"author":{"name":"eleonore","@id":"https:\/\/fondationcab.com\/fr#\/schema\/person\/97e81405a09028aa359b90ec71ff6bd8"},"headline":"LANCEMENT DU LIVRE ET TEA TIME","datePublished":"2018-04-03T11:12:17+00:00","dateModified":"2021-02-25T16:26:28+00:00","mainEntityOfPage":{"@id":"https:\/\/fondationcab.com\/fr\/book-launch-and-afternoon-tea"},"wordCount":40,"publisher":{"@id":"https:\/\/fondationcab.com\/fr#organization"},"image":{"@id":"https:\/\/fondationcab.com\/fr\/book-launch-and-afternoon-tea#primaryimage"},"thumbnailUrl":"https:\/\/fondationcab.com\/wp-content\/uploads\/2018\/04\/spreads_cwjp_corr-1.jpg","articleSection":["Non classifi\u00e9(e)"],"inLanguage":"fr-FR"},{"@type":"WebPage","@id":"https:\/\/fondationcab.com\/fr\/book-launch-and-afternoon-tea","url":"https:\/\/fondationcab.com\/fr\/book-launch-and-afternoon-tea","name":"LANCEMENT DU LIVRE ET TEA TIME - FONDATION CAB","isPartOf":{"@id":"https:\/\/fondationcab.com\/fr#website"},"primaryImageOfPage":{"@id":"https:\/\/fondationcab.com\/fr\/book-launch-and-afternoon-tea#primaryimage"},"image":{"@id":"https:\/\/fondationcab.com\/fr\/book-launch-and-afternoon-tea#primaryimage"},"thumbnailUrl":"https:\/\/fondationcab.com\/wp-content\/uploads\/2018\/04\/spreads_cwjp_corr-1.jpg","datePublished":"2018-04-03T11:12:17+00:00","dateModified":"2021-02-25T16:26:28+00:00","description":"La publication rassemble les cinq expositions que nous avons organis\u00e9es en dialogue avec la Maison D\u00e9montable de Jean Prouv\u00e9 (1944), de septembre 2016 \u00e0 mai 2018. Avec des contributions d'Hubert Bonnet, Fran\u00e7ois Laffanour et Catherine Coley, et Matthieu Poirier ainsi que des pages d'artistes de Roel Heremans, Erika Hock, Adrien Tirtiaux, des b\u00fbcherons et Charlotte Posenenske (avec l'aide du Dr. Burkhard Brunn, Estate Charlotte Posenenske). &nbsp;","breadcrumb":{"@id":"https:\/\/fondationcab.com\/fr\/book-launch-and-afternoon-tea#breadcrumb"},"inLanguage":"fr-FR","potentialAction":[{"@type":"ReadAction","target":["https:\/\/fondationcab.com\/fr\/book-launch-and-afternoon-tea"]}]},{"@type":"ImageObject","inLanguage":"fr-FR","@id":"https:\/\/fondationcab.com\/fr\/book-launch-and-afternoon-tea#primaryimage","url":"https:\/\/fondationcab.com\/wp-content\/uploads\/2018\/04\/spreads_cwjp_corr-1.jpg","contentUrl":"https:\/\/fondationcab.com\/wp-content\/uploads\/2018\/04\/spreads_cwjp_corr-1.jpg","width":1200,"height":840},{"@type":"BreadcrumbList","@id":"https:\/\/fondationcab.com\/fr\/book-launch-and-afternoon-tea#breadcrumb","itemListElement":[{"@type":"ListItem","position":1,"name":"Home","item":"https:\/\/fondationcab.com\/fr"},{"@type":"ListItem","position":2,"name":"LANCEMENT DU LIVRE ET TEA TIME"}]},{"@type":"WebSite","@id":"https:\/\/fondationcab.com\/fr#website","url":"https:\/\/fondationcab.com\/fr","name":"FONDATION CAB","description":"ART CENTER BRUSSELS","publisher":{"@id":"https:\/\/fondationcab.com\/fr#organization"},"potentialAction":[{"@type":"SearchAction","target":{"@type":"EntryPoint","urlTemplate":"https:\/\/fondationcab.com\/fr?s={search_term_string}"},"query-input":{"@type":"PropertyValueSpecification","valueRequired":true,"valueName":"search_term_string"}}],"inLanguage":"fr-FR"},{"@type":"Organization","@id":"https:\/\/fondationcab.com\/fr#organization","name":"Fondation CAB","url":"https:\/\/fondationcab.com\/fr","logo":{"@type":"ImageObject","inLanguage":"fr-FR","@id":"https:\/\/fondationcab.com\/fr#\/schema\/logo\/image\/","url":"https:\/\/cab.storycoding.agency\/wp-content\/uploads\/2018\/03\/fondation_cab_logo.jpg","contentUrl":"https:\/\/cab.storycoding.agency\/wp-content\/uploads\/2018\/03\/fondation_cab_logo.jpg","width":250,"height":125,"caption":"Fondation CAB"},"image":{"@id":"https:\/\/fondationcab.com\/fr#\/schema\/logo\/image\/"},"sameAs":["https:\/\/www.facebook.com\/CABContemporaryArt\/","https:\/\/www.instagram.com\/fondation_cab\/","https:\/\/www.youtube.com\/channel\/UC4BG_XNA2Sn1VGimzwU60Aw"]},{"@type":"Person","@id":"https:\/\/fondationcab.com\/fr#\/schema\/person\/97e81405a09028aa359b90ec71ff6bd8","name":"eleonore"}]}},"_links":{"self":[{"href":"https:\/\/fondationcab.com\/fr\/wp-json\/wp\/v2\/posts\/1868","targetHints":{"allow":["GET"]}}],"collection":[{"href":"https:\/\/fondationcab.com\/fr\/wp-json\/wp\/v2\/posts"}],"about":[{"href":"https:\/\/fondationcab.com\/fr\/wp-json\/wp\/v2\/types\/post"}],"author":[{"embeddable":true,"href":"https:\/\/fondationcab.com\/fr\/wp-json\/wp\/v2\/users\/4"}],"replies":[{"embeddable":true,"href":"https:\/\/fondationcab.com\/fr\/wp-json\/wp\/v2\/comments?post=1868"}],"version-history":[{"count":0,"href":"https:\/\/fondationcab.com\/fr\/wp-json\/wp\/v2\/posts\/1868\/revisions"}],"wp:featuredmedia":[{"embeddable":true,"href":"https:\/\/fondationcab.com\/fr\/wp-json\/wp\/v2\/media\/2872"}],"wp:attachment":[{"href":"https:\/\/fondationcab.com\/fr\/wp-json\/wp\/v2\/media?parent=1868"}],"wp:term":[{"taxonomy":"category","embeddable":true,"href":"https:\/\/fondationcab.com\/fr\/wp-json\/wp\/v2\/categories?post=1868"},{"taxonomy":"post_tag","embeddable":true,"href":"https:\/\/fondationcab.com\/fr\/wp-json\/wp\/v2\/tags?post=1868"}],"curies":[{"name":"wp","href":"https:\/\/api.w.org\/{rel}","templated":true}]}}