{"id":4088,"date":"2020-02-28T17:16:41","date_gmt":"2020-02-28T16:16:41","guid":{"rendered":"https:\/\/fondationcab.com\/open-studio-ariane-loze"},"modified":"2021-02-25T17:27:22","modified_gmt":"2021-02-25T16:27:22","slug":"open-studio-ariane-loze","status":"publish","type":"post","link":"https:\/\/fondationcab.com\/fr\/open-studio-ariane-loze","title":{"rendered":"OPEN STUDIO Ariane Loze"},"content":{"rendered":"","protected":false},"excerpt":{"rendered":"","protected":false},"author":4,"featured_media":4093,"comment_status":"closed","ping_status":"closed","sticky":false,"template":"","format":"standard","meta":{"_acf_changed":false,"footnotes":""},"categories":[9],"tags":[],"class_list":["post-4088","post","type-post","status-publish","format-standard","has-post-thumbnail","hentry","category-non-classifiee","cities-bruxelles"],"acf":[],"yoast_head":"<!-- This site is optimized with the Yoast SEO plugin v27.5 - https:\/\/yoast.com\/product\/yoast-seo-wordpress\/ -->\n<title>OPEN STUDIO Ariane Loze - FONDATION CAB<\/title>\n<meta name=\"description\" content=\"Nous sommes heureux de vous inviter \u00e0 l&#039;ouverture du studio qui cl\u00f4turera la r\u00e9sidence d&#039;Ariane Loze, le samedi 28 d\u00e9cembre \u00e0 15h \u00e0 la Fondation CAB. Ariane Loze (n\u00e9e en 1988 \u00e0 Anvers) vous accueille dans le studio, o\u00f9 elle pr\u00e9sentera un teaser d&#039;une nouvelle \u0153uvre vid\u00e9o r\u00e9alis\u00e9e \u00e0 la Fondation CAB et en dialogue avec l&#039;architecture de cette derni\u00e8re, ainsi qu&#039;une documentation sur son processus de travail. La nouvelle commande sera pr\u00e9sent\u00e9e dans son int\u00e9gralit\u00e9 du 31 mars au 20 juin 2020 lors de l&#039;exposition &quot;Attributed Delicacies&quot;. La pr\u00e9sentation aura lieu en fran\u00e7ais. Veuillez confirmer votre pr\u00e9sence par e-mail.\" \/>\n<meta name=\"robots\" content=\"index, follow, max-snippet:-1, max-image-preview:large, max-video-preview:-1\" \/>\n<link rel=\"canonical\" href=\"https:\/\/fondationcab.com\/fr\/open-studio-ariane-loze\" \/>\n<meta property=\"og:locale\" content=\"fr_FR\" \/>\n<meta property=\"og:type\" content=\"article\" \/>\n<meta property=\"og:title\" content=\"OPEN STUDIO Ariane Loze - FONDATION CAB\" \/>\n<meta property=\"og:description\" content=\"Nous sommes heureux de vous inviter \u00e0 l&#039;ouverture du studio qui cl\u00f4turera la r\u00e9sidence d&#039;Ariane Loze, le samedi 28 d\u00e9cembre \u00e0 15h \u00e0 la Fondation CAB. Ariane Loze (n\u00e9e en 1988 \u00e0 Anvers) vous accueille dans le studio, o\u00f9 elle pr\u00e9sentera un teaser d&#039;une nouvelle \u0153uvre vid\u00e9o r\u00e9alis\u00e9e \u00e0 la Fondation CAB et en dialogue avec l&#039;architecture de cette derni\u00e8re, ainsi qu&#039;une documentation sur son processus de travail. La nouvelle commande sera pr\u00e9sent\u00e9e dans son int\u00e9gralit\u00e9 du 31 mars au 20 juin 2020 lors de l&#039;exposition &quot;Attributed Delicacies&quot;. La pr\u00e9sentation aura lieu en fran\u00e7ais. Veuillez confirmer votre pr\u00e9sence par e-mail.\" \/>\n<meta property=\"og:url\" content=\"https:\/\/fondationcab.com\/fr\/open-studio-ariane-loze\" \/>\n<meta property=\"og:site_name\" content=\"FONDATION CAB\" \/>\n<meta property=\"article:publisher\" content=\"https:\/\/www.facebook.com\/CABContemporaryArt\/\" \/>\n<meta property=\"article:published_time\" content=\"2020-02-28T16:16:41+00:00\" \/>\n<meta property=\"article:modified_time\" content=\"2021-02-25T16:27:22+00:00\" \/>\n<meta property=\"og:image\" content=\"https:\/\/fondationcab.com\/wp-content\/uploads\/2020\/02\/MINIMAL_ART_ARIANE_LOZE_2.23.2-1.pngcopy2-9900000000079e3c-1.png\" \/>\n\t<meta property=\"og:image:width\" content=\"1200\" \/>\n\t<meta property=\"og:image:height\" content=\"800\" \/>\n\t<meta property=\"og:image:type\" content=\"image\/png\" \/>\n<meta name=\"author\" content=\"eleonore\" \/>\n<meta name=\"twitter:card\" content=\"summary_large_image\" \/>\n<meta name=\"twitter:label1\" content=\"\u00c9crit par\" \/>\n\t<meta name=\"twitter:data1\" content=\"eleonore\" \/>\n<script type=\"application\/ld+json\" class=\"yoast-schema-graph\">{\"@context\":\"https:\\\/\\\/schema.org\",\"@graph\":[{\"@type\":\"Article\",\"@id\":\"https:\\\/\\\/fondationcab.com\\\/fr\\\/open-studio-ariane-loze#article\",\"isPartOf\":{\"@id\":\"https:\\\/\\\/fondationcab.com\\\/fr\\\/open-studio-ariane-loze\"},\"author\":{\"name\":\"eleonore\",\"@id\":\"https:\\\/\\\/fondationcab.com\\\/fr#\\\/schema\\\/person\\\/97e81405a09028aa359b90ec71ff6bd8\"},\"headline\":\"OPEN STUDIO Ariane Loze\",\"datePublished\":\"2020-02-28T16:16:41+00:00\",\"dateModified\":\"2021-02-25T16:27:22+00:00\",\"mainEntityOfPage\":{\"@id\":\"https:\\\/\\\/fondationcab.com\\\/fr\\\/open-studio-ariane-loze\"},\"wordCount\":4,\"publisher\":{\"@id\":\"https:\\\/\\\/fondationcab.com\\\/fr#organization\"},\"image\":{\"@id\":\"https:\\\/\\\/fondationcab.com\\\/fr\\\/open-studio-ariane-loze#primaryimage\"},\"thumbnailUrl\":\"https:\\\/\\\/fondationcab.com\\\/wp-content\\\/uploads\\\/2020\\\/02\\\/MINIMAL_ART_ARIANE_LOZE_2.23.2-1.pngcopy2-9900000000079e3c-1.png\",\"articleSection\":[\"Non classifi\u00e9(e)\"],\"inLanguage\":\"fr-FR\"},{\"@type\":\"WebPage\",\"@id\":\"https:\\\/\\\/fondationcab.com\\\/fr\\\/open-studio-ariane-loze\",\"url\":\"https:\\\/\\\/fondationcab.com\\\/fr\\\/open-studio-ariane-loze\",\"name\":\"OPEN STUDIO Ariane Loze - FONDATION CAB\",\"isPartOf\":{\"@id\":\"https:\\\/\\\/fondationcab.com\\\/fr#website\"},\"primaryImageOfPage\":{\"@id\":\"https:\\\/\\\/fondationcab.com\\\/fr\\\/open-studio-ariane-loze#primaryimage\"},\"image\":{\"@id\":\"https:\\\/\\\/fondationcab.com\\\/fr\\\/open-studio-ariane-loze#primaryimage\"},\"thumbnailUrl\":\"https:\\\/\\\/fondationcab.com\\\/wp-content\\\/uploads\\\/2020\\\/02\\\/MINIMAL_ART_ARIANE_LOZE_2.23.2-1.pngcopy2-9900000000079e3c-1.png\",\"datePublished\":\"2020-02-28T16:16:41+00:00\",\"dateModified\":\"2021-02-25T16:27:22+00:00\",\"description\":\"Nous sommes heureux de vous inviter \u00e0 l'ouverture du studio qui cl\u00f4turera la r\u00e9sidence d'Ariane Loze, le samedi 28 d\u00e9cembre \u00e0 15h \u00e0 la Fondation CAB. Ariane Loze (n\u00e9e en 1988 \u00e0 Anvers) vous accueille dans le studio, o\u00f9 elle pr\u00e9sentera un teaser d'une nouvelle \u0153uvre vid\u00e9o r\u00e9alis\u00e9e \u00e0 la Fondation CAB et en dialogue avec l'architecture de cette derni\u00e8re, ainsi qu'une documentation sur son processus de travail. La nouvelle commande sera pr\u00e9sent\u00e9e dans son int\u00e9gralit\u00e9 du 31 mars au 20 juin 2020 lors de l'exposition \\\"Attributed Delicacies\\\". La pr\u00e9sentation aura lieu en fran\u00e7ais. Veuillez confirmer votre pr\u00e9sence par e-mail.\",\"breadcrumb\":{\"@id\":\"https:\\\/\\\/fondationcab.com\\\/fr\\\/open-studio-ariane-loze#breadcrumb\"},\"inLanguage\":\"fr-FR\",\"potentialAction\":[{\"@type\":\"ReadAction\",\"target\":[\"https:\\\/\\\/fondationcab.com\\\/fr\\\/open-studio-ariane-loze\"]}]},{\"@type\":\"ImageObject\",\"inLanguage\":\"fr-FR\",\"@id\":\"https:\\\/\\\/fondationcab.com\\\/fr\\\/open-studio-ariane-loze#primaryimage\",\"url\":\"https:\\\/\\\/fondationcab.com\\\/wp-content\\\/uploads\\\/2020\\\/02\\\/MINIMAL_ART_ARIANE_LOZE_2.23.2-1.pngcopy2-9900000000079e3c-1.png\",\"contentUrl\":\"https:\\\/\\\/fondationcab.com\\\/wp-content\\\/uploads\\\/2020\\\/02\\\/MINIMAL_ART_ARIANE_LOZE_2.23.2-1.pngcopy2-9900000000079e3c-1.png\",\"width\":1200,\"height\":800},{\"@type\":\"BreadcrumbList\",\"@id\":\"https:\\\/\\\/fondationcab.com\\\/fr\\\/open-studio-ariane-loze#breadcrumb\",\"itemListElement\":[{\"@type\":\"ListItem\",\"position\":1,\"name\":\"Home\",\"item\":\"https:\\\/\\\/fondationcab.com\\\/fr\"},{\"@type\":\"ListItem\",\"position\":2,\"name\":\"OPEN STUDIO Ariane Loze\"}]},{\"@type\":\"WebSite\",\"@id\":\"https:\\\/\\\/fondationcab.com\\\/fr#website\",\"url\":\"https:\\\/\\\/fondationcab.com\\\/fr\",\"name\":\"FONDATION CAB\",\"description\":\"ART CENTER BRUSSELS\",\"publisher\":{\"@id\":\"https:\\\/\\\/fondationcab.com\\\/fr#organization\"},\"potentialAction\":[{\"@type\":\"SearchAction\",\"target\":{\"@type\":\"EntryPoint\",\"urlTemplate\":\"https:\\\/\\\/fondationcab.com\\\/fr?s={search_term_string}\"},\"query-input\":{\"@type\":\"PropertyValueSpecification\",\"valueRequired\":true,\"valueName\":\"search_term_string\"}}],\"inLanguage\":\"fr-FR\"},{\"@type\":\"Organization\",\"@id\":\"https:\\\/\\\/fondationcab.com\\\/fr#organization\",\"name\":\"Fondation CAB\",\"url\":\"https:\\\/\\\/fondationcab.com\\\/fr\",\"logo\":{\"@type\":\"ImageObject\",\"inLanguage\":\"fr-FR\",\"@id\":\"https:\\\/\\\/fondationcab.com\\\/fr#\\\/schema\\\/logo\\\/image\\\/\",\"url\":\"https:\\\/\\\/cab.storycoding.agency\\\/wp-content\\\/uploads\\\/2018\\\/03\\\/fondation_cab_logo.jpg\",\"contentUrl\":\"https:\\\/\\\/cab.storycoding.agency\\\/wp-content\\\/uploads\\\/2018\\\/03\\\/fondation_cab_logo.jpg\",\"width\":250,\"height\":125,\"caption\":\"Fondation CAB\"},\"image\":{\"@id\":\"https:\\\/\\\/fondationcab.com\\\/fr#\\\/schema\\\/logo\\\/image\\\/\"},\"sameAs\":[\"https:\\\/\\\/www.facebook.com\\\/CABContemporaryArt\\\/\",\"https:\\\/\\\/www.instagram.com\\\/fondation_cab\\\/\",\"https:\\\/\\\/www.youtube.com\\\/channel\\\/UC4BG_XNA2Sn1VGimzwU60Aw\"]},{\"@type\":\"Person\",\"@id\":\"https:\\\/\\\/fondationcab.com\\\/fr#\\\/schema\\\/person\\\/97e81405a09028aa359b90ec71ff6bd8\",\"name\":\"eleonore\"}]}<\/script>\n<!-- \/ Yoast SEO plugin. -->","yoast_head_json":{"title":"OPEN STUDIO Ariane Loze - FONDATION CAB","description":"Nous sommes heureux de vous inviter \u00e0 l'ouverture du studio qui cl\u00f4turera la r\u00e9sidence d'Ariane Loze, le samedi 28 d\u00e9cembre \u00e0 15h \u00e0 la Fondation CAB. Ariane Loze (n\u00e9e en 1988 \u00e0 Anvers) vous accueille dans le studio, o\u00f9 elle pr\u00e9sentera un teaser d'une nouvelle \u0153uvre vid\u00e9o r\u00e9alis\u00e9e \u00e0 la Fondation CAB et en dialogue avec l'architecture de cette derni\u00e8re, ainsi qu'une documentation sur son processus de travail. La nouvelle commande sera pr\u00e9sent\u00e9e dans son int\u00e9gralit\u00e9 du 31 mars au 20 juin 2020 lors de l'exposition \"Attributed Delicacies\". La pr\u00e9sentation aura lieu en fran\u00e7ais. Veuillez confirmer votre pr\u00e9sence par e-mail.","robots":{"index":"index","follow":"follow","max-snippet":"max-snippet:-1","max-image-preview":"max-image-preview:large","max-video-preview":"max-video-preview:-1"},"canonical":"https:\/\/fondationcab.com\/fr\/open-studio-ariane-loze","og_locale":"fr_FR","og_type":"article","og_title":"OPEN STUDIO Ariane Loze - FONDATION CAB","og_description":"Nous sommes heureux de vous inviter \u00e0 l'ouverture du studio qui cl\u00f4turera la r\u00e9sidence d'Ariane Loze, le samedi 28 d\u00e9cembre \u00e0 15h \u00e0 la Fondation CAB. Ariane Loze (n\u00e9e en 1988 \u00e0 Anvers) vous accueille dans le studio, o\u00f9 elle pr\u00e9sentera un teaser d'une nouvelle \u0153uvre vid\u00e9o r\u00e9alis\u00e9e \u00e0 la Fondation CAB et en dialogue avec l'architecture de cette derni\u00e8re, ainsi qu'une documentation sur son processus de travail. La nouvelle commande sera pr\u00e9sent\u00e9e dans son int\u00e9gralit\u00e9 du 31 mars au 20 juin 2020 lors de l'exposition \"Attributed Delicacies\". La pr\u00e9sentation aura lieu en fran\u00e7ais. Veuillez confirmer votre pr\u00e9sence par e-mail.","og_url":"https:\/\/fondationcab.com\/fr\/open-studio-ariane-loze","og_site_name":"FONDATION CAB","article_publisher":"https:\/\/www.facebook.com\/CABContemporaryArt\/","article_published_time":"2020-02-28T16:16:41+00:00","article_modified_time":"2021-02-25T16:27:22+00:00","og_image":[{"width":1200,"height":800,"url":"https:\/\/fondationcab.com\/wp-content\/uploads\/2020\/02\/MINIMAL_ART_ARIANE_LOZE_2.23.2-1.pngcopy2-9900000000079e3c-1.png","type":"image\/png"}],"author":"eleonore","twitter_card":"summary_large_image","twitter_misc":{"\u00c9crit par":"eleonore"},"schema":{"@context":"https:\/\/schema.org","@graph":[{"@type":"Article","@id":"https:\/\/fondationcab.com\/fr\/open-studio-ariane-loze#article","isPartOf":{"@id":"https:\/\/fondationcab.com\/fr\/open-studio-ariane-loze"},"author":{"name":"eleonore","@id":"https:\/\/fondationcab.com\/fr#\/schema\/person\/97e81405a09028aa359b90ec71ff6bd8"},"headline":"OPEN STUDIO Ariane Loze","datePublished":"2020-02-28T16:16:41+00:00","dateModified":"2021-02-25T16:27:22+00:00","mainEntityOfPage":{"@id":"https:\/\/fondationcab.com\/fr\/open-studio-ariane-loze"},"wordCount":4,"publisher":{"@id":"https:\/\/fondationcab.com\/fr#organization"},"image":{"@id":"https:\/\/fondationcab.com\/fr\/open-studio-ariane-loze#primaryimage"},"thumbnailUrl":"https:\/\/fondationcab.com\/wp-content\/uploads\/2020\/02\/MINIMAL_ART_ARIANE_LOZE_2.23.2-1.pngcopy2-9900000000079e3c-1.png","articleSection":["Non classifi\u00e9(e)"],"inLanguage":"fr-FR"},{"@type":"WebPage","@id":"https:\/\/fondationcab.com\/fr\/open-studio-ariane-loze","url":"https:\/\/fondationcab.com\/fr\/open-studio-ariane-loze","name":"OPEN STUDIO Ariane Loze - FONDATION CAB","isPartOf":{"@id":"https:\/\/fondationcab.com\/fr#website"},"primaryImageOfPage":{"@id":"https:\/\/fondationcab.com\/fr\/open-studio-ariane-loze#primaryimage"},"image":{"@id":"https:\/\/fondationcab.com\/fr\/open-studio-ariane-loze#primaryimage"},"thumbnailUrl":"https:\/\/fondationcab.com\/wp-content\/uploads\/2020\/02\/MINIMAL_ART_ARIANE_LOZE_2.23.2-1.pngcopy2-9900000000079e3c-1.png","datePublished":"2020-02-28T16:16:41+00:00","dateModified":"2021-02-25T16:27:22+00:00","description":"Nous sommes heureux de vous inviter \u00e0 l'ouverture du studio qui cl\u00f4turera la r\u00e9sidence d'Ariane Loze, le samedi 28 d\u00e9cembre \u00e0 15h \u00e0 la Fondation CAB. Ariane Loze (n\u00e9e en 1988 \u00e0 Anvers) vous accueille dans le studio, o\u00f9 elle pr\u00e9sentera un teaser d'une nouvelle \u0153uvre vid\u00e9o r\u00e9alis\u00e9e \u00e0 la Fondation CAB et en dialogue avec l'architecture de cette derni\u00e8re, ainsi qu'une documentation sur son processus de travail. La nouvelle commande sera pr\u00e9sent\u00e9e dans son int\u00e9gralit\u00e9 du 31 mars au 20 juin 2020 lors de l'exposition \"Attributed Delicacies\". La pr\u00e9sentation aura lieu en fran\u00e7ais. Veuillez confirmer votre pr\u00e9sence par e-mail.","breadcrumb":{"@id":"https:\/\/fondationcab.com\/fr\/open-studio-ariane-loze#breadcrumb"},"inLanguage":"fr-FR","potentialAction":[{"@type":"ReadAction","target":["https:\/\/fondationcab.com\/fr\/open-studio-ariane-loze"]}]},{"@type":"ImageObject","inLanguage":"fr-FR","@id":"https:\/\/fondationcab.com\/fr\/open-studio-ariane-loze#primaryimage","url":"https:\/\/fondationcab.com\/wp-content\/uploads\/2020\/02\/MINIMAL_ART_ARIANE_LOZE_2.23.2-1.pngcopy2-9900000000079e3c-1.png","contentUrl":"https:\/\/fondationcab.com\/wp-content\/uploads\/2020\/02\/MINIMAL_ART_ARIANE_LOZE_2.23.2-1.pngcopy2-9900000000079e3c-1.png","width":1200,"height":800},{"@type":"BreadcrumbList","@id":"https:\/\/fondationcab.com\/fr\/open-studio-ariane-loze#breadcrumb","itemListElement":[{"@type":"ListItem","position":1,"name":"Home","item":"https:\/\/fondationcab.com\/fr"},{"@type":"ListItem","position":2,"name":"OPEN STUDIO Ariane Loze"}]},{"@type":"WebSite","@id":"https:\/\/fondationcab.com\/fr#website","url":"https:\/\/fondationcab.com\/fr","name":"FONDATION CAB","description":"ART CENTER BRUSSELS","publisher":{"@id":"https:\/\/fondationcab.com\/fr#organization"},"potentialAction":[{"@type":"SearchAction","target":{"@type":"EntryPoint","urlTemplate":"https:\/\/fondationcab.com\/fr?s={search_term_string}"},"query-input":{"@type":"PropertyValueSpecification","valueRequired":true,"valueName":"search_term_string"}}],"inLanguage":"fr-FR"},{"@type":"Organization","@id":"https:\/\/fondationcab.com\/fr#organization","name":"Fondation CAB","url":"https:\/\/fondationcab.com\/fr","logo":{"@type":"ImageObject","inLanguage":"fr-FR","@id":"https:\/\/fondationcab.com\/fr#\/schema\/logo\/image\/","url":"https:\/\/cab.storycoding.agency\/wp-content\/uploads\/2018\/03\/fondation_cab_logo.jpg","contentUrl":"https:\/\/cab.storycoding.agency\/wp-content\/uploads\/2018\/03\/fondation_cab_logo.jpg","width":250,"height":125,"caption":"Fondation CAB"},"image":{"@id":"https:\/\/fondationcab.com\/fr#\/schema\/logo\/image\/"},"sameAs":["https:\/\/www.facebook.com\/CABContemporaryArt\/","https:\/\/www.instagram.com\/fondation_cab\/","https:\/\/www.youtube.com\/channel\/UC4BG_XNA2Sn1VGimzwU60Aw"]},{"@type":"Person","@id":"https:\/\/fondationcab.com\/fr#\/schema\/person\/97e81405a09028aa359b90ec71ff6bd8","name":"eleonore"}]}},"_links":{"self":[{"href":"https:\/\/fondationcab.com\/fr\/wp-json\/wp\/v2\/posts\/4088","targetHints":{"allow":["GET"]}}],"collection":[{"href":"https:\/\/fondationcab.com\/fr\/wp-json\/wp\/v2\/posts"}],"about":[{"href":"https:\/\/fondationcab.com\/fr\/wp-json\/wp\/v2\/types\/post"}],"author":[{"embeddable":true,"href":"https:\/\/fondationcab.com\/fr\/wp-json\/wp\/v2\/users\/4"}],"replies":[{"embeddable":true,"href":"https:\/\/fondationcab.com\/fr\/wp-json\/wp\/v2\/comments?post=4088"}],"version-history":[{"count":0,"href":"https:\/\/fondationcab.com\/fr\/wp-json\/wp\/v2\/posts\/4088\/revisions"}],"wp:featuredmedia":[{"embeddable":true,"href":"https:\/\/fondationcab.com\/fr\/wp-json\/wp\/v2\/media\/4093"}],"wp:attachment":[{"href":"https:\/\/fondationcab.com\/fr\/wp-json\/wp\/v2\/media?parent=4088"}],"wp:term":[{"taxonomy":"category","embeddable":true,"href":"https:\/\/fondationcab.com\/fr\/wp-json\/wp\/v2\/categories?post=4088"},{"taxonomy":"post_tag","embeddable":true,"href":"https:\/\/fondationcab.com\/fr\/wp-json\/wp\/v2\/tags?post=4088"}],"curies":[{"name":"wp","href":"https:\/\/api.w.org\/{rel}","templated":true}]}}