{"id":6599,"date":"2021-04-27T15:43:01","date_gmt":"2021-04-27T13:43:01","guid":{"rendered":"https:\/\/fondationcab.com\/childrens-art-afternoon-at-fondation-cab-2"},"modified":"2021-05-12T17:32:04","modified_gmt":"2021-05-12T15:32:04","slug":"childrens-art-afternoon-at-fondation-cab","status":"publish","type":"post","link":"https:\/\/fondationcab.com\/fr\/childrens-art-afternoon-at-fondation-cab","title":{"rendered":"CHILDREN\u2019S ART AFTERNOON AT FONDATION CAB"},"content":{"rendered":"","protected":false},"excerpt":{"rendered":"","protected":false},"author":4,"featured_media":5202,"comment_status":"closed","ping_status":"closed","sticky":false,"template":"","format":"standard","meta":{"_acf_changed":false,"footnotes":""},"categories":[9],"tags":[],"class_list":["post-6599","post","type-post","status-publish","format-standard","has-post-thumbnail","hentry","category-non-classifiee","cities-bruxelles"],"acf":[],"yoast_head":"<!-- This site is optimized with the Yoast SEO plugin v27.5 - https:\/\/yoast.com\/product\/yoast-seo-wordpress\/ -->\n<title>CHILDREN\u2019S ART AFTERNOON AT FONDATION CAB - FONDATION CAB<\/title>\n<meta name=\"description\" content=\"Apr\u00e8s-midi d\u2019art pour enfants \u00e0 la Fondation CAB le mercredi 26 mai de 14h30 \u00e0 16h de 4 \u00e0 12 ans, 9 \u20ac par enfant. Les places sont limit\u00e9es, veuillez vous inscrire sur info@fondationcab.com L&#039;atelier sera en fran\u00e7ais. Lors de l\u2019exposition Structures of Radical Will, nous avons le plaisir d\u2019inviter votre famille \u00e0 un apr\u00e8s-midi d\u2019art pour enfants. Les enfants seront guid\u00e9s pour d\u00e9velopper leur sens de l&#039;observation et leur cr\u00e9ativit\u00e9 \u00e0 travers un atelier. Une visite interactive de l&#039;exposition sera \u00e9galement propos\u00e9e, suivie d&#039;une histoire et d&#039;une collation.\" \/>\n<meta name=\"robots\" content=\"index, follow, max-snippet:-1, max-image-preview:large, max-video-preview:-1\" \/>\n<link rel=\"canonical\" href=\"https:\/\/fondationcab.com\/fr\/childrens-art-afternoon-at-fondation-cab\" \/>\n<meta property=\"og:locale\" content=\"fr_FR\" \/>\n<meta property=\"og:type\" content=\"article\" \/>\n<meta property=\"og:title\" content=\"CHILDREN\u2019S ART AFTERNOON AT FONDATION CAB - FONDATION CAB\" \/>\n<meta property=\"og:description\" content=\"Apr\u00e8s-midi d\u2019art pour enfants \u00e0 la Fondation CAB le mercredi 26 mai de 14h30 \u00e0 16h de 4 \u00e0 12 ans, 9 \u20ac par enfant. Les places sont limit\u00e9es, veuillez vous inscrire sur info@fondationcab.com L&#039;atelier sera en fran\u00e7ais. Lors de l\u2019exposition Structures of Radical Will, nous avons le plaisir d\u2019inviter votre famille \u00e0 un apr\u00e8s-midi d\u2019art pour enfants. Les enfants seront guid\u00e9s pour d\u00e9velopper leur sens de l&#039;observation et leur cr\u00e9ativit\u00e9 \u00e0 travers un atelier. Une visite interactive de l&#039;exposition sera \u00e9galement propos\u00e9e, suivie d&#039;une histoire et d&#039;une collation.\" \/>\n<meta property=\"og:url\" content=\"https:\/\/fondationcab.com\/fr\/childrens-art-afternoon-at-fondation-cab\" \/>\n<meta property=\"og:site_name\" content=\"FONDATION CAB\" \/>\n<meta property=\"article:publisher\" content=\"https:\/\/www.facebook.com\/CABContemporaryArt\/\" \/>\n<meta property=\"article:published_time\" content=\"2021-04-27T13:43:01+00:00\" \/>\n<meta property=\"article:modified_time\" content=\"2021-05-12T15:32:04+00:00\" \/>\n<meta property=\"og:image\" content=\"https:\/\/fondationcab.com\/wp-content\/uploads\/2021\/02\/Screenshot-2021-02-23-at-13.25.10.png\" \/>\n\t<meta property=\"og:image:width\" content=\"1168\" \/>\n\t<meta property=\"og:image:height\" content=\"802\" \/>\n\t<meta property=\"og:image:type\" content=\"image\/png\" \/>\n<meta name=\"author\" content=\"eleonore\" \/>\n<meta name=\"twitter:card\" content=\"summary_large_image\" \/>\n<meta name=\"twitter:label1\" content=\"\u00c9crit par\" \/>\n\t<meta name=\"twitter:data1\" content=\"eleonore\" \/>\n<script type=\"application\/ld+json\" class=\"yoast-schema-graph\">{\"@context\":\"https:\\\/\\\/schema.org\",\"@graph\":[{\"@type\":\"Article\",\"@id\":\"https:\\\/\\\/fondationcab.com\\\/fr\\\/childrens-art-afternoon-at-fondation-cab#article\",\"isPartOf\":{\"@id\":\"https:\\\/\\\/fondationcab.com\\\/fr\\\/childrens-art-afternoon-at-fondation-cab\"},\"author\":{\"name\":\"eleonore\",\"@id\":\"https:\\\/\\\/fondationcab.com\\\/fr#\\\/schema\\\/person\\\/97e81405a09028aa359b90ec71ff6bd8\"},\"headline\":\"CHILDREN\u2019S ART AFTERNOON AT FONDATION CAB\",\"datePublished\":\"2021-04-27T13:43:01+00:00\",\"dateModified\":\"2021-05-12T15:32:04+00:00\",\"mainEntityOfPage\":{\"@id\":\"https:\\\/\\\/fondationcab.com\\\/fr\\\/childrens-art-afternoon-at-fondation-cab\"},\"wordCount\":7,\"publisher\":{\"@id\":\"https:\\\/\\\/fondationcab.com\\\/fr#organization\"},\"image\":{\"@id\":\"https:\\\/\\\/fondationcab.com\\\/fr\\\/childrens-art-afternoon-at-fondation-cab#primaryimage\"},\"thumbnailUrl\":\"https:\\\/\\\/fondationcab.com\\\/wp-content\\\/uploads\\\/2021\\\/02\\\/Screenshot-2021-02-23-at-13.25.10.png\",\"articleSection\":[\"Non classifi\u00e9(e)\"],\"inLanguage\":\"fr-FR\"},{\"@type\":\"WebPage\",\"@id\":\"https:\\\/\\\/fondationcab.com\\\/fr\\\/childrens-art-afternoon-at-fondation-cab\",\"url\":\"https:\\\/\\\/fondationcab.com\\\/fr\\\/childrens-art-afternoon-at-fondation-cab\",\"name\":\"CHILDREN\u2019S ART AFTERNOON AT FONDATION CAB - FONDATION CAB\",\"isPartOf\":{\"@id\":\"https:\\\/\\\/fondationcab.com\\\/fr#website\"},\"primaryImageOfPage\":{\"@id\":\"https:\\\/\\\/fondationcab.com\\\/fr\\\/childrens-art-afternoon-at-fondation-cab#primaryimage\"},\"image\":{\"@id\":\"https:\\\/\\\/fondationcab.com\\\/fr\\\/childrens-art-afternoon-at-fondation-cab#primaryimage\"},\"thumbnailUrl\":\"https:\\\/\\\/fondationcab.com\\\/wp-content\\\/uploads\\\/2021\\\/02\\\/Screenshot-2021-02-23-at-13.25.10.png\",\"datePublished\":\"2021-04-27T13:43:01+00:00\",\"dateModified\":\"2021-05-12T15:32:04+00:00\",\"description\":\"Apr\u00e8s-midi d\u2019art pour enfants \u00e0 la Fondation CAB le mercredi 26 mai de 14h30 \u00e0 16h de 4 \u00e0 12 ans, 9 \u20ac par enfant. Les places sont limit\u00e9es, veuillez vous inscrire sur info@fondationcab.com L'atelier sera en fran\u00e7ais. Lors de l\u2019exposition Structures of Radical Will, nous avons le plaisir d\u2019inviter votre famille \u00e0 un apr\u00e8s-midi d\u2019art pour enfants. Les enfants seront guid\u00e9s pour d\u00e9velopper leur sens de l'observation et leur cr\u00e9ativit\u00e9 \u00e0 travers un atelier. Une visite interactive de l'exposition sera \u00e9galement propos\u00e9e, suivie d'une histoire et d'une collation.\",\"breadcrumb\":{\"@id\":\"https:\\\/\\\/fondationcab.com\\\/fr\\\/childrens-art-afternoon-at-fondation-cab#breadcrumb\"},\"inLanguage\":\"fr-FR\",\"potentialAction\":[{\"@type\":\"ReadAction\",\"target\":[\"https:\\\/\\\/fondationcab.com\\\/fr\\\/childrens-art-afternoon-at-fondation-cab\"]}]},{\"@type\":\"ImageObject\",\"inLanguage\":\"fr-FR\",\"@id\":\"https:\\\/\\\/fondationcab.com\\\/fr\\\/childrens-art-afternoon-at-fondation-cab#primaryimage\",\"url\":\"https:\\\/\\\/fondationcab.com\\\/wp-content\\\/uploads\\\/2021\\\/02\\\/Screenshot-2021-02-23-at-13.25.10.png\",\"contentUrl\":\"https:\\\/\\\/fondationcab.com\\\/wp-content\\\/uploads\\\/2021\\\/02\\\/Screenshot-2021-02-23-at-13.25.10.png\",\"width\":1168,\"height\":802},{\"@type\":\"BreadcrumbList\",\"@id\":\"https:\\\/\\\/fondationcab.com\\\/fr\\\/childrens-art-afternoon-at-fondation-cab#breadcrumb\",\"itemListElement\":[{\"@type\":\"ListItem\",\"position\":1,\"name\":\"Home\",\"item\":\"https:\\\/\\\/fondationcab.com\\\/fr\"},{\"@type\":\"ListItem\",\"position\":2,\"name\":\"CHILDREN\u2019S ART AFTERNOON AT FONDATION CAB\"}]},{\"@type\":\"WebSite\",\"@id\":\"https:\\\/\\\/fondationcab.com\\\/fr#website\",\"url\":\"https:\\\/\\\/fondationcab.com\\\/fr\",\"name\":\"FONDATION CAB\",\"description\":\"ART CENTER BRUSSELS\",\"publisher\":{\"@id\":\"https:\\\/\\\/fondationcab.com\\\/fr#organization\"},\"potentialAction\":[{\"@type\":\"SearchAction\",\"target\":{\"@type\":\"EntryPoint\",\"urlTemplate\":\"https:\\\/\\\/fondationcab.com\\\/fr?s={search_term_string}\"},\"query-input\":{\"@type\":\"PropertyValueSpecification\",\"valueRequired\":true,\"valueName\":\"search_term_string\"}}],\"inLanguage\":\"fr-FR\"},{\"@type\":\"Organization\",\"@id\":\"https:\\\/\\\/fondationcab.com\\\/fr#organization\",\"name\":\"Fondation CAB\",\"url\":\"https:\\\/\\\/fondationcab.com\\\/fr\",\"logo\":{\"@type\":\"ImageObject\",\"inLanguage\":\"fr-FR\",\"@id\":\"https:\\\/\\\/fondationcab.com\\\/fr#\\\/schema\\\/logo\\\/image\\\/\",\"url\":\"https:\\\/\\\/cab.storycoding.agency\\\/wp-content\\\/uploads\\\/2018\\\/03\\\/fondation_cab_logo.jpg\",\"contentUrl\":\"https:\\\/\\\/cab.storycoding.agency\\\/wp-content\\\/uploads\\\/2018\\\/03\\\/fondation_cab_logo.jpg\",\"width\":250,\"height\":125,\"caption\":\"Fondation CAB\"},\"image\":{\"@id\":\"https:\\\/\\\/fondationcab.com\\\/fr#\\\/schema\\\/logo\\\/image\\\/\"},\"sameAs\":[\"https:\\\/\\\/www.facebook.com\\\/CABContemporaryArt\\\/\",\"https:\\\/\\\/www.instagram.com\\\/fondation_cab\\\/\",\"https:\\\/\\\/www.youtube.com\\\/channel\\\/UC4BG_XNA2Sn1VGimzwU60Aw\"]},{\"@type\":\"Person\",\"@id\":\"https:\\\/\\\/fondationcab.com\\\/fr#\\\/schema\\\/person\\\/97e81405a09028aa359b90ec71ff6bd8\",\"name\":\"eleonore\"}]}<\/script>\n<!-- \/ Yoast SEO plugin. -->","yoast_head_json":{"title":"CHILDREN\u2019S ART AFTERNOON AT FONDATION CAB - FONDATION CAB","description":"Apr\u00e8s-midi d\u2019art pour enfants \u00e0 la Fondation CAB le mercredi 26 mai de 14h30 \u00e0 16h de 4 \u00e0 12 ans, 9 \u20ac par enfant. Les places sont limit\u00e9es, veuillez vous inscrire sur info@fondationcab.com L'atelier sera en fran\u00e7ais. Lors de l\u2019exposition Structures of Radical Will, nous avons le plaisir d\u2019inviter votre famille \u00e0 un apr\u00e8s-midi d\u2019art pour enfants. Les enfants seront guid\u00e9s pour d\u00e9velopper leur sens de l'observation et leur cr\u00e9ativit\u00e9 \u00e0 travers un atelier. Une visite interactive de l'exposition sera \u00e9galement propos\u00e9e, suivie d'une histoire et d'une collation.","robots":{"index":"index","follow":"follow","max-snippet":"max-snippet:-1","max-image-preview":"max-image-preview:large","max-video-preview":"max-video-preview:-1"},"canonical":"https:\/\/fondationcab.com\/fr\/childrens-art-afternoon-at-fondation-cab","og_locale":"fr_FR","og_type":"article","og_title":"CHILDREN\u2019S ART AFTERNOON AT FONDATION CAB - FONDATION CAB","og_description":"Apr\u00e8s-midi d\u2019art pour enfants \u00e0 la Fondation CAB le mercredi 26 mai de 14h30 \u00e0 16h de 4 \u00e0 12 ans, 9 \u20ac par enfant. Les places sont limit\u00e9es, veuillez vous inscrire sur info@fondationcab.com L'atelier sera en fran\u00e7ais. Lors de l\u2019exposition Structures of Radical Will, nous avons le plaisir d\u2019inviter votre famille \u00e0 un apr\u00e8s-midi d\u2019art pour enfants. Les enfants seront guid\u00e9s pour d\u00e9velopper leur sens de l'observation et leur cr\u00e9ativit\u00e9 \u00e0 travers un atelier. Une visite interactive de l'exposition sera \u00e9galement propos\u00e9e, suivie d'une histoire et d'une collation.","og_url":"https:\/\/fondationcab.com\/fr\/childrens-art-afternoon-at-fondation-cab","og_site_name":"FONDATION CAB","article_publisher":"https:\/\/www.facebook.com\/CABContemporaryArt\/","article_published_time":"2021-04-27T13:43:01+00:00","article_modified_time":"2021-05-12T15:32:04+00:00","og_image":[{"width":1168,"height":802,"url":"https:\/\/fondationcab.com\/wp-content\/uploads\/2021\/02\/Screenshot-2021-02-23-at-13.25.10.png","type":"image\/png"}],"author":"eleonore","twitter_card":"summary_large_image","twitter_misc":{"\u00c9crit par":"eleonore"},"schema":{"@context":"https:\/\/schema.org","@graph":[{"@type":"Article","@id":"https:\/\/fondationcab.com\/fr\/childrens-art-afternoon-at-fondation-cab#article","isPartOf":{"@id":"https:\/\/fondationcab.com\/fr\/childrens-art-afternoon-at-fondation-cab"},"author":{"name":"eleonore","@id":"https:\/\/fondationcab.com\/fr#\/schema\/person\/97e81405a09028aa359b90ec71ff6bd8"},"headline":"CHILDREN\u2019S ART AFTERNOON AT FONDATION CAB","datePublished":"2021-04-27T13:43:01+00:00","dateModified":"2021-05-12T15:32:04+00:00","mainEntityOfPage":{"@id":"https:\/\/fondationcab.com\/fr\/childrens-art-afternoon-at-fondation-cab"},"wordCount":7,"publisher":{"@id":"https:\/\/fondationcab.com\/fr#organization"},"image":{"@id":"https:\/\/fondationcab.com\/fr\/childrens-art-afternoon-at-fondation-cab#primaryimage"},"thumbnailUrl":"https:\/\/fondationcab.com\/wp-content\/uploads\/2021\/02\/Screenshot-2021-02-23-at-13.25.10.png","articleSection":["Non classifi\u00e9(e)"],"inLanguage":"fr-FR"},{"@type":"WebPage","@id":"https:\/\/fondationcab.com\/fr\/childrens-art-afternoon-at-fondation-cab","url":"https:\/\/fondationcab.com\/fr\/childrens-art-afternoon-at-fondation-cab","name":"CHILDREN\u2019S ART AFTERNOON AT FONDATION CAB - FONDATION CAB","isPartOf":{"@id":"https:\/\/fondationcab.com\/fr#website"},"primaryImageOfPage":{"@id":"https:\/\/fondationcab.com\/fr\/childrens-art-afternoon-at-fondation-cab#primaryimage"},"image":{"@id":"https:\/\/fondationcab.com\/fr\/childrens-art-afternoon-at-fondation-cab#primaryimage"},"thumbnailUrl":"https:\/\/fondationcab.com\/wp-content\/uploads\/2021\/02\/Screenshot-2021-02-23-at-13.25.10.png","datePublished":"2021-04-27T13:43:01+00:00","dateModified":"2021-05-12T15:32:04+00:00","description":"Apr\u00e8s-midi d\u2019art pour enfants \u00e0 la Fondation CAB le mercredi 26 mai de 14h30 \u00e0 16h de 4 \u00e0 12 ans, 9 \u20ac par enfant. Les places sont limit\u00e9es, veuillez vous inscrire sur info@fondationcab.com L'atelier sera en fran\u00e7ais. Lors de l\u2019exposition Structures of Radical Will, nous avons le plaisir d\u2019inviter votre famille \u00e0 un apr\u00e8s-midi d\u2019art pour enfants. Les enfants seront guid\u00e9s pour d\u00e9velopper leur sens de l'observation et leur cr\u00e9ativit\u00e9 \u00e0 travers un atelier. Une visite interactive de l'exposition sera \u00e9galement propos\u00e9e, suivie d'une histoire et d'une collation.","breadcrumb":{"@id":"https:\/\/fondationcab.com\/fr\/childrens-art-afternoon-at-fondation-cab#breadcrumb"},"inLanguage":"fr-FR","potentialAction":[{"@type":"ReadAction","target":["https:\/\/fondationcab.com\/fr\/childrens-art-afternoon-at-fondation-cab"]}]},{"@type":"ImageObject","inLanguage":"fr-FR","@id":"https:\/\/fondationcab.com\/fr\/childrens-art-afternoon-at-fondation-cab#primaryimage","url":"https:\/\/fondationcab.com\/wp-content\/uploads\/2021\/02\/Screenshot-2021-02-23-at-13.25.10.png","contentUrl":"https:\/\/fondationcab.com\/wp-content\/uploads\/2021\/02\/Screenshot-2021-02-23-at-13.25.10.png","width":1168,"height":802},{"@type":"BreadcrumbList","@id":"https:\/\/fondationcab.com\/fr\/childrens-art-afternoon-at-fondation-cab#breadcrumb","itemListElement":[{"@type":"ListItem","position":1,"name":"Home","item":"https:\/\/fondationcab.com\/fr"},{"@type":"ListItem","position":2,"name":"CHILDREN\u2019S ART AFTERNOON AT FONDATION CAB"}]},{"@type":"WebSite","@id":"https:\/\/fondationcab.com\/fr#website","url":"https:\/\/fondationcab.com\/fr","name":"FONDATION CAB","description":"ART CENTER BRUSSELS","publisher":{"@id":"https:\/\/fondationcab.com\/fr#organization"},"potentialAction":[{"@type":"SearchAction","target":{"@type":"EntryPoint","urlTemplate":"https:\/\/fondationcab.com\/fr?s={search_term_string}"},"query-input":{"@type":"PropertyValueSpecification","valueRequired":true,"valueName":"search_term_string"}}],"inLanguage":"fr-FR"},{"@type":"Organization","@id":"https:\/\/fondationcab.com\/fr#organization","name":"Fondation CAB","url":"https:\/\/fondationcab.com\/fr","logo":{"@type":"ImageObject","inLanguage":"fr-FR","@id":"https:\/\/fondationcab.com\/fr#\/schema\/logo\/image\/","url":"https:\/\/cab.storycoding.agency\/wp-content\/uploads\/2018\/03\/fondation_cab_logo.jpg","contentUrl":"https:\/\/cab.storycoding.agency\/wp-content\/uploads\/2018\/03\/fondation_cab_logo.jpg","width":250,"height":125,"caption":"Fondation CAB"},"image":{"@id":"https:\/\/fondationcab.com\/fr#\/schema\/logo\/image\/"},"sameAs":["https:\/\/www.facebook.com\/CABContemporaryArt\/","https:\/\/www.instagram.com\/fondation_cab\/","https:\/\/www.youtube.com\/channel\/UC4BG_XNA2Sn1VGimzwU60Aw"]},{"@type":"Person","@id":"https:\/\/fondationcab.com\/fr#\/schema\/person\/97e81405a09028aa359b90ec71ff6bd8","name":"eleonore"}]}},"_links":{"self":[{"href":"https:\/\/fondationcab.com\/fr\/wp-json\/wp\/v2\/posts\/6599","targetHints":{"allow":["GET"]}}],"collection":[{"href":"https:\/\/fondationcab.com\/fr\/wp-json\/wp\/v2\/posts"}],"about":[{"href":"https:\/\/fondationcab.com\/fr\/wp-json\/wp\/v2\/types\/post"}],"author":[{"embeddable":true,"href":"https:\/\/fondationcab.com\/fr\/wp-json\/wp\/v2\/users\/4"}],"replies":[{"embeddable":true,"href":"https:\/\/fondationcab.com\/fr\/wp-json\/wp\/v2\/comments?post=6599"}],"version-history":[{"count":2,"href":"https:\/\/fondationcab.com\/fr\/wp-json\/wp\/v2\/posts\/6599\/revisions"}],"predecessor-version":[{"id":6784,"href":"https:\/\/fondationcab.com\/fr\/wp-json\/wp\/v2\/posts\/6599\/revisions\/6784"}],"wp:featuredmedia":[{"embeddable":true,"href":"https:\/\/fondationcab.com\/fr\/wp-json\/wp\/v2\/media\/5202"}],"wp:attachment":[{"href":"https:\/\/fondationcab.com\/fr\/wp-json\/wp\/v2\/media?parent=6599"}],"wp:term":[{"taxonomy":"category","embeddable":true,"href":"https:\/\/fondationcab.com\/fr\/wp-json\/wp\/v2\/categories?post=6599"},{"taxonomy":"post_tag","embeddable":true,"href":"https:\/\/fondationcab.com\/fr\/wp-json\/wp\/v2\/tags?post=6599"}],"curies":[{"name":"wp","href":"https:\/\/api.w.org\/{rel}","templated":true}]}}