{"id":8466,"date":"2022-03-05T18:12:41","date_gmt":"2022-03-05T16:12:41","guid":{"rendered":"https:\/\/fondationcab.com\/?p=8466"},"modified":"2022-03-11T18:18:27","modified_gmt":"2022-03-11T16:18:27","slug":"crop-circle","status":"publish","type":"post","link":"https:\/\/fondationcab.com\/fr\/crop-circle","title":{"rendered":"Crop Circle"},"content":{"rendered":"<div>\n<p>Notre 17<sup>\u00e8me<\/sup> artiste en r\u00e9sidence \u00e0 la Fondation CAB de Bruxelles, Martin Bonnaz (n.1994, Annemasse, France), organise une exposition collective o\u00f9 des jeunes artistes se confrontent aux derniers r\u00e9cits modernistes que sont l\u2019art minimal et conceptuel. Cette jeune sc\u00e8ne artistique cr\u00e9e une mise en relation et une red\u00e9finition des constituantes essentielles \u00e0 la fabrication d\u2019une \u0153uvre minimale. L\u2019exposition Crop Circle, organis\u00e9e en strates entrecrois\u00e9s, offre un parcours de pluralit\u00e9s artistiques qui pr\u00e9f\u00e9re la transgression et la m\u00e9tamorphose \u00e0 la conformit\u00e9 et la progression lin\u00e9aire.<\/p>\n<\/div>\n","protected":false},"excerpt":{"rendered":"<p>Notre 17\u00e8me artiste en r\u00e9sidence \u00e0 la Fondation CAB de Bruxelles, Martin Bonnaz (n.1994, Annemasse, France), organise une exposition collective o\u00f9 des jeunes artistes se confrontent aux derniers r\u00e9cits modernistes que sont l\u2019art minimal et conceptuel. Cette jeune sc\u00e8ne artistique cr\u00e9e une mise en relation et une red\u00e9finition des constituantes essentielles \u00e0 la fabrication d\u2019une&nbsp; <a href=\"https:\/\/fondationcab.com\/fr\/crop-circle\">&hellip; Read more <i class=\"glyphicon glyphicon-arrow-right\"><\/i><\/a><\/p>\n","protected":false},"author":4,"featured_media":8459,"comment_status":"closed","ping_status":"closed","sticky":false,"template":"","format":"standard","meta":{"_acf_changed":false,"footnotes":""},"categories":[9],"tags":[],"class_list":["post-8466","post","type-post","status-publish","format-standard","has-post-thumbnail","hentry","category-non-classifiee","cities-bruxelles"],"acf":[],"yoast_head":"<!-- This site is optimized with the Yoast SEO plugin v27.5 - https:\/\/yoast.com\/product\/yoast-seo-wordpress\/ -->\n<title>Crop Circle - FONDATION CAB<\/title>\n<meta name=\"description\" content=\"Martin Bonnaz et la Fondation CAB vous pr\u00e9sente l\u2019exposition collective Crop Circle avec H\u00e9loise Colrat, Pauline Faivre, Amat Gueye, Naoki Karathanassis, Fabien Karp et Thily Vossier.\" \/>\n<meta name=\"robots\" content=\"index, follow, max-snippet:-1, max-image-preview:large, max-video-preview:-1\" \/>\n<link rel=\"canonical\" href=\"https:\/\/fondationcab.com\/fr\/crop-circle\" \/>\n<meta property=\"og:locale\" content=\"fr_FR\" \/>\n<meta property=\"og:type\" content=\"article\" \/>\n<meta property=\"og:title\" content=\"Crop Circle - FONDATION CAB\" \/>\n<meta property=\"og:description\" content=\"Martin Bonnaz et la Fondation CAB vous pr\u00e9sente l\u2019exposition collective Crop Circle avec H\u00e9loise Colrat, Pauline Faivre, Amat Gueye, Naoki Karathanassis, Fabien Karp et Thily Vossier.\" \/>\n<meta property=\"og:url\" content=\"https:\/\/fondationcab.com\/fr\/crop-circle\" \/>\n<meta property=\"og:site_name\" content=\"FONDATION CAB\" \/>\n<meta property=\"article:publisher\" content=\"https:\/\/www.facebook.com\/CABContemporaryArt\/\" \/>\n<meta property=\"article:published_time\" content=\"2022-03-05T16:12:41+00:00\" \/>\n<meta property=\"article:modified_time\" content=\"2022-03-11T16:18:27+00:00\" \/>\n<meta property=\"og:image\" content=\"https:\/\/fondationcab.com\/wp-content\/uploads\/2022\/03\/Screenshot-2022-03-05-at-16.30.05-min.png\" \/>\n\t<meta property=\"og:image:width\" content=\"2560\" \/>\n\t<meta property=\"og:image:height\" content=\"1637\" \/>\n\t<meta property=\"og:image:type\" content=\"image\/png\" \/>\n<meta name=\"author\" content=\"eleonore\" \/>\n<meta name=\"twitter:card\" content=\"summary_large_image\" \/>\n<meta name=\"twitter:label1\" content=\"\u00c9crit par\" \/>\n\t<meta name=\"twitter:data1\" content=\"eleonore\" \/>\n<script type=\"application\/ld+json\" class=\"yoast-schema-graph\">{\"@context\":\"https:\\\/\\\/schema.org\",\"@graph\":[{\"@type\":\"Article\",\"@id\":\"https:\\\/\\\/fondationcab.com\\\/fr\\\/crop-circle#article\",\"isPartOf\":{\"@id\":\"https:\\\/\\\/fondationcab.com\\\/fr\\\/crop-circle\"},\"author\":{\"name\":\"eleonore\",\"@id\":\"https:\\\/\\\/fondationcab.com\\\/fr#\\\/schema\\\/person\\\/97e81405a09028aa359b90ec71ff6bd8\"},\"headline\":\"Crop Circle\",\"datePublished\":\"2022-03-05T16:12:41+00:00\",\"dateModified\":\"2022-03-11T16:18:27+00:00\",\"mainEntityOfPage\":{\"@id\":\"https:\\\/\\\/fondationcab.com\\\/fr\\\/crop-circle\"},\"wordCount\":98,\"publisher\":{\"@id\":\"https:\\\/\\\/fondationcab.com\\\/fr#organization\"},\"image\":{\"@id\":\"https:\\\/\\\/fondationcab.com\\\/fr\\\/crop-circle#primaryimage\"},\"thumbnailUrl\":\"https:\\\/\\\/fondationcab.com\\\/wp-content\\\/uploads\\\/2022\\\/03\\\/Screenshot-2022-03-05-at-16.30.05-min.png\",\"articleSection\":[\"Non classifi\u00e9(e)\"],\"inLanguage\":\"fr-FR\"},{\"@type\":\"WebPage\",\"@id\":\"https:\\\/\\\/fondationcab.com\\\/fr\\\/crop-circle\",\"url\":\"https:\\\/\\\/fondationcab.com\\\/fr\\\/crop-circle\",\"name\":\"Crop Circle - FONDATION CAB\",\"isPartOf\":{\"@id\":\"https:\\\/\\\/fondationcab.com\\\/fr#website\"},\"primaryImageOfPage\":{\"@id\":\"https:\\\/\\\/fondationcab.com\\\/fr\\\/crop-circle#primaryimage\"},\"image\":{\"@id\":\"https:\\\/\\\/fondationcab.com\\\/fr\\\/crop-circle#primaryimage\"},\"thumbnailUrl\":\"https:\\\/\\\/fondationcab.com\\\/wp-content\\\/uploads\\\/2022\\\/03\\\/Screenshot-2022-03-05-at-16.30.05-min.png\",\"datePublished\":\"2022-03-05T16:12:41+00:00\",\"dateModified\":\"2022-03-11T16:18:27+00:00\",\"description\":\"Martin Bonnaz et la Fondation CAB vous pr\u00e9sente l\u2019exposition collective Crop Circle avec H\u00e9loise Colrat, Pauline Faivre, Amat Gueye, Naoki Karathanassis, Fabien Karp et Thily Vossier.\",\"breadcrumb\":{\"@id\":\"https:\\\/\\\/fondationcab.com\\\/fr\\\/crop-circle#breadcrumb\"},\"inLanguage\":\"fr-FR\",\"potentialAction\":[{\"@type\":\"ReadAction\",\"target\":[\"https:\\\/\\\/fondationcab.com\\\/fr\\\/crop-circle\"]}]},{\"@type\":\"ImageObject\",\"inLanguage\":\"fr-FR\",\"@id\":\"https:\\\/\\\/fondationcab.com\\\/fr\\\/crop-circle#primaryimage\",\"url\":\"https:\\\/\\\/fondationcab.com\\\/wp-content\\\/uploads\\\/2022\\\/03\\\/Screenshot-2022-03-05-at-16.30.05-min.png\",\"contentUrl\":\"https:\\\/\\\/fondationcab.com\\\/wp-content\\\/uploads\\\/2022\\\/03\\\/Screenshot-2022-03-05-at-16.30.05-min.png\",\"width\":2560,\"height\":1637},{\"@type\":\"BreadcrumbList\",\"@id\":\"https:\\\/\\\/fondationcab.com\\\/fr\\\/crop-circle#breadcrumb\",\"itemListElement\":[{\"@type\":\"ListItem\",\"position\":1,\"name\":\"Home\",\"item\":\"https:\\\/\\\/fondationcab.com\\\/fr\"},{\"@type\":\"ListItem\",\"position\":2,\"name\":\"Crop Circle\"}]},{\"@type\":\"WebSite\",\"@id\":\"https:\\\/\\\/fondationcab.com\\\/fr#website\",\"url\":\"https:\\\/\\\/fondationcab.com\\\/fr\",\"name\":\"FONDATION CAB\",\"description\":\"ART CENTER BRUSSELS\",\"publisher\":{\"@id\":\"https:\\\/\\\/fondationcab.com\\\/fr#organization\"},\"potentialAction\":[{\"@type\":\"SearchAction\",\"target\":{\"@type\":\"EntryPoint\",\"urlTemplate\":\"https:\\\/\\\/fondationcab.com\\\/fr?s={search_term_string}\"},\"query-input\":{\"@type\":\"PropertyValueSpecification\",\"valueRequired\":true,\"valueName\":\"search_term_string\"}}],\"inLanguage\":\"fr-FR\"},{\"@type\":\"Organization\",\"@id\":\"https:\\\/\\\/fondationcab.com\\\/fr#organization\",\"name\":\"Fondation CAB\",\"url\":\"https:\\\/\\\/fondationcab.com\\\/fr\",\"logo\":{\"@type\":\"ImageObject\",\"inLanguage\":\"fr-FR\",\"@id\":\"https:\\\/\\\/fondationcab.com\\\/fr#\\\/schema\\\/logo\\\/image\\\/\",\"url\":\"https:\\\/\\\/cab.storycoding.agency\\\/wp-content\\\/uploads\\\/2018\\\/03\\\/fondation_cab_logo.jpg\",\"contentUrl\":\"https:\\\/\\\/cab.storycoding.agency\\\/wp-content\\\/uploads\\\/2018\\\/03\\\/fondation_cab_logo.jpg\",\"width\":250,\"height\":125,\"caption\":\"Fondation CAB\"},\"image\":{\"@id\":\"https:\\\/\\\/fondationcab.com\\\/fr#\\\/schema\\\/logo\\\/image\\\/\"},\"sameAs\":[\"https:\\\/\\\/www.facebook.com\\\/CABContemporaryArt\\\/\",\"https:\\\/\\\/www.instagram.com\\\/fondation_cab\\\/\",\"https:\\\/\\\/www.youtube.com\\\/channel\\\/UC4BG_XNA2Sn1VGimzwU60Aw\"]},{\"@type\":\"Person\",\"@id\":\"https:\\\/\\\/fondationcab.com\\\/fr#\\\/schema\\\/person\\\/97e81405a09028aa359b90ec71ff6bd8\",\"name\":\"eleonore\"}]}<\/script>\n<!-- \/ Yoast SEO plugin. -->","yoast_head_json":{"title":"Crop Circle - FONDATION CAB","description":"Martin Bonnaz et la Fondation CAB vous pr\u00e9sente l\u2019exposition collective Crop Circle avec H\u00e9loise Colrat, Pauline Faivre, Amat Gueye, Naoki Karathanassis, Fabien Karp et Thily Vossier.","robots":{"index":"index","follow":"follow","max-snippet":"max-snippet:-1","max-image-preview":"max-image-preview:large","max-video-preview":"max-video-preview:-1"},"canonical":"https:\/\/fondationcab.com\/fr\/crop-circle","og_locale":"fr_FR","og_type":"article","og_title":"Crop Circle - FONDATION CAB","og_description":"Martin Bonnaz et la Fondation CAB vous pr\u00e9sente l\u2019exposition collective Crop Circle avec H\u00e9loise Colrat, Pauline Faivre, Amat Gueye, Naoki Karathanassis, Fabien Karp et Thily Vossier.","og_url":"https:\/\/fondationcab.com\/fr\/crop-circle","og_site_name":"FONDATION CAB","article_publisher":"https:\/\/www.facebook.com\/CABContemporaryArt\/","article_published_time":"2022-03-05T16:12:41+00:00","article_modified_time":"2022-03-11T16:18:27+00:00","og_image":[{"width":2560,"height":1637,"url":"https:\/\/fondationcab.com\/wp-content\/uploads\/2022\/03\/Screenshot-2022-03-05-at-16.30.05-min.png","type":"image\/png"}],"author":"eleonore","twitter_card":"summary_large_image","twitter_misc":{"\u00c9crit par":"eleonore"},"schema":{"@context":"https:\/\/schema.org","@graph":[{"@type":"Article","@id":"https:\/\/fondationcab.com\/fr\/crop-circle#article","isPartOf":{"@id":"https:\/\/fondationcab.com\/fr\/crop-circle"},"author":{"name":"eleonore","@id":"https:\/\/fondationcab.com\/fr#\/schema\/person\/97e81405a09028aa359b90ec71ff6bd8"},"headline":"Crop Circle","datePublished":"2022-03-05T16:12:41+00:00","dateModified":"2022-03-11T16:18:27+00:00","mainEntityOfPage":{"@id":"https:\/\/fondationcab.com\/fr\/crop-circle"},"wordCount":98,"publisher":{"@id":"https:\/\/fondationcab.com\/fr#organization"},"image":{"@id":"https:\/\/fondationcab.com\/fr\/crop-circle#primaryimage"},"thumbnailUrl":"https:\/\/fondationcab.com\/wp-content\/uploads\/2022\/03\/Screenshot-2022-03-05-at-16.30.05-min.png","articleSection":["Non classifi\u00e9(e)"],"inLanguage":"fr-FR"},{"@type":"WebPage","@id":"https:\/\/fondationcab.com\/fr\/crop-circle","url":"https:\/\/fondationcab.com\/fr\/crop-circle","name":"Crop Circle - FONDATION CAB","isPartOf":{"@id":"https:\/\/fondationcab.com\/fr#website"},"primaryImageOfPage":{"@id":"https:\/\/fondationcab.com\/fr\/crop-circle#primaryimage"},"image":{"@id":"https:\/\/fondationcab.com\/fr\/crop-circle#primaryimage"},"thumbnailUrl":"https:\/\/fondationcab.com\/wp-content\/uploads\/2022\/03\/Screenshot-2022-03-05-at-16.30.05-min.png","datePublished":"2022-03-05T16:12:41+00:00","dateModified":"2022-03-11T16:18:27+00:00","description":"Martin Bonnaz et la Fondation CAB vous pr\u00e9sente l\u2019exposition collective Crop Circle avec H\u00e9loise Colrat, Pauline Faivre, Amat Gueye, Naoki Karathanassis, Fabien Karp et Thily Vossier.","breadcrumb":{"@id":"https:\/\/fondationcab.com\/fr\/crop-circle#breadcrumb"},"inLanguage":"fr-FR","potentialAction":[{"@type":"ReadAction","target":["https:\/\/fondationcab.com\/fr\/crop-circle"]}]},{"@type":"ImageObject","inLanguage":"fr-FR","@id":"https:\/\/fondationcab.com\/fr\/crop-circle#primaryimage","url":"https:\/\/fondationcab.com\/wp-content\/uploads\/2022\/03\/Screenshot-2022-03-05-at-16.30.05-min.png","contentUrl":"https:\/\/fondationcab.com\/wp-content\/uploads\/2022\/03\/Screenshot-2022-03-05-at-16.30.05-min.png","width":2560,"height":1637},{"@type":"BreadcrumbList","@id":"https:\/\/fondationcab.com\/fr\/crop-circle#breadcrumb","itemListElement":[{"@type":"ListItem","position":1,"name":"Home","item":"https:\/\/fondationcab.com\/fr"},{"@type":"ListItem","position":2,"name":"Crop Circle"}]},{"@type":"WebSite","@id":"https:\/\/fondationcab.com\/fr#website","url":"https:\/\/fondationcab.com\/fr","name":"FONDATION CAB","description":"ART CENTER BRUSSELS","publisher":{"@id":"https:\/\/fondationcab.com\/fr#organization"},"potentialAction":[{"@type":"SearchAction","target":{"@type":"EntryPoint","urlTemplate":"https:\/\/fondationcab.com\/fr?s={search_term_string}"},"query-input":{"@type":"PropertyValueSpecification","valueRequired":true,"valueName":"search_term_string"}}],"inLanguage":"fr-FR"},{"@type":"Organization","@id":"https:\/\/fondationcab.com\/fr#organization","name":"Fondation CAB","url":"https:\/\/fondationcab.com\/fr","logo":{"@type":"ImageObject","inLanguage":"fr-FR","@id":"https:\/\/fondationcab.com\/fr#\/schema\/logo\/image\/","url":"https:\/\/cab.storycoding.agency\/wp-content\/uploads\/2018\/03\/fondation_cab_logo.jpg","contentUrl":"https:\/\/cab.storycoding.agency\/wp-content\/uploads\/2018\/03\/fondation_cab_logo.jpg","width":250,"height":125,"caption":"Fondation CAB"},"image":{"@id":"https:\/\/fondationcab.com\/fr#\/schema\/logo\/image\/"},"sameAs":["https:\/\/www.facebook.com\/CABContemporaryArt\/","https:\/\/www.instagram.com\/fondation_cab\/","https:\/\/www.youtube.com\/channel\/UC4BG_XNA2Sn1VGimzwU60Aw"]},{"@type":"Person","@id":"https:\/\/fondationcab.com\/fr#\/schema\/person\/97e81405a09028aa359b90ec71ff6bd8","name":"eleonore"}]}},"_links":{"self":[{"href":"https:\/\/fondationcab.com\/fr\/wp-json\/wp\/v2\/posts\/8466","targetHints":{"allow":["GET"]}}],"collection":[{"href":"https:\/\/fondationcab.com\/fr\/wp-json\/wp\/v2\/posts"}],"about":[{"href":"https:\/\/fondationcab.com\/fr\/wp-json\/wp\/v2\/types\/post"}],"author":[{"embeddable":true,"href":"https:\/\/fondationcab.com\/fr\/wp-json\/wp\/v2\/users\/4"}],"replies":[{"embeddable":true,"href":"https:\/\/fondationcab.com\/fr\/wp-json\/wp\/v2\/comments?post=8466"}],"version-history":[{"count":2,"href":"https:\/\/fondationcab.com\/fr\/wp-json\/wp\/v2\/posts\/8466\/revisions"}],"predecessor-version":[{"id":8531,"href":"https:\/\/fondationcab.com\/fr\/wp-json\/wp\/v2\/posts\/8466\/revisions\/8531"}],"wp:featuredmedia":[{"embeddable":true,"href":"https:\/\/fondationcab.com\/fr\/wp-json\/wp\/v2\/media\/8459"}],"wp:attachment":[{"href":"https:\/\/fondationcab.com\/fr\/wp-json\/wp\/v2\/media?parent=8466"}],"wp:term":[{"taxonomy":"category","embeddable":true,"href":"https:\/\/fondationcab.com\/fr\/wp-json\/wp\/v2\/categories?post=8466"},{"taxonomy":"post_tag","embeddable":true,"href":"https:\/\/fondationcab.com\/fr\/wp-json\/wp\/v2\/tags?post=8466"}],"curies":[{"name":"wp","href":"https:\/\/api.w.org\/{rel}","templated":true}]}}