{"id":8615,"date":"2022-04-14T15:30:47","date_gmt":"2022-04-14T13:30:47","guid":{"rendered":"https:\/\/fondationcab.com\/?p=8615"},"modified":"2022-04-27T12:25:27","modified_gmt":"2022-04-27T10:25:27","slug":"michael-guttman-tango-quartet","status":"publish","type":"post","link":"https:\/\/fondationcab.com\/fr\/michael-guttman-tango-quartet","title":{"rendered":"Michael Guttman Tango Quartet"},"content":{"rendered":"<p>Le concert sera men\u00e9 par le violoniste Michael Guttman accompagn\u00e9 de Lysandre Denoso au Bandon\u00e9on,\u00a0Ivo de Greef au Piano et Ariel Eberstein \u00e0 la contrebasse. Ils \u00a0transporteront les auditeurs en Argentine, terre d&rsquo;accueil et de rencontres de diff\u00e9rentes civilisations o\u00f9 ce style musical est n\u00e9. Cette mixit\u00e9 donne naissance \u00e0 une musique qui est ancr\u00e9e dans les rythmes et milongas de Buenos Aires, tout en \u00e9tant profond\u00e9ment universelle.<\/p>\n<p>Au coeur des oeuvres minimalistes de <em>Fred Sandback<\/em>, vous plongerez dans une ambiance musicale allant des musiques classiques des ann\u00e9es 1950 jusqu&rsquo;au Nuovo Tango avec deux de ses figures importantes, Piazzola et Rovira.<\/p>\n<p><u>Informations pratiques\u00a0<\/u><br \/>\nMercredi 27 avril \u00e0 19h30<br \/>\nPrix : 15 euros<br \/>\nConfirmation de votre r\u00e9servation apr\u00e8s paiement sur le compte :<br \/>\nBE60 0018 4789 5870 (communication : nom pr\u00e9nom + concert Guttman).<br \/>\nVeuillez prendre en consid\u00e9ration que les places sont limit\u00e9es.<\/p>\n","protected":false},"excerpt":{"rendered":"<p>Le concert sera men\u00e9 par le violoniste Michael Guttman accompagn\u00e9 de Lysandre Denoso au Bandon\u00e9on,\u00a0Ivo de Greef au Piano et Ariel Eberstein \u00e0 la contrebasse. Ils \u00a0transporteront les auditeurs en Argentine, terre d&rsquo;accueil et de rencontres de diff\u00e9rentes civilisations o\u00f9 ce style musical est n\u00e9. Cette mixit\u00e9 donne naissance \u00e0 une musique qui est ancr\u00e9e&nbsp; <a href=\"https:\/\/fondationcab.com\/fr\/michael-guttman-tango-quartet\">&hellip; Read more <i class=\"glyphicon glyphicon-arrow-right\"><\/i><\/a><\/p>\n","protected":false},"author":4,"featured_media":8607,"comment_status":"closed","ping_status":"closed","sticky":false,"template":"","format":"standard","meta":{"_acf_changed":false,"footnotes":""},"categories":[9],"tags":[],"class_list":["post-8615","post","type-post","status-publish","format-standard","has-post-thumbnail","hentry","category-non-classifiee","cities-bruxelles"],"acf":[],"yoast_head":"<!-- This site is optimized with the Yoast SEO plugin v27.5 - https:\/\/yoast.com\/product\/yoast-seo-wordpress\/ -->\n<title>Michael Guttman Tango Quartet - FONDATION CAB<\/title>\n<meta name=\"description\" content=\"La Fondation CAB et Michael Guttman Tango Quartet vous invitent \u00e0 un voyage musical explorant le Tango mercredi 27 avril \u00e0 19h30.\" \/>\n<meta name=\"robots\" content=\"index, follow, max-snippet:-1, max-image-preview:large, max-video-preview:-1\" \/>\n<link rel=\"canonical\" href=\"https:\/\/fondationcab.com\/fr\/michael-guttman-tango-quartet\" \/>\n<meta property=\"og:locale\" content=\"fr_FR\" \/>\n<meta property=\"og:type\" content=\"article\" \/>\n<meta property=\"og:title\" content=\"Michael Guttman Tango Quartet - FONDATION CAB\" \/>\n<meta property=\"og:description\" content=\"La Fondation CAB et Michael Guttman Tango Quartet vous invitent \u00e0 un voyage musical explorant le Tango mercredi 27 avril \u00e0 19h30.\" \/>\n<meta property=\"og:url\" content=\"https:\/\/fondationcab.com\/fr\/michael-guttman-tango-quartet\" \/>\n<meta property=\"og:site_name\" content=\"FONDATION CAB\" \/>\n<meta property=\"article:publisher\" content=\"https:\/\/www.facebook.com\/CABContemporaryArt\/\" \/>\n<meta property=\"article:published_time\" content=\"2022-04-14T13:30:47+00:00\" \/>\n<meta property=\"article:modified_time\" content=\"2022-04-27T10:25:27+00:00\" \/>\n<meta property=\"og:image\" content=\"https:\/\/fondationcab.com\/wp-content\/uploads\/2022\/04\/guttman.jpg\" \/>\n\t<meta property=\"og:image:width\" content=\"2000\" \/>\n\t<meta property=\"og:image:height\" content=\"1600\" \/>\n\t<meta property=\"og:image:type\" content=\"image\/jpeg\" \/>\n<meta name=\"author\" content=\"eleonore\" \/>\n<meta name=\"twitter:card\" content=\"summary_large_image\" \/>\n<meta name=\"twitter:label1\" content=\"\u00c9crit par\" \/>\n\t<meta name=\"twitter:data1\" content=\"eleonore\" \/>\n\t<meta name=\"twitter:label2\" content=\"Dur\u00e9e de lecture estim\u00e9e\" \/>\n\t<meta name=\"twitter:data2\" content=\"1 minute\" \/>\n<script type=\"application\/ld+json\" class=\"yoast-schema-graph\">{\"@context\":\"https:\\\/\\\/schema.org\",\"@graph\":[{\"@type\":\"Article\",\"@id\":\"https:\\\/\\\/fondationcab.com\\\/fr\\\/michael-guttman-tango-quartet#article\",\"isPartOf\":{\"@id\":\"https:\\\/\\\/fondationcab.com\\\/fr\\\/michael-guttman-tango-quartet\"},\"author\":{\"name\":\"eleonore\",\"@id\":\"https:\\\/\\\/fondationcab.com\\\/fr#\\\/schema\\\/person\\\/97e81405a09028aa359b90ec71ff6bd8\"},\"headline\":\"Michael Guttman Tango Quartet\",\"datePublished\":\"2022-04-14T13:30:47+00:00\",\"dateModified\":\"2022-04-27T10:25:27+00:00\",\"mainEntityOfPage\":{\"@id\":\"https:\\\/\\\/fondationcab.com\\\/fr\\\/michael-guttman-tango-quartet\"},\"wordCount\":146,\"publisher\":{\"@id\":\"https:\\\/\\\/fondationcab.com\\\/fr#organization\"},\"image\":{\"@id\":\"https:\\\/\\\/fondationcab.com\\\/fr\\\/michael-guttman-tango-quartet#primaryimage\"},\"thumbnailUrl\":\"https:\\\/\\\/fondationcab.com\\\/wp-content\\\/uploads\\\/2022\\\/04\\\/guttman.jpg\",\"articleSection\":[\"Non classifi\u00e9(e)\"],\"inLanguage\":\"fr-FR\"},{\"@type\":\"WebPage\",\"@id\":\"https:\\\/\\\/fondationcab.com\\\/fr\\\/michael-guttman-tango-quartet\",\"url\":\"https:\\\/\\\/fondationcab.com\\\/fr\\\/michael-guttman-tango-quartet\",\"name\":\"Michael Guttman Tango Quartet - FONDATION CAB\",\"isPartOf\":{\"@id\":\"https:\\\/\\\/fondationcab.com\\\/fr#website\"},\"primaryImageOfPage\":{\"@id\":\"https:\\\/\\\/fondationcab.com\\\/fr\\\/michael-guttman-tango-quartet#primaryimage\"},\"image\":{\"@id\":\"https:\\\/\\\/fondationcab.com\\\/fr\\\/michael-guttman-tango-quartet#primaryimage\"},\"thumbnailUrl\":\"https:\\\/\\\/fondationcab.com\\\/wp-content\\\/uploads\\\/2022\\\/04\\\/guttman.jpg\",\"datePublished\":\"2022-04-14T13:30:47+00:00\",\"dateModified\":\"2022-04-27T10:25:27+00:00\",\"description\":\"La Fondation CAB et Michael Guttman Tango Quartet vous invitent \u00e0 un voyage musical explorant le Tango mercredi 27 avril \u00e0 19h30.\",\"breadcrumb\":{\"@id\":\"https:\\\/\\\/fondationcab.com\\\/fr\\\/michael-guttman-tango-quartet#breadcrumb\"},\"inLanguage\":\"fr-FR\",\"potentialAction\":[{\"@type\":\"ReadAction\",\"target\":[\"https:\\\/\\\/fondationcab.com\\\/fr\\\/michael-guttman-tango-quartet\"]}]},{\"@type\":\"ImageObject\",\"inLanguage\":\"fr-FR\",\"@id\":\"https:\\\/\\\/fondationcab.com\\\/fr\\\/michael-guttman-tango-quartet#primaryimage\",\"url\":\"https:\\\/\\\/fondationcab.com\\\/wp-content\\\/uploads\\\/2022\\\/04\\\/guttman.jpg\",\"contentUrl\":\"https:\\\/\\\/fondationcab.com\\\/wp-content\\\/uploads\\\/2022\\\/04\\\/guttman.jpg\",\"width\":2000,\"height\":1600},{\"@type\":\"BreadcrumbList\",\"@id\":\"https:\\\/\\\/fondationcab.com\\\/fr\\\/michael-guttman-tango-quartet#breadcrumb\",\"itemListElement\":[{\"@type\":\"ListItem\",\"position\":1,\"name\":\"Home\",\"item\":\"https:\\\/\\\/fondationcab.com\\\/fr\"},{\"@type\":\"ListItem\",\"position\":2,\"name\":\"Michael Guttman Tango Quartet\"}]},{\"@type\":\"WebSite\",\"@id\":\"https:\\\/\\\/fondationcab.com\\\/fr#website\",\"url\":\"https:\\\/\\\/fondationcab.com\\\/fr\",\"name\":\"FONDATION CAB\",\"description\":\"ART CENTER BRUSSELS\",\"publisher\":{\"@id\":\"https:\\\/\\\/fondationcab.com\\\/fr#organization\"},\"potentialAction\":[{\"@type\":\"SearchAction\",\"target\":{\"@type\":\"EntryPoint\",\"urlTemplate\":\"https:\\\/\\\/fondationcab.com\\\/fr?s={search_term_string}\"},\"query-input\":{\"@type\":\"PropertyValueSpecification\",\"valueRequired\":true,\"valueName\":\"search_term_string\"}}],\"inLanguage\":\"fr-FR\"},{\"@type\":\"Organization\",\"@id\":\"https:\\\/\\\/fondationcab.com\\\/fr#organization\",\"name\":\"Fondation CAB\",\"url\":\"https:\\\/\\\/fondationcab.com\\\/fr\",\"logo\":{\"@type\":\"ImageObject\",\"inLanguage\":\"fr-FR\",\"@id\":\"https:\\\/\\\/fondationcab.com\\\/fr#\\\/schema\\\/logo\\\/image\\\/\",\"url\":\"https:\\\/\\\/cab.storycoding.agency\\\/wp-content\\\/uploads\\\/2018\\\/03\\\/fondation_cab_logo.jpg\",\"contentUrl\":\"https:\\\/\\\/cab.storycoding.agency\\\/wp-content\\\/uploads\\\/2018\\\/03\\\/fondation_cab_logo.jpg\",\"width\":250,\"height\":125,\"caption\":\"Fondation CAB\"},\"image\":{\"@id\":\"https:\\\/\\\/fondationcab.com\\\/fr#\\\/schema\\\/logo\\\/image\\\/\"},\"sameAs\":[\"https:\\\/\\\/www.facebook.com\\\/CABContemporaryArt\\\/\",\"https:\\\/\\\/www.instagram.com\\\/fondation_cab\\\/\",\"https:\\\/\\\/www.youtube.com\\\/channel\\\/UC4BG_XNA2Sn1VGimzwU60Aw\"]},{\"@type\":\"Person\",\"@id\":\"https:\\\/\\\/fondationcab.com\\\/fr#\\\/schema\\\/person\\\/97e81405a09028aa359b90ec71ff6bd8\",\"name\":\"eleonore\"}]}<\/script>\n<!-- \/ Yoast SEO plugin. -->","yoast_head_json":{"title":"Michael Guttman Tango Quartet - FONDATION CAB","description":"La Fondation CAB et Michael Guttman Tango Quartet vous invitent \u00e0 un voyage musical explorant le Tango mercredi 27 avril \u00e0 19h30.","robots":{"index":"index","follow":"follow","max-snippet":"max-snippet:-1","max-image-preview":"max-image-preview:large","max-video-preview":"max-video-preview:-1"},"canonical":"https:\/\/fondationcab.com\/fr\/michael-guttman-tango-quartet","og_locale":"fr_FR","og_type":"article","og_title":"Michael Guttman Tango Quartet - FONDATION CAB","og_description":"La Fondation CAB et Michael Guttman Tango Quartet vous invitent \u00e0 un voyage musical explorant le Tango mercredi 27 avril \u00e0 19h30.","og_url":"https:\/\/fondationcab.com\/fr\/michael-guttman-tango-quartet","og_site_name":"FONDATION CAB","article_publisher":"https:\/\/www.facebook.com\/CABContemporaryArt\/","article_published_time":"2022-04-14T13:30:47+00:00","article_modified_time":"2022-04-27T10:25:27+00:00","og_image":[{"width":2000,"height":1600,"url":"https:\/\/fondationcab.com\/wp-content\/uploads\/2022\/04\/guttman.jpg","type":"image\/jpeg"}],"author":"eleonore","twitter_card":"summary_large_image","twitter_misc":{"\u00c9crit par":"eleonore","Dur\u00e9e de lecture estim\u00e9e":"1 minute"},"schema":{"@context":"https:\/\/schema.org","@graph":[{"@type":"Article","@id":"https:\/\/fondationcab.com\/fr\/michael-guttman-tango-quartet#article","isPartOf":{"@id":"https:\/\/fondationcab.com\/fr\/michael-guttman-tango-quartet"},"author":{"name":"eleonore","@id":"https:\/\/fondationcab.com\/fr#\/schema\/person\/97e81405a09028aa359b90ec71ff6bd8"},"headline":"Michael Guttman Tango Quartet","datePublished":"2022-04-14T13:30:47+00:00","dateModified":"2022-04-27T10:25:27+00:00","mainEntityOfPage":{"@id":"https:\/\/fondationcab.com\/fr\/michael-guttman-tango-quartet"},"wordCount":146,"publisher":{"@id":"https:\/\/fondationcab.com\/fr#organization"},"image":{"@id":"https:\/\/fondationcab.com\/fr\/michael-guttman-tango-quartet#primaryimage"},"thumbnailUrl":"https:\/\/fondationcab.com\/wp-content\/uploads\/2022\/04\/guttman.jpg","articleSection":["Non classifi\u00e9(e)"],"inLanguage":"fr-FR"},{"@type":"WebPage","@id":"https:\/\/fondationcab.com\/fr\/michael-guttman-tango-quartet","url":"https:\/\/fondationcab.com\/fr\/michael-guttman-tango-quartet","name":"Michael Guttman Tango Quartet - FONDATION CAB","isPartOf":{"@id":"https:\/\/fondationcab.com\/fr#website"},"primaryImageOfPage":{"@id":"https:\/\/fondationcab.com\/fr\/michael-guttman-tango-quartet#primaryimage"},"image":{"@id":"https:\/\/fondationcab.com\/fr\/michael-guttman-tango-quartet#primaryimage"},"thumbnailUrl":"https:\/\/fondationcab.com\/wp-content\/uploads\/2022\/04\/guttman.jpg","datePublished":"2022-04-14T13:30:47+00:00","dateModified":"2022-04-27T10:25:27+00:00","description":"La Fondation CAB et Michael Guttman Tango Quartet vous invitent \u00e0 un voyage musical explorant le Tango mercredi 27 avril \u00e0 19h30.","breadcrumb":{"@id":"https:\/\/fondationcab.com\/fr\/michael-guttman-tango-quartet#breadcrumb"},"inLanguage":"fr-FR","potentialAction":[{"@type":"ReadAction","target":["https:\/\/fondationcab.com\/fr\/michael-guttman-tango-quartet"]}]},{"@type":"ImageObject","inLanguage":"fr-FR","@id":"https:\/\/fondationcab.com\/fr\/michael-guttman-tango-quartet#primaryimage","url":"https:\/\/fondationcab.com\/wp-content\/uploads\/2022\/04\/guttman.jpg","contentUrl":"https:\/\/fondationcab.com\/wp-content\/uploads\/2022\/04\/guttman.jpg","width":2000,"height":1600},{"@type":"BreadcrumbList","@id":"https:\/\/fondationcab.com\/fr\/michael-guttman-tango-quartet#breadcrumb","itemListElement":[{"@type":"ListItem","position":1,"name":"Home","item":"https:\/\/fondationcab.com\/fr"},{"@type":"ListItem","position":2,"name":"Michael Guttman Tango Quartet"}]},{"@type":"WebSite","@id":"https:\/\/fondationcab.com\/fr#website","url":"https:\/\/fondationcab.com\/fr","name":"FONDATION CAB","description":"ART CENTER BRUSSELS","publisher":{"@id":"https:\/\/fondationcab.com\/fr#organization"},"potentialAction":[{"@type":"SearchAction","target":{"@type":"EntryPoint","urlTemplate":"https:\/\/fondationcab.com\/fr?s={search_term_string}"},"query-input":{"@type":"PropertyValueSpecification","valueRequired":true,"valueName":"search_term_string"}}],"inLanguage":"fr-FR"},{"@type":"Organization","@id":"https:\/\/fondationcab.com\/fr#organization","name":"Fondation CAB","url":"https:\/\/fondationcab.com\/fr","logo":{"@type":"ImageObject","inLanguage":"fr-FR","@id":"https:\/\/fondationcab.com\/fr#\/schema\/logo\/image\/","url":"https:\/\/cab.storycoding.agency\/wp-content\/uploads\/2018\/03\/fondation_cab_logo.jpg","contentUrl":"https:\/\/cab.storycoding.agency\/wp-content\/uploads\/2018\/03\/fondation_cab_logo.jpg","width":250,"height":125,"caption":"Fondation CAB"},"image":{"@id":"https:\/\/fondationcab.com\/fr#\/schema\/logo\/image\/"},"sameAs":["https:\/\/www.facebook.com\/CABContemporaryArt\/","https:\/\/www.instagram.com\/fondation_cab\/","https:\/\/www.youtube.com\/channel\/UC4BG_XNA2Sn1VGimzwU60Aw"]},{"@type":"Person","@id":"https:\/\/fondationcab.com\/fr#\/schema\/person\/97e81405a09028aa359b90ec71ff6bd8","name":"eleonore"}]}},"_links":{"self":[{"href":"https:\/\/fondationcab.com\/fr\/wp-json\/wp\/v2\/posts\/8615","targetHints":{"allow":["GET"]}}],"collection":[{"href":"https:\/\/fondationcab.com\/fr\/wp-json\/wp\/v2\/posts"}],"about":[{"href":"https:\/\/fondationcab.com\/fr\/wp-json\/wp\/v2\/types\/post"}],"author":[{"embeddable":true,"href":"https:\/\/fondationcab.com\/fr\/wp-json\/wp\/v2\/users\/4"}],"replies":[{"embeddable":true,"href":"https:\/\/fondationcab.com\/fr\/wp-json\/wp\/v2\/comments?post=8615"}],"version-history":[{"count":4,"href":"https:\/\/fondationcab.com\/fr\/wp-json\/wp\/v2\/posts\/8615\/revisions"}],"predecessor-version":[{"id":8670,"href":"https:\/\/fondationcab.com\/fr\/wp-json\/wp\/v2\/posts\/8615\/revisions\/8670"}],"wp:featuredmedia":[{"embeddable":true,"href":"https:\/\/fondationcab.com\/fr\/wp-json\/wp\/v2\/media\/8607"}],"wp:attachment":[{"href":"https:\/\/fondationcab.com\/fr\/wp-json\/wp\/v2\/media?parent=8615"}],"wp:term":[{"taxonomy":"category","embeddable":true,"href":"https:\/\/fondationcab.com\/fr\/wp-json\/wp\/v2\/categories?post=8615"},{"taxonomy":"post_tag","embeddable":true,"href":"https:\/\/fondationcab.com\/fr\/wp-json\/wp\/v2\/tags?post=8615"}],"curies":[{"name":"wp","href":"https:\/\/api.w.org\/{rel}","templated":true}]}}