{"id":8624,"date":"2022-04-14T16:39:13","date_gmt":"2022-04-14T14:39:13","guid":{"rendered":"https:\/\/fondationcab.com\/?p=8624"},"modified":"2022-04-14T16:39:13","modified_gmt":"2022-04-14T14:39:13","slug":"art-brussels-2022","status":"publish","type":"post","link":"https:\/\/fondationcab.com\/fr\/art-brussels-2022","title":{"rendered":"Art brussels 2022"},"content":{"rendered":"<p>Fond\u00e9e en 1968, Art Brussels est l&rsquo;une des foires d&rsquo;art contemporain les plus r\u00e9put\u00e9es d&rsquo;Europe et un \u00e9v\u00e9nement incontournable du calendrier artistique international.<\/p>\n<p>\u00c0 cette occasion, nous organisons un petit-d\u00e9jeuner VIP lors duquel se d\u00e9roulera \u00e9galement une visite priv\u00e9e de notre exposition de Fred Sandback ainsi que de l&rsquo;open studio de notre artiste-en-r\u00e9sidence Lola Primma Donna Daels (1990).<\/p>\n","protected":false},"excerpt":{"rendered":"<p>Fond\u00e9e en 1968, Art Brussels est l&rsquo;une des foires d&rsquo;art contemporain les plus r\u00e9put\u00e9es d&rsquo;Europe et un \u00e9v\u00e9nement incontournable du calendrier artistique international. \u00c0 cette occasion, nous organisons un petit-d\u00e9jeuner VIP lors duquel se d\u00e9roulera \u00e9galement une visite priv\u00e9e de notre exposition de Fred Sandback ainsi que de l&rsquo;open studio de notre artiste-en-r\u00e9sidence Lola Primma&nbsp; <a href=\"https:\/\/fondationcab.com\/fr\/art-brussels-2022\">&hellip; Read more <i class=\"glyphicon glyphicon-arrow-right\"><\/i><\/a><\/p>\n","protected":false},"author":4,"featured_media":8620,"comment_status":"closed","ping_status":"closed","sticky":false,"template":"","format":"standard","meta":{"_acf_changed":false,"footnotes":""},"categories":[9],"tags":[],"class_list":["post-8624","post","type-post","status-publish","format-standard","has-post-thumbnail","hentry","category-non-classifiee","cities-bruxelles"],"acf":[],"yoast_head":"<!-- This site is optimized with the Yoast SEO plugin v27.5 - https:\/\/yoast.com\/product\/yoast-seo-wordpress\/ -->\n<title>Art brussels 2022 - FONDATION CAB<\/title>\n<meta name=\"description\" content=\"Nous faisons parti du OFF programme d&#039;Art Brussels.\" \/>\n<meta name=\"robots\" content=\"index, follow, max-snippet:-1, max-image-preview:large, max-video-preview:-1\" \/>\n<link rel=\"canonical\" href=\"https:\/\/fondationcab.com\/fr\/art-brussels-2022\" \/>\n<meta property=\"og:locale\" content=\"fr_FR\" \/>\n<meta property=\"og:type\" content=\"article\" \/>\n<meta property=\"og:title\" content=\"Art brussels 2022 - FONDATION CAB\" \/>\n<meta property=\"og:description\" content=\"Nous faisons parti du OFF programme d&#039;Art Brussels.\" \/>\n<meta property=\"og:url\" content=\"https:\/\/fondationcab.com\/fr\/art-brussels-2022\" \/>\n<meta property=\"og:site_name\" content=\"FONDATION CAB\" \/>\n<meta property=\"article:publisher\" content=\"https:\/\/www.facebook.com\/CABContemporaryArt\/\" \/>\n<meta property=\"article:published_time\" content=\"2022-04-14T14:39:13+00:00\" \/>\n<meta property=\"og:image\" content=\"https:\/\/fondationcab.com\/wp-content\/uploads\/2022\/03\/LOGO-ARTBXL20_38th_01_RVB.jpg\" \/>\n\t<meta property=\"og:image:width\" content=\"600\" \/>\n\t<meta property=\"og:image:height\" content=\"400\" \/>\n\t<meta property=\"og:image:type\" content=\"image\/jpeg\" \/>\n<meta name=\"author\" content=\"eleonore\" \/>\n<meta name=\"twitter:card\" content=\"summary_large_image\" \/>\n<meta name=\"twitter:label1\" content=\"\u00c9crit par\" \/>\n\t<meta name=\"twitter:data1\" content=\"eleonore\" \/>\n<script type=\"application\/ld+json\" class=\"yoast-schema-graph\">{\"@context\":\"https:\\\/\\\/schema.org\",\"@graph\":[{\"@type\":\"Article\",\"@id\":\"https:\\\/\\\/fondationcab.com\\\/fr\\\/art-brussels-2022#article\",\"isPartOf\":{\"@id\":\"https:\\\/\\\/fondationcab.com\\\/fr\\\/art-brussels-2022\"},\"author\":{\"name\":\"eleonore\",\"@id\":\"https:\\\/\\\/fondationcab.com\\\/fr#\\\/schema\\\/person\\\/97e81405a09028aa359b90ec71ff6bd8\"},\"headline\":\"Art brussels 2022\",\"datePublished\":\"2022-04-14T14:39:13+00:00\",\"mainEntityOfPage\":{\"@id\":\"https:\\\/\\\/fondationcab.com\\\/fr\\\/art-brussels-2022\"},\"wordCount\":69,\"publisher\":{\"@id\":\"https:\\\/\\\/fondationcab.com\\\/fr#organization\"},\"image\":{\"@id\":\"https:\\\/\\\/fondationcab.com\\\/fr\\\/art-brussels-2022#primaryimage\"},\"thumbnailUrl\":\"https:\\\/\\\/fondationcab.com\\\/wp-content\\\/uploads\\\/2022\\\/03\\\/LOGO-ARTBXL20_38th_01_RVB.jpg\",\"articleSection\":[\"Non classifi\u00e9(e)\"],\"inLanguage\":\"fr-FR\"},{\"@type\":\"WebPage\",\"@id\":\"https:\\\/\\\/fondationcab.com\\\/fr\\\/art-brussels-2022\",\"url\":\"https:\\\/\\\/fondationcab.com\\\/fr\\\/art-brussels-2022\",\"name\":\"Art brussels 2022 - FONDATION CAB\",\"isPartOf\":{\"@id\":\"https:\\\/\\\/fondationcab.com\\\/fr#website\"},\"primaryImageOfPage\":{\"@id\":\"https:\\\/\\\/fondationcab.com\\\/fr\\\/art-brussels-2022#primaryimage\"},\"image\":{\"@id\":\"https:\\\/\\\/fondationcab.com\\\/fr\\\/art-brussels-2022#primaryimage\"},\"thumbnailUrl\":\"https:\\\/\\\/fondationcab.com\\\/wp-content\\\/uploads\\\/2022\\\/03\\\/LOGO-ARTBXL20_38th_01_RVB.jpg\",\"datePublished\":\"2022-04-14T14:39:13+00:00\",\"description\":\"Nous faisons parti du OFF programme d'Art Brussels.\",\"breadcrumb\":{\"@id\":\"https:\\\/\\\/fondationcab.com\\\/fr\\\/art-brussels-2022#breadcrumb\"},\"inLanguage\":\"fr-FR\",\"potentialAction\":[{\"@type\":\"ReadAction\",\"target\":[\"https:\\\/\\\/fondationcab.com\\\/fr\\\/art-brussels-2022\"]}]},{\"@type\":\"ImageObject\",\"inLanguage\":\"fr-FR\",\"@id\":\"https:\\\/\\\/fondationcab.com\\\/fr\\\/art-brussels-2022#primaryimage\",\"url\":\"https:\\\/\\\/fondationcab.com\\\/wp-content\\\/uploads\\\/2022\\\/03\\\/LOGO-ARTBXL20_38th_01_RVB.jpg\",\"contentUrl\":\"https:\\\/\\\/fondationcab.com\\\/wp-content\\\/uploads\\\/2022\\\/03\\\/LOGO-ARTBXL20_38th_01_RVB.jpg\",\"width\":600,\"height\":400},{\"@type\":\"BreadcrumbList\",\"@id\":\"https:\\\/\\\/fondationcab.com\\\/fr\\\/art-brussels-2022#breadcrumb\",\"itemListElement\":[{\"@type\":\"ListItem\",\"position\":1,\"name\":\"Home\",\"item\":\"https:\\\/\\\/fondationcab.com\\\/fr\"},{\"@type\":\"ListItem\",\"position\":2,\"name\":\"Art brussels 2022\"}]},{\"@type\":\"WebSite\",\"@id\":\"https:\\\/\\\/fondationcab.com\\\/fr#website\",\"url\":\"https:\\\/\\\/fondationcab.com\\\/fr\",\"name\":\"FONDATION CAB\",\"description\":\"ART CENTER BRUSSELS\",\"publisher\":{\"@id\":\"https:\\\/\\\/fondationcab.com\\\/fr#organization\"},\"potentialAction\":[{\"@type\":\"SearchAction\",\"target\":{\"@type\":\"EntryPoint\",\"urlTemplate\":\"https:\\\/\\\/fondationcab.com\\\/fr?s={search_term_string}\"},\"query-input\":{\"@type\":\"PropertyValueSpecification\",\"valueRequired\":true,\"valueName\":\"search_term_string\"}}],\"inLanguage\":\"fr-FR\"},{\"@type\":\"Organization\",\"@id\":\"https:\\\/\\\/fondationcab.com\\\/fr#organization\",\"name\":\"Fondation CAB\",\"url\":\"https:\\\/\\\/fondationcab.com\\\/fr\",\"logo\":{\"@type\":\"ImageObject\",\"inLanguage\":\"fr-FR\",\"@id\":\"https:\\\/\\\/fondationcab.com\\\/fr#\\\/schema\\\/logo\\\/image\\\/\",\"url\":\"https:\\\/\\\/cab.storycoding.agency\\\/wp-content\\\/uploads\\\/2018\\\/03\\\/fondation_cab_logo.jpg\",\"contentUrl\":\"https:\\\/\\\/cab.storycoding.agency\\\/wp-content\\\/uploads\\\/2018\\\/03\\\/fondation_cab_logo.jpg\",\"width\":250,\"height\":125,\"caption\":\"Fondation CAB\"},\"image\":{\"@id\":\"https:\\\/\\\/fondationcab.com\\\/fr#\\\/schema\\\/logo\\\/image\\\/\"},\"sameAs\":[\"https:\\\/\\\/www.facebook.com\\\/CABContemporaryArt\\\/\",\"https:\\\/\\\/www.instagram.com\\\/fondation_cab\\\/\",\"https:\\\/\\\/www.youtube.com\\\/channel\\\/UC4BG_XNA2Sn1VGimzwU60Aw\"]},{\"@type\":\"Person\",\"@id\":\"https:\\\/\\\/fondationcab.com\\\/fr#\\\/schema\\\/person\\\/97e81405a09028aa359b90ec71ff6bd8\",\"name\":\"eleonore\"}]}<\/script>\n<!-- \/ Yoast SEO plugin. -->","yoast_head_json":{"title":"Art brussels 2022 - FONDATION CAB","description":"Nous faisons parti du OFF programme d'Art Brussels.","robots":{"index":"index","follow":"follow","max-snippet":"max-snippet:-1","max-image-preview":"max-image-preview:large","max-video-preview":"max-video-preview:-1"},"canonical":"https:\/\/fondationcab.com\/fr\/art-brussels-2022","og_locale":"fr_FR","og_type":"article","og_title":"Art brussels 2022 - FONDATION CAB","og_description":"Nous faisons parti du OFF programme d'Art Brussels.","og_url":"https:\/\/fondationcab.com\/fr\/art-brussels-2022","og_site_name":"FONDATION CAB","article_publisher":"https:\/\/www.facebook.com\/CABContemporaryArt\/","article_published_time":"2022-04-14T14:39:13+00:00","og_image":[{"width":600,"height":400,"url":"https:\/\/fondationcab.com\/wp-content\/uploads\/2022\/03\/LOGO-ARTBXL20_38th_01_RVB.jpg","type":"image\/jpeg"}],"author":"eleonore","twitter_card":"summary_large_image","twitter_misc":{"\u00c9crit par":"eleonore"},"schema":{"@context":"https:\/\/schema.org","@graph":[{"@type":"Article","@id":"https:\/\/fondationcab.com\/fr\/art-brussels-2022#article","isPartOf":{"@id":"https:\/\/fondationcab.com\/fr\/art-brussels-2022"},"author":{"name":"eleonore","@id":"https:\/\/fondationcab.com\/fr#\/schema\/person\/97e81405a09028aa359b90ec71ff6bd8"},"headline":"Art brussels 2022","datePublished":"2022-04-14T14:39:13+00:00","mainEntityOfPage":{"@id":"https:\/\/fondationcab.com\/fr\/art-brussels-2022"},"wordCount":69,"publisher":{"@id":"https:\/\/fondationcab.com\/fr#organization"},"image":{"@id":"https:\/\/fondationcab.com\/fr\/art-brussels-2022#primaryimage"},"thumbnailUrl":"https:\/\/fondationcab.com\/wp-content\/uploads\/2022\/03\/LOGO-ARTBXL20_38th_01_RVB.jpg","articleSection":["Non classifi\u00e9(e)"],"inLanguage":"fr-FR"},{"@type":"WebPage","@id":"https:\/\/fondationcab.com\/fr\/art-brussels-2022","url":"https:\/\/fondationcab.com\/fr\/art-brussels-2022","name":"Art brussels 2022 - FONDATION CAB","isPartOf":{"@id":"https:\/\/fondationcab.com\/fr#website"},"primaryImageOfPage":{"@id":"https:\/\/fondationcab.com\/fr\/art-brussels-2022#primaryimage"},"image":{"@id":"https:\/\/fondationcab.com\/fr\/art-brussels-2022#primaryimage"},"thumbnailUrl":"https:\/\/fondationcab.com\/wp-content\/uploads\/2022\/03\/LOGO-ARTBXL20_38th_01_RVB.jpg","datePublished":"2022-04-14T14:39:13+00:00","description":"Nous faisons parti du OFF programme d'Art Brussels.","breadcrumb":{"@id":"https:\/\/fondationcab.com\/fr\/art-brussels-2022#breadcrumb"},"inLanguage":"fr-FR","potentialAction":[{"@type":"ReadAction","target":["https:\/\/fondationcab.com\/fr\/art-brussels-2022"]}]},{"@type":"ImageObject","inLanguage":"fr-FR","@id":"https:\/\/fondationcab.com\/fr\/art-brussels-2022#primaryimage","url":"https:\/\/fondationcab.com\/wp-content\/uploads\/2022\/03\/LOGO-ARTBXL20_38th_01_RVB.jpg","contentUrl":"https:\/\/fondationcab.com\/wp-content\/uploads\/2022\/03\/LOGO-ARTBXL20_38th_01_RVB.jpg","width":600,"height":400},{"@type":"BreadcrumbList","@id":"https:\/\/fondationcab.com\/fr\/art-brussels-2022#breadcrumb","itemListElement":[{"@type":"ListItem","position":1,"name":"Home","item":"https:\/\/fondationcab.com\/fr"},{"@type":"ListItem","position":2,"name":"Art brussels 2022"}]},{"@type":"WebSite","@id":"https:\/\/fondationcab.com\/fr#website","url":"https:\/\/fondationcab.com\/fr","name":"FONDATION CAB","description":"ART CENTER BRUSSELS","publisher":{"@id":"https:\/\/fondationcab.com\/fr#organization"},"potentialAction":[{"@type":"SearchAction","target":{"@type":"EntryPoint","urlTemplate":"https:\/\/fondationcab.com\/fr?s={search_term_string}"},"query-input":{"@type":"PropertyValueSpecification","valueRequired":true,"valueName":"search_term_string"}}],"inLanguage":"fr-FR"},{"@type":"Organization","@id":"https:\/\/fondationcab.com\/fr#organization","name":"Fondation CAB","url":"https:\/\/fondationcab.com\/fr","logo":{"@type":"ImageObject","inLanguage":"fr-FR","@id":"https:\/\/fondationcab.com\/fr#\/schema\/logo\/image\/","url":"https:\/\/cab.storycoding.agency\/wp-content\/uploads\/2018\/03\/fondation_cab_logo.jpg","contentUrl":"https:\/\/cab.storycoding.agency\/wp-content\/uploads\/2018\/03\/fondation_cab_logo.jpg","width":250,"height":125,"caption":"Fondation CAB"},"image":{"@id":"https:\/\/fondationcab.com\/fr#\/schema\/logo\/image\/"},"sameAs":["https:\/\/www.facebook.com\/CABContemporaryArt\/","https:\/\/www.instagram.com\/fondation_cab\/","https:\/\/www.youtube.com\/channel\/UC4BG_XNA2Sn1VGimzwU60Aw"]},{"@type":"Person","@id":"https:\/\/fondationcab.com\/fr#\/schema\/person\/97e81405a09028aa359b90ec71ff6bd8","name":"eleonore"}]}},"_links":{"self":[{"href":"https:\/\/fondationcab.com\/fr\/wp-json\/wp\/v2\/posts\/8624","targetHints":{"allow":["GET"]}}],"collection":[{"href":"https:\/\/fondationcab.com\/fr\/wp-json\/wp\/v2\/posts"}],"about":[{"href":"https:\/\/fondationcab.com\/fr\/wp-json\/wp\/v2\/types\/post"}],"author":[{"embeddable":true,"href":"https:\/\/fondationcab.com\/fr\/wp-json\/wp\/v2\/users\/4"}],"replies":[{"embeddable":true,"href":"https:\/\/fondationcab.com\/fr\/wp-json\/wp\/v2\/comments?post=8624"}],"version-history":[{"count":1,"href":"https:\/\/fondationcab.com\/fr\/wp-json\/wp\/v2\/posts\/8624\/revisions"}],"predecessor-version":[{"id":8625,"href":"https:\/\/fondationcab.com\/fr\/wp-json\/wp\/v2\/posts\/8624\/revisions\/8625"}],"wp:featuredmedia":[{"embeddable":true,"href":"https:\/\/fondationcab.com\/fr\/wp-json\/wp\/v2\/media\/8620"}],"wp:attachment":[{"href":"https:\/\/fondationcab.com\/fr\/wp-json\/wp\/v2\/media?parent=8624"}],"wp:term":[{"taxonomy":"category","embeddable":true,"href":"https:\/\/fondationcab.com\/fr\/wp-json\/wp\/v2\/categories?post=8624"},{"taxonomy":"post_tag","embeddable":true,"href":"https:\/\/fondationcab.com\/fr\/wp-json\/wp\/v2\/tags?post=8624"}],"curies":[{"name":"wp","href":"https:\/\/api.w.org\/{rel}","templated":true}]}}