{"id":8660,"date":"2022-04-23T17:02:20","date_gmt":"2022-04-23T15:02:20","guid":{"rendered":"https:\/\/fondationcab.com\/open-studio-lola-daels"},"modified":"2022-04-29T15:20:48","modified_gmt":"2022-04-29T13:20:48","slug":"open-studio-lola-daels","status":"publish","type":"post","link":"https:\/\/fondationcab.com\/fr\/open-studio-lola-daels","title":{"rendered":"OPEN STUDIO LOLA DAELS"},"content":{"rendered":"<p>Sa pratique d\u00e9coule de longs processus de recherche et d\u2019exp\u00e9rimentation. En errant et en explorant, Lola trouve et collecte continuellement des objets et des textures, qu\u2019elle remod\u00e8le et int\u00e8gre dans de nouveaux contextes.\u00a0Ce faisant, elle pose des questions analytiques et critiques sur les\u00a0concepts\u00a0\u00e9cologiques,\u00a0environnementaux\u00a0et sociopolitiques \u00e0 partir de la r\u00e9alit\u00e9 qui l\u2019entoure.<\/p>\n<p>Actuellement, elle fonde ses recherches sur la technique de la <em>Rocaille<\/em>. Une m\u00e9thode qui remonte \u00e0 l\u2019antiquit\u00e9 gr\u00e9co-romaine, pour recr\u00e9er des ph\u00e9nom\u00e8nes naturels. L\u2019invention du ciment Portland (1826) est une \u00e9volution majeure pour cette technique. Ce produit facile \u00e0 fournir, peut \u00eatre sculpt\u00e9 en s\u00e9chant et une fois durci, il devient\u00a0aussi\u00a0dur\u00a0que\u00a0la pierre.\u00a0A partir de ce moment-l\u00e0, les \u00e9l\u00e9ments naturels\u00a0\u00e9taient imit\u00e9s en ciment\u00a0; un produit\u00a0issu de la r\u00e9volution industrielle, un paradoxe intriguant.<\/p>\n<p>Pour sa r\u00e9sidence \u00e0 la Fondation CAB de Bruxelles, Lola creuse ce paradoxe. Aujourd\u2019hui, la <em>Rocaille<\/em> est per\u00e7ue comme un artisanat, alors qu\u2019elle \u00e9tait autrefois une technologie de pointe.\u00a0Actuellement l\u2019artiste apprend cette technique dans l\u2019atelier de Fran\u00e7oise Lombaers \u00e0 Jodoigne, un des derniers <em>Rocailleurs<\/em> de Belgique.\u00a0Outre l\u2019\u00e9tude de la <em>Rocaille<\/em>, Lola saisit l\u2019opportunit\u00e9 de d\u00e9velopper d\u2019autres techniques (d\u2019imitations)\u00a0comme la Scagiola et le Granito, avec le savoir-faire de l\u2019artisan en question.\u00a0Toutes ces techniques sont li\u00e9es par\u00a0l&rsquo;intention\u00a0d\u2019imiter les mat\u00e9riaux naturels.<\/p>\n<p>\u00c0 la Fondation CAB, elle se\u00a0concentre\u00a0sur le d\u00e9veloppement et la conception de tableaux r\u00e9alis\u00e9s selon les techniques italiennes classiques comme la Scagliola et le Granito. Par cons\u00e9quent, elle interroge la notion d\u2019authenticit\u00e9 et sa relation avec le monde universalisant.\u00a0En faisant le lien avec la crise climatique imminente, elle tente d\u2019aborder l\u2019absurdit\u00e9 des m\u00e9canismes dominants de notre soci\u00e9t\u00e9 et d\u2019explorer leur impact sur l\u2019individu.<\/p>\n<p>Pour cl\u00f4turer la r\u00e9sidence, Lola Daels ouvrira les portes de son studio \u00e0 Bruxelles le samedi 7 mai de 15h \u00e0 18h.<\/p>\n","protected":false},"excerpt":{"rendered":"<p>Sa pratique d\u00e9coule de longs processus de recherche et d\u2019exp\u00e9rimentation. En errant et en explorant, Lola trouve et collecte continuellement des objets et des textures, qu\u2019elle remod\u00e8le et int\u00e8gre dans de nouveaux contextes.\u00a0Ce faisant, elle pose des questions analytiques et critiques sur les\u00a0concepts\u00a0\u00e9cologiques,\u00a0environnementaux\u00a0et sociopolitiques \u00e0 partir de la r\u00e9alit\u00e9 qui l\u2019entoure. Actuellement, elle fonde ses&nbsp; <a href=\"https:\/\/fondationcab.com\/fr\/open-studio-lola-daels\">&hellip; Read more <i class=\"glyphicon glyphicon-arrow-right\"><\/i><\/a><\/p>\n","protected":false},"author":4,"featured_media":8654,"comment_status":"closed","ping_status":"closed","sticky":false,"template":"","format":"standard","meta":{"_acf_changed":false,"footnotes":""},"categories":[9],"tags":[],"class_list":["post-8660","post","type-post","status-publish","format-standard","has-post-thumbnail","hentry","category-non-classifiee","cities-bruxelles"],"acf":[],"yoast_head":"<!-- This site is optimized with the Yoast SEO plugin v27.5 - https:\/\/yoast.com\/product\/yoast-seo-wordpress\/ -->\n<title>OPEN STUDIO LOLA DAELS - FONDATION CAB<\/title>\n<meta name=\"description\" content=\"La Fondation CAB\u00a0de Bruxelles\u00a0a le plaisir de pr\u00e9senter sa 18\u00e8me artiste-en-r\u00e9sidence.\u00a0Lola Daels (n. Bruxelles, 1990) est une artiste bas\u00e9e \u00e0 Bruxelles qui cr\u00e9e principalement des sculptures et des installations.\" \/>\n<meta name=\"robots\" content=\"index, follow, max-snippet:-1, max-image-preview:large, max-video-preview:-1\" \/>\n<link rel=\"canonical\" href=\"https:\/\/fondationcab.com\/fr\/open-studio-lola-daels\" \/>\n<meta property=\"og:locale\" content=\"fr_FR\" \/>\n<meta property=\"og:type\" content=\"article\" \/>\n<meta property=\"og:title\" content=\"OPEN STUDIO LOLA DAELS - FONDATION CAB\" \/>\n<meta property=\"og:description\" content=\"La Fondation CAB\u00a0de Bruxelles\u00a0a le plaisir de pr\u00e9senter sa 18\u00e8me artiste-en-r\u00e9sidence.\u00a0Lola Daels (n. Bruxelles, 1990) est une artiste bas\u00e9e \u00e0 Bruxelles qui cr\u00e9e principalement des sculptures et des installations.\" \/>\n<meta property=\"og:url\" content=\"https:\/\/fondationcab.com\/fr\/open-studio-lola-daels\" \/>\n<meta property=\"og:site_name\" content=\"FONDATION CAB\" \/>\n<meta property=\"article:publisher\" content=\"https:\/\/www.facebook.com\/CABContemporaryArt\/\" \/>\n<meta property=\"article:published_time\" content=\"2022-04-23T15:02:20+00:00\" \/>\n<meta property=\"article:modified_time\" content=\"2022-04-29T13:20:48+00:00\" \/>\n<meta property=\"og:image\" content=\"https:\/\/fondationcab.com\/wp-content\/uploads\/2022\/04\/Daels_Lola_01.jpeg\" \/>\n\t<meta property=\"og:image:width\" content=\"1500\" \/>\n\t<meta property=\"og:image:height\" content=\"1000\" \/>\n\t<meta property=\"og:image:type\" content=\"image\/jpeg\" \/>\n<meta name=\"author\" content=\"eleonore\" \/>\n<meta name=\"twitter:card\" content=\"summary_large_image\" \/>\n<meta name=\"twitter:label1\" content=\"\u00c9crit par\" \/>\n\t<meta name=\"twitter:data1\" content=\"eleonore\" \/>\n\t<meta name=\"twitter:label2\" content=\"Dur\u00e9e de lecture estim\u00e9e\" \/>\n\t<meta name=\"twitter:data2\" content=\"2 minutes\" \/>\n<script type=\"application\/ld+json\" class=\"yoast-schema-graph\">{\"@context\":\"https:\\\/\\\/schema.org\",\"@graph\":[{\"@type\":\"Article\",\"@id\":\"https:\\\/\\\/fondationcab.com\\\/fr\\\/open-studio-lola-daels#article\",\"isPartOf\":{\"@id\":\"https:\\\/\\\/fondationcab.com\\\/fr\\\/open-studio-lola-daels\"},\"author\":{\"name\":\"eleonore\",\"@id\":\"https:\\\/\\\/fondationcab.com\\\/fr#\\\/schema\\\/person\\\/97e81405a09028aa359b90ec71ff6bd8\"},\"headline\":\"OPEN STUDIO LOLA DAELS\",\"datePublished\":\"2022-04-23T15:02:20+00:00\",\"dateModified\":\"2022-04-29T13:20:48+00:00\",\"mainEntityOfPage\":{\"@id\":\"https:\\\/\\\/fondationcab.com\\\/fr\\\/open-studio-lola-daels\"},\"wordCount\":349,\"publisher\":{\"@id\":\"https:\\\/\\\/fondationcab.com\\\/fr#organization\"},\"image\":{\"@id\":\"https:\\\/\\\/fondationcab.com\\\/fr\\\/open-studio-lola-daels#primaryimage\"},\"thumbnailUrl\":\"https:\\\/\\\/fondationcab.com\\\/wp-content\\\/uploads\\\/2022\\\/04\\\/Daels_Lola_01.jpeg\",\"articleSection\":[\"Non classifi\u00e9(e)\"],\"inLanguage\":\"fr-FR\"},{\"@type\":\"WebPage\",\"@id\":\"https:\\\/\\\/fondationcab.com\\\/fr\\\/open-studio-lola-daels\",\"url\":\"https:\\\/\\\/fondationcab.com\\\/fr\\\/open-studio-lola-daels\",\"name\":\"OPEN STUDIO LOLA DAELS - FONDATION CAB\",\"isPartOf\":{\"@id\":\"https:\\\/\\\/fondationcab.com\\\/fr#website\"},\"primaryImageOfPage\":{\"@id\":\"https:\\\/\\\/fondationcab.com\\\/fr\\\/open-studio-lola-daels#primaryimage\"},\"image\":{\"@id\":\"https:\\\/\\\/fondationcab.com\\\/fr\\\/open-studio-lola-daels#primaryimage\"},\"thumbnailUrl\":\"https:\\\/\\\/fondationcab.com\\\/wp-content\\\/uploads\\\/2022\\\/04\\\/Daels_Lola_01.jpeg\",\"datePublished\":\"2022-04-23T15:02:20+00:00\",\"dateModified\":\"2022-04-29T13:20:48+00:00\",\"description\":\"La Fondation CAB\u00a0de Bruxelles\u00a0a le plaisir de pr\u00e9senter sa 18\u00e8me artiste-en-r\u00e9sidence.\u00a0Lola Daels (n. Bruxelles, 1990) est une artiste bas\u00e9e \u00e0 Bruxelles qui cr\u00e9e principalement des sculptures et des installations.\",\"breadcrumb\":{\"@id\":\"https:\\\/\\\/fondationcab.com\\\/fr\\\/open-studio-lola-daels#breadcrumb\"},\"inLanguage\":\"fr-FR\",\"potentialAction\":[{\"@type\":\"ReadAction\",\"target\":[\"https:\\\/\\\/fondationcab.com\\\/fr\\\/open-studio-lola-daels\"]}]},{\"@type\":\"ImageObject\",\"inLanguage\":\"fr-FR\",\"@id\":\"https:\\\/\\\/fondationcab.com\\\/fr\\\/open-studio-lola-daels#primaryimage\",\"url\":\"https:\\\/\\\/fondationcab.com\\\/wp-content\\\/uploads\\\/2022\\\/04\\\/Daels_Lola_01.jpeg\",\"contentUrl\":\"https:\\\/\\\/fondationcab.com\\\/wp-content\\\/uploads\\\/2022\\\/04\\\/Daels_Lola_01.jpeg\",\"width\":1500,\"height\":1000},{\"@type\":\"BreadcrumbList\",\"@id\":\"https:\\\/\\\/fondationcab.com\\\/fr\\\/open-studio-lola-daels#breadcrumb\",\"itemListElement\":[{\"@type\":\"ListItem\",\"position\":1,\"name\":\"Home\",\"item\":\"https:\\\/\\\/fondationcab.com\\\/fr\"},{\"@type\":\"ListItem\",\"position\":2,\"name\":\"OPEN STUDIO LOLA DAELS\"}]},{\"@type\":\"WebSite\",\"@id\":\"https:\\\/\\\/fondationcab.com\\\/fr#website\",\"url\":\"https:\\\/\\\/fondationcab.com\\\/fr\",\"name\":\"FONDATION CAB\",\"description\":\"ART CENTER BRUSSELS\",\"publisher\":{\"@id\":\"https:\\\/\\\/fondationcab.com\\\/fr#organization\"},\"potentialAction\":[{\"@type\":\"SearchAction\",\"target\":{\"@type\":\"EntryPoint\",\"urlTemplate\":\"https:\\\/\\\/fondationcab.com\\\/fr?s={search_term_string}\"},\"query-input\":{\"@type\":\"PropertyValueSpecification\",\"valueRequired\":true,\"valueName\":\"search_term_string\"}}],\"inLanguage\":\"fr-FR\"},{\"@type\":\"Organization\",\"@id\":\"https:\\\/\\\/fondationcab.com\\\/fr#organization\",\"name\":\"Fondation CAB\",\"url\":\"https:\\\/\\\/fondationcab.com\\\/fr\",\"logo\":{\"@type\":\"ImageObject\",\"inLanguage\":\"fr-FR\",\"@id\":\"https:\\\/\\\/fondationcab.com\\\/fr#\\\/schema\\\/logo\\\/image\\\/\",\"url\":\"https:\\\/\\\/cab.storycoding.agency\\\/wp-content\\\/uploads\\\/2018\\\/03\\\/fondation_cab_logo.jpg\",\"contentUrl\":\"https:\\\/\\\/cab.storycoding.agency\\\/wp-content\\\/uploads\\\/2018\\\/03\\\/fondation_cab_logo.jpg\",\"width\":250,\"height\":125,\"caption\":\"Fondation CAB\"},\"image\":{\"@id\":\"https:\\\/\\\/fondationcab.com\\\/fr#\\\/schema\\\/logo\\\/image\\\/\"},\"sameAs\":[\"https:\\\/\\\/www.facebook.com\\\/CABContemporaryArt\\\/\",\"https:\\\/\\\/www.instagram.com\\\/fondation_cab\\\/\",\"https:\\\/\\\/www.youtube.com\\\/channel\\\/UC4BG_XNA2Sn1VGimzwU60Aw\"]},{\"@type\":\"Person\",\"@id\":\"https:\\\/\\\/fondationcab.com\\\/fr#\\\/schema\\\/person\\\/97e81405a09028aa359b90ec71ff6bd8\",\"name\":\"eleonore\"}]}<\/script>\n<!-- \/ Yoast SEO plugin. -->","yoast_head_json":{"title":"OPEN STUDIO LOLA DAELS - FONDATION CAB","description":"La Fondation CAB\u00a0de Bruxelles\u00a0a le plaisir de pr\u00e9senter sa 18\u00e8me artiste-en-r\u00e9sidence.\u00a0Lola Daels (n. Bruxelles, 1990) est une artiste bas\u00e9e \u00e0 Bruxelles qui cr\u00e9e principalement des sculptures et des installations.","robots":{"index":"index","follow":"follow","max-snippet":"max-snippet:-1","max-image-preview":"max-image-preview:large","max-video-preview":"max-video-preview:-1"},"canonical":"https:\/\/fondationcab.com\/fr\/open-studio-lola-daels","og_locale":"fr_FR","og_type":"article","og_title":"OPEN STUDIO LOLA DAELS - FONDATION CAB","og_description":"La Fondation CAB\u00a0de Bruxelles\u00a0a le plaisir de pr\u00e9senter sa 18\u00e8me artiste-en-r\u00e9sidence.\u00a0Lola Daels (n. Bruxelles, 1990) est une artiste bas\u00e9e \u00e0 Bruxelles qui cr\u00e9e principalement des sculptures et des installations.","og_url":"https:\/\/fondationcab.com\/fr\/open-studio-lola-daels","og_site_name":"FONDATION CAB","article_publisher":"https:\/\/www.facebook.com\/CABContemporaryArt\/","article_published_time":"2022-04-23T15:02:20+00:00","article_modified_time":"2022-04-29T13:20:48+00:00","og_image":[{"width":1500,"height":1000,"url":"https:\/\/fondationcab.com\/wp-content\/uploads\/2022\/04\/Daels_Lola_01.jpeg","type":"image\/jpeg"}],"author":"eleonore","twitter_card":"summary_large_image","twitter_misc":{"\u00c9crit par":"eleonore","Dur\u00e9e de lecture estim\u00e9e":"2 minutes"},"schema":{"@context":"https:\/\/schema.org","@graph":[{"@type":"Article","@id":"https:\/\/fondationcab.com\/fr\/open-studio-lola-daels#article","isPartOf":{"@id":"https:\/\/fondationcab.com\/fr\/open-studio-lola-daels"},"author":{"name":"eleonore","@id":"https:\/\/fondationcab.com\/fr#\/schema\/person\/97e81405a09028aa359b90ec71ff6bd8"},"headline":"OPEN STUDIO LOLA DAELS","datePublished":"2022-04-23T15:02:20+00:00","dateModified":"2022-04-29T13:20:48+00:00","mainEntityOfPage":{"@id":"https:\/\/fondationcab.com\/fr\/open-studio-lola-daels"},"wordCount":349,"publisher":{"@id":"https:\/\/fondationcab.com\/fr#organization"},"image":{"@id":"https:\/\/fondationcab.com\/fr\/open-studio-lola-daels#primaryimage"},"thumbnailUrl":"https:\/\/fondationcab.com\/wp-content\/uploads\/2022\/04\/Daels_Lola_01.jpeg","articleSection":["Non classifi\u00e9(e)"],"inLanguage":"fr-FR"},{"@type":"WebPage","@id":"https:\/\/fondationcab.com\/fr\/open-studio-lola-daels","url":"https:\/\/fondationcab.com\/fr\/open-studio-lola-daels","name":"OPEN STUDIO LOLA DAELS - FONDATION CAB","isPartOf":{"@id":"https:\/\/fondationcab.com\/fr#website"},"primaryImageOfPage":{"@id":"https:\/\/fondationcab.com\/fr\/open-studio-lola-daels#primaryimage"},"image":{"@id":"https:\/\/fondationcab.com\/fr\/open-studio-lola-daels#primaryimage"},"thumbnailUrl":"https:\/\/fondationcab.com\/wp-content\/uploads\/2022\/04\/Daels_Lola_01.jpeg","datePublished":"2022-04-23T15:02:20+00:00","dateModified":"2022-04-29T13:20:48+00:00","description":"La Fondation CAB\u00a0de Bruxelles\u00a0a le plaisir de pr\u00e9senter sa 18\u00e8me artiste-en-r\u00e9sidence.\u00a0Lola Daels (n. Bruxelles, 1990) est une artiste bas\u00e9e \u00e0 Bruxelles qui cr\u00e9e principalement des sculptures et des installations.","breadcrumb":{"@id":"https:\/\/fondationcab.com\/fr\/open-studio-lola-daels#breadcrumb"},"inLanguage":"fr-FR","potentialAction":[{"@type":"ReadAction","target":["https:\/\/fondationcab.com\/fr\/open-studio-lola-daels"]}]},{"@type":"ImageObject","inLanguage":"fr-FR","@id":"https:\/\/fondationcab.com\/fr\/open-studio-lola-daels#primaryimage","url":"https:\/\/fondationcab.com\/wp-content\/uploads\/2022\/04\/Daels_Lola_01.jpeg","contentUrl":"https:\/\/fondationcab.com\/wp-content\/uploads\/2022\/04\/Daels_Lola_01.jpeg","width":1500,"height":1000},{"@type":"BreadcrumbList","@id":"https:\/\/fondationcab.com\/fr\/open-studio-lola-daels#breadcrumb","itemListElement":[{"@type":"ListItem","position":1,"name":"Home","item":"https:\/\/fondationcab.com\/fr"},{"@type":"ListItem","position":2,"name":"OPEN STUDIO LOLA DAELS"}]},{"@type":"WebSite","@id":"https:\/\/fondationcab.com\/fr#website","url":"https:\/\/fondationcab.com\/fr","name":"FONDATION CAB","description":"ART CENTER BRUSSELS","publisher":{"@id":"https:\/\/fondationcab.com\/fr#organization"},"potentialAction":[{"@type":"SearchAction","target":{"@type":"EntryPoint","urlTemplate":"https:\/\/fondationcab.com\/fr?s={search_term_string}"},"query-input":{"@type":"PropertyValueSpecification","valueRequired":true,"valueName":"search_term_string"}}],"inLanguage":"fr-FR"},{"@type":"Organization","@id":"https:\/\/fondationcab.com\/fr#organization","name":"Fondation CAB","url":"https:\/\/fondationcab.com\/fr","logo":{"@type":"ImageObject","inLanguage":"fr-FR","@id":"https:\/\/fondationcab.com\/fr#\/schema\/logo\/image\/","url":"https:\/\/cab.storycoding.agency\/wp-content\/uploads\/2018\/03\/fondation_cab_logo.jpg","contentUrl":"https:\/\/cab.storycoding.agency\/wp-content\/uploads\/2018\/03\/fondation_cab_logo.jpg","width":250,"height":125,"caption":"Fondation CAB"},"image":{"@id":"https:\/\/fondationcab.com\/fr#\/schema\/logo\/image\/"},"sameAs":["https:\/\/www.facebook.com\/CABContemporaryArt\/","https:\/\/www.instagram.com\/fondation_cab\/","https:\/\/www.youtube.com\/channel\/UC4BG_XNA2Sn1VGimzwU60Aw"]},{"@type":"Person","@id":"https:\/\/fondationcab.com\/fr#\/schema\/person\/97e81405a09028aa359b90ec71ff6bd8","name":"eleonore"}]}},"_links":{"self":[{"href":"https:\/\/fondationcab.com\/fr\/wp-json\/wp\/v2\/posts\/8660","targetHints":{"allow":["GET"]}}],"collection":[{"href":"https:\/\/fondationcab.com\/fr\/wp-json\/wp\/v2\/posts"}],"about":[{"href":"https:\/\/fondationcab.com\/fr\/wp-json\/wp\/v2\/types\/post"}],"author":[{"embeddable":true,"href":"https:\/\/fondationcab.com\/fr\/wp-json\/wp\/v2\/users\/4"}],"replies":[{"embeddable":true,"href":"https:\/\/fondationcab.com\/fr\/wp-json\/wp\/v2\/comments?post=8660"}],"version-history":[{"count":7,"href":"https:\/\/fondationcab.com\/fr\/wp-json\/wp\/v2\/posts\/8660\/revisions"}],"predecessor-version":[{"id":8685,"href":"https:\/\/fondationcab.com\/fr\/wp-json\/wp\/v2\/posts\/8660\/revisions\/8685"}],"wp:featuredmedia":[{"embeddable":true,"href":"https:\/\/fondationcab.com\/fr\/wp-json\/wp\/v2\/media\/8654"}],"wp:attachment":[{"href":"https:\/\/fondationcab.com\/fr\/wp-json\/wp\/v2\/media?parent=8660"}],"wp:term":[{"taxonomy":"category","embeddable":true,"href":"https:\/\/fondationcab.com\/fr\/wp-json\/wp\/v2\/categories?post=8660"},{"taxonomy":"post_tag","embeddable":true,"href":"https:\/\/fondationcab.com\/fr\/wp-json\/wp\/v2\/tags?post=8660"}],"curies":[{"name":"wp","href":"https:\/\/api.w.org\/{rel}","templated":true}]}}