{"id":8821,"date":"2022-05-21T14:50:44","date_gmt":"2022-05-21T12:50:44","guid":{"rendered":"https:\/\/fondationcab.com\/?p=8821"},"modified":"2022-06-10T13:15:47","modified_gmt":"2022-06-10T11:15:47","slug":"lecture-a-la-fondation-cab","status":"publish","type":"post","link":"https:\/\/fondationcab.com\/fr\/lecture-a-la-fondation-cab","title":{"rendered":"PO\u00c9SIE CONTEMPORAINE"},"content":{"rendered":"","protected":false},"excerpt":{"rendered":"","protected":false},"author":4,"featured_media":8774,"comment_status":"closed","ping_status":"closed","sticky":false,"template":"","format":"standard","meta":{"_acf_changed":false,"footnotes":""},"categories":[9],"tags":[],"class_list":["post-8821","post","type-post","status-publish","format-standard","has-post-thumbnail","hentry","category-non-classifiee","cities-bruxelles"],"acf":[],"yoast_head":"<!-- This site is optimized with the Yoast SEO plugin v27.5 - https:\/\/yoast.com\/product\/yoast-seo-wordpress\/ -->\n<title>PO\u00c9SIE CONTEMPORAINE - FONDATION CAB<\/title>\n<meta name=\"description\" content=\"La Fondation CAB\u00a0active son exposition Fred Sandback\u00a0(1943-2003)\u00a0en\u00a0confrontant des cr\u00e9ations contemporaines \u00e0 l&#039;\u0153uvre de l\u2019artiste. Chacun de ces rendez-vous est l&#039;occasion de voir et d&#039;entendre un auteur contemporain. Matthieu C Vergez, po\u00e8te d&#039;aujourd&#039;hui est convi\u00e9 le samedi 25 juin \u00e0 lire des extraits de ses textes au sein des \u0153uvres de Fred Sandback. Une cr\u00e9ation in\u00e9dite qui met en lumi\u00e8re le dialogue entre l\u2019art minimal et une \u0153uvre litt\u00e9raire inattendue. Samedi 25 juin de 15h00 \u00e0 17h00 Inscription et confirmation par email: info@fondationcab.com\" \/>\n<meta name=\"robots\" content=\"index, follow, max-snippet:-1, max-image-preview:large, max-video-preview:-1\" \/>\n<link rel=\"canonical\" href=\"https:\/\/fondationcab.com\/fr\/lecture-a-la-fondation-cab\" \/>\n<meta property=\"og:locale\" content=\"fr_FR\" \/>\n<meta property=\"og:type\" content=\"article\" \/>\n<meta property=\"og:title\" content=\"PO\u00c9SIE CONTEMPORAINE - FONDATION CAB\" \/>\n<meta property=\"og:description\" content=\"La Fondation CAB\u00a0active son exposition Fred Sandback\u00a0(1943-2003)\u00a0en\u00a0confrontant des cr\u00e9ations contemporaines \u00e0 l&#039;\u0153uvre de l\u2019artiste. Chacun de ces rendez-vous est l&#039;occasion de voir et d&#039;entendre un auteur contemporain. Matthieu C Vergez, po\u00e8te d&#039;aujourd&#039;hui est convi\u00e9 le samedi 25 juin \u00e0 lire des extraits de ses textes au sein des \u0153uvres de Fred Sandback. Une cr\u00e9ation in\u00e9dite qui met en lumi\u00e8re le dialogue entre l\u2019art minimal et une \u0153uvre litt\u00e9raire inattendue. Samedi 25 juin de 15h00 \u00e0 17h00 Inscription et confirmation par email: info@fondationcab.com\" \/>\n<meta property=\"og:url\" content=\"https:\/\/fondationcab.com\/fr\/lecture-a-la-fondation-cab\" \/>\n<meta property=\"og:site_name\" content=\"FONDATION CAB\" \/>\n<meta property=\"article:publisher\" content=\"https:\/\/www.facebook.com\/CABContemporaryArt\/\" \/>\n<meta property=\"article:published_time\" content=\"2022-05-21T12:50:44+00:00\" \/>\n<meta property=\"article:modified_time\" content=\"2022-06-10T11:15:47+00:00\" \/>\n<meta property=\"og:image\" content=\"https:\/\/fondationcab.com\/wp-content\/uploads\/2022\/05\/AU1U6302tim72-scaled.jpg\" \/>\n\t<meta property=\"og:image:width\" content=\"2560\" \/>\n\t<meta property=\"og:image:height\" content=\"1707\" \/>\n\t<meta property=\"og:image:type\" content=\"image\/jpeg\" \/>\n<meta name=\"author\" content=\"eleonore\" \/>\n<meta name=\"twitter:card\" content=\"summary_large_image\" \/>\n<meta name=\"twitter:label1\" content=\"\u00c9crit par\" \/>\n\t<meta name=\"twitter:data1\" content=\"eleonore\" \/>\n<script type=\"application\/ld+json\" class=\"yoast-schema-graph\">{\"@context\":\"https:\\\/\\\/schema.org\",\"@graph\":[{\"@type\":\"Article\",\"@id\":\"https:\\\/\\\/fondationcab.com\\\/fr\\\/lecture-a-la-fondation-cab#article\",\"isPartOf\":{\"@id\":\"https:\\\/\\\/fondationcab.com\\\/fr\\\/lecture-a-la-fondation-cab\"},\"author\":{\"name\":\"eleonore\",\"@id\":\"https:\\\/\\\/fondationcab.com\\\/fr#\\\/schema\\\/person\\\/97e81405a09028aa359b90ec71ff6bd8\"},\"headline\":\"PO\u00c9SIE CONTEMPORAINE\",\"datePublished\":\"2022-05-21T12:50:44+00:00\",\"dateModified\":\"2022-06-10T11:15:47+00:00\",\"mainEntityOfPage\":{\"@id\":\"https:\\\/\\\/fondationcab.com\\\/fr\\\/lecture-a-la-fondation-cab\"},\"wordCount\":3,\"publisher\":{\"@id\":\"https:\\\/\\\/fondationcab.com\\\/fr#organization\"},\"image\":{\"@id\":\"https:\\\/\\\/fondationcab.com\\\/fr\\\/lecture-a-la-fondation-cab#primaryimage\"},\"thumbnailUrl\":\"https:\\\/\\\/fondationcab.com\\\/wp-content\\\/uploads\\\/2022\\\/05\\\/AU1U6302tim72-scaled.jpg\",\"articleSection\":[\"Non classifi\u00e9(e)\"],\"inLanguage\":\"fr-FR\"},{\"@type\":\"WebPage\",\"@id\":\"https:\\\/\\\/fondationcab.com\\\/fr\\\/lecture-a-la-fondation-cab\",\"url\":\"https:\\\/\\\/fondationcab.com\\\/fr\\\/lecture-a-la-fondation-cab\",\"name\":\"PO\u00c9SIE CONTEMPORAINE - FONDATION CAB\",\"isPartOf\":{\"@id\":\"https:\\\/\\\/fondationcab.com\\\/fr#website\"},\"primaryImageOfPage\":{\"@id\":\"https:\\\/\\\/fondationcab.com\\\/fr\\\/lecture-a-la-fondation-cab#primaryimage\"},\"image\":{\"@id\":\"https:\\\/\\\/fondationcab.com\\\/fr\\\/lecture-a-la-fondation-cab#primaryimage\"},\"thumbnailUrl\":\"https:\\\/\\\/fondationcab.com\\\/wp-content\\\/uploads\\\/2022\\\/05\\\/AU1U6302tim72-scaled.jpg\",\"datePublished\":\"2022-05-21T12:50:44+00:00\",\"dateModified\":\"2022-06-10T11:15:47+00:00\",\"description\":\"La Fondation CAB\u00a0active son exposition Fred Sandback\u00a0(1943-2003)\u00a0en\u00a0confrontant des cr\u00e9ations contemporaines \u00e0 l'\u0153uvre de l\u2019artiste. Chacun de ces rendez-vous est l'occasion de voir et d'entendre un auteur contemporain. Matthieu C Vergez, po\u00e8te d'aujourd'hui est convi\u00e9 le samedi 25 juin \u00e0 lire des extraits de ses textes au sein des \u0153uvres de Fred Sandback. Une cr\u00e9ation in\u00e9dite qui met en lumi\u00e8re le dialogue entre l\u2019art minimal et une \u0153uvre litt\u00e9raire inattendue. Samedi 25 juin de 15h00 \u00e0 17h00 Inscription et confirmation par email: info@fondationcab.com\",\"breadcrumb\":{\"@id\":\"https:\\\/\\\/fondationcab.com\\\/fr\\\/lecture-a-la-fondation-cab#breadcrumb\"},\"inLanguage\":\"fr-FR\",\"potentialAction\":[{\"@type\":\"ReadAction\",\"target\":[\"https:\\\/\\\/fondationcab.com\\\/fr\\\/lecture-a-la-fondation-cab\"]}]},{\"@type\":\"ImageObject\",\"inLanguage\":\"fr-FR\",\"@id\":\"https:\\\/\\\/fondationcab.com\\\/fr\\\/lecture-a-la-fondation-cab#primaryimage\",\"url\":\"https:\\\/\\\/fondationcab.com\\\/wp-content\\\/uploads\\\/2022\\\/05\\\/AU1U6302tim72-scaled.jpg\",\"contentUrl\":\"https:\\\/\\\/fondationcab.com\\\/wp-content\\\/uploads\\\/2022\\\/05\\\/AU1U6302tim72-scaled.jpg\",\"width\":2560,\"height\":1707},{\"@type\":\"BreadcrumbList\",\"@id\":\"https:\\\/\\\/fondationcab.com\\\/fr\\\/lecture-a-la-fondation-cab#breadcrumb\",\"itemListElement\":[{\"@type\":\"ListItem\",\"position\":1,\"name\":\"Home\",\"item\":\"https:\\\/\\\/fondationcab.com\\\/fr\"},{\"@type\":\"ListItem\",\"position\":2,\"name\":\"PO\u00c9SIE CONTEMPORAINE\"}]},{\"@type\":\"WebSite\",\"@id\":\"https:\\\/\\\/fondationcab.com\\\/fr#website\",\"url\":\"https:\\\/\\\/fondationcab.com\\\/fr\",\"name\":\"FONDATION CAB\",\"description\":\"ART CENTER BRUSSELS\",\"publisher\":{\"@id\":\"https:\\\/\\\/fondationcab.com\\\/fr#organization\"},\"potentialAction\":[{\"@type\":\"SearchAction\",\"target\":{\"@type\":\"EntryPoint\",\"urlTemplate\":\"https:\\\/\\\/fondationcab.com\\\/fr?s={search_term_string}\"},\"query-input\":{\"@type\":\"PropertyValueSpecification\",\"valueRequired\":true,\"valueName\":\"search_term_string\"}}],\"inLanguage\":\"fr-FR\"},{\"@type\":\"Organization\",\"@id\":\"https:\\\/\\\/fondationcab.com\\\/fr#organization\",\"name\":\"Fondation CAB\",\"url\":\"https:\\\/\\\/fondationcab.com\\\/fr\",\"logo\":{\"@type\":\"ImageObject\",\"inLanguage\":\"fr-FR\",\"@id\":\"https:\\\/\\\/fondationcab.com\\\/fr#\\\/schema\\\/logo\\\/image\\\/\",\"url\":\"https:\\\/\\\/cab.storycoding.agency\\\/wp-content\\\/uploads\\\/2018\\\/03\\\/fondation_cab_logo.jpg\",\"contentUrl\":\"https:\\\/\\\/cab.storycoding.agency\\\/wp-content\\\/uploads\\\/2018\\\/03\\\/fondation_cab_logo.jpg\",\"width\":250,\"height\":125,\"caption\":\"Fondation CAB\"},\"image\":{\"@id\":\"https:\\\/\\\/fondationcab.com\\\/fr#\\\/schema\\\/logo\\\/image\\\/\"},\"sameAs\":[\"https:\\\/\\\/www.facebook.com\\\/CABContemporaryArt\\\/\",\"https:\\\/\\\/www.instagram.com\\\/fondation_cab\\\/\",\"https:\\\/\\\/www.youtube.com\\\/channel\\\/UC4BG_XNA2Sn1VGimzwU60Aw\"]},{\"@type\":\"Person\",\"@id\":\"https:\\\/\\\/fondationcab.com\\\/fr#\\\/schema\\\/person\\\/97e81405a09028aa359b90ec71ff6bd8\",\"name\":\"eleonore\"}]}<\/script>\n<!-- \/ Yoast SEO plugin. -->","yoast_head_json":{"title":"PO\u00c9SIE CONTEMPORAINE - FONDATION CAB","description":"La Fondation CAB\u00a0active son exposition Fred Sandback\u00a0(1943-2003)\u00a0en\u00a0confrontant des cr\u00e9ations contemporaines \u00e0 l'\u0153uvre de l\u2019artiste. Chacun de ces rendez-vous est l'occasion de voir et d'entendre un auteur contemporain. Matthieu C Vergez, po\u00e8te d'aujourd'hui est convi\u00e9 le samedi 25 juin \u00e0 lire des extraits de ses textes au sein des \u0153uvres de Fred Sandback. Une cr\u00e9ation in\u00e9dite qui met en lumi\u00e8re le dialogue entre l\u2019art minimal et une \u0153uvre litt\u00e9raire inattendue. Samedi 25 juin de 15h00 \u00e0 17h00 Inscription et confirmation par email: info@fondationcab.com","robots":{"index":"index","follow":"follow","max-snippet":"max-snippet:-1","max-image-preview":"max-image-preview:large","max-video-preview":"max-video-preview:-1"},"canonical":"https:\/\/fondationcab.com\/fr\/lecture-a-la-fondation-cab","og_locale":"fr_FR","og_type":"article","og_title":"PO\u00c9SIE CONTEMPORAINE - FONDATION CAB","og_description":"La Fondation CAB\u00a0active son exposition Fred Sandback\u00a0(1943-2003)\u00a0en\u00a0confrontant des cr\u00e9ations contemporaines \u00e0 l'\u0153uvre de l\u2019artiste. Chacun de ces rendez-vous est l'occasion de voir et d'entendre un auteur contemporain. Matthieu C Vergez, po\u00e8te d'aujourd'hui est convi\u00e9 le samedi 25 juin \u00e0 lire des extraits de ses textes au sein des \u0153uvres de Fred Sandback. Une cr\u00e9ation in\u00e9dite qui met en lumi\u00e8re le dialogue entre l\u2019art minimal et une \u0153uvre litt\u00e9raire inattendue. Samedi 25 juin de 15h00 \u00e0 17h00 Inscription et confirmation par email: info@fondationcab.com","og_url":"https:\/\/fondationcab.com\/fr\/lecture-a-la-fondation-cab","og_site_name":"FONDATION CAB","article_publisher":"https:\/\/www.facebook.com\/CABContemporaryArt\/","article_published_time":"2022-05-21T12:50:44+00:00","article_modified_time":"2022-06-10T11:15:47+00:00","og_image":[{"width":2560,"height":1707,"url":"https:\/\/fondationcab.com\/wp-content\/uploads\/2022\/05\/AU1U6302tim72-scaled.jpg","type":"image\/jpeg"}],"author":"eleonore","twitter_card":"summary_large_image","twitter_misc":{"\u00c9crit par":"eleonore"},"schema":{"@context":"https:\/\/schema.org","@graph":[{"@type":"Article","@id":"https:\/\/fondationcab.com\/fr\/lecture-a-la-fondation-cab#article","isPartOf":{"@id":"https:\/\/fondationcab.com\/fr\/lecture-a-la-fondation-cab"},"author":{"name":"eleonore","@id":"https:\/\/fondationcab.com\/fr#\/schema\/person\/97e81405a09028aa359b90ec71ff6bd8"},"headline":"PO\u00c9SIE CONTEMPORAINE","datePublished":"2022-05-21T12:50:44+00:00","dateModified":"2022-06-10T11:15:47+00:00","mainEntityOfPage":{"@id":"https:\/\/fondationcab.com\/fr\/lecture-a-la-fondation-cab"},"wordCount":3,"publisher":{"@id":"https:\/\/fondationcab.com\/fr#organization"},"image":{"@id":"https:\/\/fondationcab.com\/fr\/lecture-a-la-fondation-cab#primaryimage"},"thumbnailUrl":"https:\/\/fondationcab.com\/wp-content\/uploads\/2022\/05\/AU1U6302tim72-scaled.jpg","articleSection":["Non classifi\u00e9(e)"],"inLanguage":"fr-FR"},{"@type":"WebPage","@id":"https:\/\/fondationcab.com\/fr\/lecture-a-la-fondation-cab","url":"https:\/\/fondationcab.com\/fr\/lecture-a-la-fondation-cab","name":"PO\u00c9SIE CONTEMPORAINE - FONDATION CAB","isPartOf":{"@id":"https:\/\/fondationcab.com\/fr#website"},"primaryImageOfPage":{"@id":"https:\/\/fondationcab.com\/fr\/lecture-a-la-fondation-cab#primaryimage"},"image":{"@id":"https:\/\/fondationcab.com\/fr\/lecture-a-la-fondation-cab#primaryimage"},"thumbnailUrl":"https:\/\/fondationcab.com\/wp-content\/uploads\/2022\/05\/AU1U6302tim72-scaled.jpg","datePublished":"2022-05-21T12:50:44+00:00","dateModified":"2022-06-10T11:15:47+00:00","description":"La Fondation CAB\u00a0active son exposition Fred Sandback\u00a0(1943-2003)\u00a0en\u00a0confrontant des cr\u00e9ations contemporaines \u00e0 l'\u0153uvre de l\u2019artiste. Chacun de ces rendez-vous est l'occasion de voir et d'entendre un auteur contemporain. Matthieu C Vergez, po\u00e8te d'aujourd'hui est convi\u00e9 le samedi 25 juin \u00e0 lire des extraits de ses textes au sein des \u0153uvres de Fred Sandback. Une cr\u00e9ation in\u00e9dite qui met en lumi\u00e8re le dialogue entre l\u2019art minimal et une \u0153uvre litt\u00e9raire inattendue. Samedi 25 juin de 15h00 \u00e0 17h00 Inscription et confirmation par email: info@fondationcab.com","breadcrumb":{"@id":"https:\/\/fondationcab.com\/fr\/lecture-a-la-fondation-cab#breadcrumb"},"inLanguage":"fr-FR","potentialAction":[{"@type":"ReadAction","target":["https:\/\/fondationcab.com\/fr\/lecture-a-la-fondation-cab"]}]},{"@type":"ImageObject","inLanguage":"fr-FR","@id":"https:\/\/fondationcab.com\/fr\/lecture-a-la-fondation-cab#primaryimage","url":"https:\/\/fondationcab.com\/wp-content\/uploads\/2022\/05\/AU1U6302tim72-scaled.jpg","contentUrl":"https:\/\/fondationcab.com\/wp-content\/uploads\/2022\/05\/AU1U6302tim72-scaled.jpg","width":2560,"height":1707},{"@type":"BreadcrumbList","@id":"https:\/\/fondationcab.com\/fr\/lecture-a-la-fondation-cab#breadcrumb","itemListElement":[{"@type":"ListItem","position":1,"name":"Home","item":"https:\/\/fondationcab.com\/fr"},{"@type":"ListItem","position":2,"name":"PO\u00c9SIE CONTEMPORAINE"}]},{"@type":"WebSite","@id":"https:\/\/fondationcab.com\/fr#website","url":"https:\/\/fondationcab.com\/fr","name":"FONDATION CAB","description":"ART CENTER BRUSSELS","publisher":{"@id":"https:\/\/fondationcab.com\/fr#organization"},"potentialAction":[{"@type":"SearchAction","target":{"@type":"EntryPoint","urlTemplate":"https:\/\/fondationcab.com\/fr?s={search_term_string}"},"query-input":{"@type":"PropertyValueSpecification","valueRequired":true,"valueName":"search_term_string"}}],"inLanguage":"fr-FR"},{"@type":"Organization","@id":"https:\/\/fondationcab.com\/fr#organization","name":"Fondation CAB","url":"https:\/\/fondationcab.com\/fr","logo":{"@type":"ImageObject","inLanguage":"fr-FR","@id":"https:\/\/fondationcab.com\/fr#\/schema\/logo\/image\/","url":"https:\/\/cab.storycoding.agency\/wp-content\/uploads\/2018\/03\/fondation_cab_logo.jpg","contentUrl":"https:\/\/cab.storycoding.agency\/wp-content\/uploads\/2018\/03\/fondation_cab_logo.jpg","width":250,"height":125,"caption":"Fondation CAB"},"image":{"@id":"https:\/\/fondationcab.com\/fr#\/schema\/logo\/image\/"},"sameAs":["https:\/\/www.facebook.com\/CABContemporaryArt\/","https:\/\/www.instagram.com\/fondation_cab\/","https:\/\/www.youtube.com\/channel\/UC4BG_XNA2Sn1VGimzwU60Aw"]},{"@type":"Person","@id":"https:\/\/fondationcab.com\/fr#\/schema\/person\/97e81405a09028aa359b90ec71ff6bd8","name":"eleonore"}]}},"_links":{"self":[{"href":"https:\/\/fondationcab.com\/fr\/wp-json\/wp\/v2\/posts\/8821","targetHints":{"allow":["GET"]}}],"collection":[{"href":"https:\/\/fondationcab.com\/fr\/wp-json\/wp\/v2\/posts"}],"about":[{"href":"https:\/\/fondationcab.com\/fr\/wp-json\/wp\/v2\/types\/post"}],"author":[{"embeddable":true,"href":"https:\/\/fondationcab.com\/fr\/wp-json\/wp\/v2\/users\/4"}],"replies":[{"embeddable":true,"href":"https:\/\/fondationcab.com\/fr\/wp-json\/wp\/v2\/comments?post=8821"}],"version-history":[{"count":6,"href":"https:\/\/fondationcab.com\/fr\/wp-json\/wp\/v2\/posts\/8821\/revisions"}],"predecessor-version":[{"id":8920,"href":"https:\/\/fondationcab.com\/fr\/wp-json\/wp\/v2\/posts\/8821\/revisions\/8920"}],"wp:featuredmedia":[{"embeddable":true,"href":"https:\/\/fondationcab.com\/fr\/wp-json\/wp\/v2\/media\/8774"}],"wp:attachment":[{"href":"https:\/\/fondationcab.com\/fr\/wp-json\/wp\/v2\/media?parent=8821"}],"wp:term":[{"taxonomy":"category","embeddable":true,"href":"https:\/\/fondationcab.com\/fr\/wp-json\/wp\/v2\/categories?post=8821"},{"taxonomy":"post_tag","embeddable":true,"href":"https:\/\/fondationcab.com\/fr\/wp-json\/wp\/v2\/tags?post=8821"}],"curies":[{"name":"wp","href":"https:\/\/api.w.org\/{rel}","templated":true}]}}