{"id":8868,"date":"2022-06-01T12:21:41","date_gmt":"2022-06-01T10:21:41","guid":{"rendered":"https:\/\/fondationcab.com\/?p=8868"},"modified":"2022-06-02T12:20:36","modified_gmt":"2022-06-02T10:20:36","slug":"open-studio-paloma-bosque","status":"publish","type":"post","link":"https:\/\/fondationcab.com\/fr\/open-studio-paloma-bosque","title":{"rendered":"Open Studio Paloma Bosqu\u00ea"},"content":{"rendered":"<p>Travaillant entre S\u00e3o Paulo et B\u00e2le, les \u0153uvres de Paloma Bosqu\u00ea ont \u00e9t\u00e9 inclues dans des expositions collectives internationales ainsi que dans des expositions individuelles. Par l\u2019association de min\u00e9raux, entre autres de fibres v\u00e9g\u00e9tales, de plomb, de pigments et de cire, l\u2019artiste interroge les limites entre le naturel et l\u2019artificiel. Sa pratique s\u2019articule autour de l\u2019id\u00e9e que le monde mat\u00e9riel est une culmination de toute mati\u00e8re, y compris l\u2019humain, \u00e0 travers une investigation de la mat\u00e9rialit\u00e9 des corps en transformation.<\/p>\n<p>En remettant en question les d\u00e9finitions occidentales de l\u2019anim\u00e9 et de l\u2019inanim\u00e9, elle tente d\u2019atteindre une dimension au-del\u00e0 du langage o\u00f9 les choses ne peuvent pas encore \u00eatre nomm\u00e9es. Ce faisant, elle assemble une myriade de mat\u00e9riaux pour pr\u00e9senter les corps non pas comme des entit\u00e9s isol\u00e9es, mais comme des mati\u00e8res perm\u00e9ables et en mouvement qui se transforment continuellement, \u00e9tablissant et r\u00e9voquant des connexions \u00e0 l\u2019int\u00e9rieur et au-del\u00e0 du domaine du visible.<\/p>\n","protected":false},"excerpt":{"rendered":"<p>Travaillant entre S\u00e3o Paulo et B\u00e2le, les \u0153uvres de Paloma Bosqu\u00ea ont \u00e9t\u00e9 inclues dans des expositions collectives internationales ainsi que dans des expositions individuelles. Par l\u2019association de min\u00e9raux, entre autres de fibres v\u00e9g\u00e9tales, de plomb, de pigments et de cire, l\u2019artiste interroge les limites entre le naturel et l\u2019artificiel. Sa pratique s\u2019articule autour de&nbsp; <a href=\"https:\/\/fondationcab.com\/fr\/open-studio-paloma-bosque\">&hellip; Read more <i class=\"glyphicon glyphicon-arrow-right\"><\/i><\/a><\/p>\n","protected":false},"author":4,"featured_media":8866,"comment_status":"closed","ping_status":"closed","sticky":false,"template":"","format":"standard","meta":{"_acf_changed":false,"footnotes":""},"categories":[9],"tags":[],"class_list":["post-8868","post","type-post","status-publish","format-standard","has-post-thumbnail","hentry","category-non-classifiee","cities-bruxelles"],"acf":[],"yoast_head":"<!-- This site is optimized with the Yoast SEO plugin v27.5 - https:\/\/yoast.com\/product\/yoast-seo-wordpress\/ -->\n<title>Open Studio Paloma Bosqu\u00ea - FONDATION CAB<\/title>\n<meta name=\"description\" content=\"Fondation CAB Bruxelles a le plaisir de pr\u00e9senter notre 19\u00e8me artiste-en-r\u00e9sidence, Paloma Bosqu\u00ea (n. 1982, Gar\u00e7a, Br\u00e9sil).\" \/>\n<meta name=\"robots\" content=\"index, follow, max-snippet:-1, max-image-preview:large, max-video-preview:-1\" \/>\n<link rel=\"canonical\" href=\"https:\/\/fondationcab.com\/fr\/open-studio-paloma-bosque\" \/>\n<meta property=\"og:locale\" content=\"fr_FR\" \/>\n<meta property=\"og:type\" content=\"article\" \/>\n<meta property=\"og:title\" content=\"Open Studio Paloma Bosqu\u00ea - FONDATION CAB\" \/>\n<meta property=\"og:description\" content=\"Fondation CAB Bruxelles a le plaisir de pr\u00e9senter notre 19\u00e8me artiste-en-r\u00e9sidence, Paloma Bosqu\u00ea (n. 1982, Gar\u00e7a, Br\u00e9sil).\" \/>\n<meta property=\"og:url\" content=\"https:\/\/fondationcab.com\/fr\/open-studio-paloma-bosque\" \/>\n<meta property=\"og:site_name\" content=\"FONDATION CAB\" \/>\n<meta property=\"article:publisher\" content=\"https:\/\/www.facebook.com\/CABContemporaryArt\/\" \/>\n<meta property=\"article:published_time\" content=\"2022-06-01T10:21:41+00:00\" \/>\n<meta property=\"article:modified_time\" content=\"2022-06-02T10:20:36+00:00\" \/>\n<meta property=\"og:image\" content=\"https:\/\/fondationcab.com\/wp-content\/uploads\/2022\/06\/IMG_20220530_110058_698.jpg\" \/>\n\t<meta property=\"og:image:width\" content=\"2048\" \/>\n\t<meta property=\"og:image:height\" content=\"1536\" \/>\n\t<meta property=\"og:image:type\" content=\"image\/jpeg\" \/>\n<meta name=\"author\" content=\"eleonore\" \/>\n<meta name=\"twitter:card\" content=\"summary_large_image\" \/>\n<meta name=\"twitter:label1\" content=\"\u00c9crit par\" \/>\n\t<meta name=\"twitter:data1\" content=\"eleonore\" \/>\n\t<meta name=\"twitter:label2\" content=\"Dur\u00e9e de lecture estim\u00e9e\" \/>\n\t<meta name=\"twitter:data2\" content=\"1 minute\" \/>\n<script type=\"application\/ld+json\" class=\"yoast-schema-graph\">{\"@context\":\"https:\\\/\\\/schema.org\",\"@graph\":[{\"@type\":\"Article\",\"@id\":\"https:\\\/\\\/fondationcab.com\\\/fr\\\/open-studio-paloma-bosque#article\",\"isPartOf\":{\"@id\":\"https:\\\/\\\/fondationcab.com\\\/fr\\\/open-studio-paloma-bosque\"},\"author\":{\"name\":\"eleonore\",\"@id\":\"https:\\\/\\\/fondationcab.com\\\/fr#\\\/schema\\\/person\\\/97e81405a09028aa359b90ec71ff6bd8\"},\"headline\":\"Open Studio Paloma Bosqu\u00ea\",\"datePublished\":\"2022-06-01T10:21:41+00:00\",\"dateModified\":\"2022-06-02T10:20:36+00:00\",\"mainEntityOfPage\":{\"@id\":\"https:\\\/\\\/fondationcab.com\\\/fr\\\/open-studio-paloma-bosque\"},\"wordCount\":183,\"publisher\":{\"@id\":\"https:\\\/\\\/fondationcab.com\\\/fr#organization\"},\"image\":{\"@id\":\"https:\\\/\\\/fondationcab.com\\\/fr\\\/open-studio-paloma-bosque#primaryimage\"},\"thumbnailUrl\":\"https:\\\/\\\/fondationcab.com\\\/wp-content\\\/uploads\\\/2022\\\/06\\\/IMG_20220530_110058_698.jpg\",\"articleSection\":[\"Non classifi\u00e9(e)\"],\"inLanguage\":\"fr-FR\"},{\"@type\":\"WebPage\",\"@id\":\"https:\\\/\\\/fondationcab.com\\\/fr\\\/open-studio-paloma-bosque\",\"url\":\"https:\\\/\\\/fondationcab.com\\\/fr\\\/open-studio-paloma-bosque\",\"name\":\"Open Studio Paloma Bosqu\u00ea - FONDATION CAB\",\"isPartOf\":{\"@id\":\"https:\\\/\\\/fondationcab.com\\\/fr#website\"},\"primaryImageOfPage\":{\"@id\":\"https:\\\/\\\/fondationcab.com\\\/fr\\\/open-studio-paloma-bosque#primaryimage\"},\"image\":{\"@id\":\"https:\\\/\\\/fondationcab.com\\\/fr\\\/open-studio-paloma-bosque#primaryimage\"},\"thumbnailUrl\":\"https:\\\/\\\/fondationcab.com\\\/wp-content\\\/uploads\\\/2022\\\/06\\\/IMG_20220530_110058_698.jpg\",\"datePublished\":\"2022-06-01T10:21:41+00:00\",\"dateModified\":\"2022-06-02T10:20:36+00:00\",\"description\":\"Fondation CAB Bruxelles a le plaisir de pr\u00e9senter notre 19\u00e8me artiste-en-r\u00e9sidence, Paloma Bosqu\u00ea (n. 1982, Gar\u00e7a, Br\u00e9sil).\",\"breadcrumb\":{\"@id\":\"https:\\\/\\\/fondationcab.com\\\/fr\\\/open-studio-paloma-bosque#breadcrumb\"},\"inLanguage\":\"fr-FR\",\"potentialAction\":[{\"@type\":\"ReadAction\",\"target\":[\"https:\\\/\\\/fondationcab.com\\\/fr\\\/open-studio-paloma-bosque\"]}]},{\"@type\":\"ImageObject\",\"inLanguage\":\"fr-FR\",\"@id\":\"https:\\\/\\\/fondationcab.com\\\/fr\\\/open-studio-paloma-bosque#primaryimage\",\"url\":\"https:\\\/\\\/fondationcab.com\\\/wp-content\\\/uploads\\\/2022\\\/06\\\/IMG_20220530_110058_698.jpg\",\"contentUrl\":\"https:\\\/\\\/fondationcab.com\\\/wp-content\\\/uploads\\\/2022\\\/06\\\/IMG_20220530_110058_698.jpg\",\"width\":2048,\"height\":1536},{\"@type\":\"BreadcrumbList\",\"@id\":\"https:\\\/\\\/fondationcab.com\\\/fr\\\/open-studio-paloma-bosque#breadcrumb\",\"itemListElement\":[{\"@type\":\"ListItem\",\"position\":1,\"name\":\"Home\",\"item\":\"https:\\\/\\\/fondationcab.com\\\/fr\"},{\"@type\":\"ListItem\",\"position\":2,\"name\":\"Open Studio Paloma Bosqu\u00ea\"}]},{\"@type\":\"WebSite\",\"@id\":\"https:\\\/\\\/fondationcab.com\\\/fr#website\",\"url\":\"https:\\\/\\\/fondationcab.com\\\/fr\",\"name\":\"FONDATION CAB\",\"description\":\"ART CENTER BRUSSELS\",\"publisher\":{\"@id\":\"https:\\\/\\\/fondationcab.com\\\/fr#organization\"},\"potentialAction\":[{\"@type\":\"SearchAction\",\"target\":{\"@type\":\"EntryPoint\",\"urlTemplate\":\"https:\\\/\\\/fondationcab.com\\\/fr?s={search_term_string}\"},\"query-input\":{\"@type\":\"PropertyValueSpecification\",\"valueRequired\":true,\"valueName\":\"search_term_string\"}}],\"inLanguage\":\"fr-FR\"},{\"@type\":\"Organization\",\"@id\":\"https:\\\/\\\/fondationcab.com\\\/fr#organization\",\"name\":\"Fondation CAB\",\"url\":\"https:\\\/\\\/fondationcab.com\\\/fr\",\"logo\":{\"@type\":\"ImageObject\",\"inLanguage\":\"fr-FR\",\"@id\":\"https:\\\/\\\/fondationcab.com\\\/fr#\\\/schema\\\/logo\\\/image\\\/\",\"url\":\"https:\\\/\\\/cab.storycoding.agency\\\/wp-content\\\/uploads\\\/2018\\\/03\\\/fondation_cab_logo.jpg\",\"contentUrl\":\"https:\\\/\\\/cab.storycoding.agency\\\/wp-content\\\/uploads\\\/2018\\\/03\\\/fondation_cab_logo.jpg\",\"width\":250,\"height\":125,\"caption\":\"Fondation CAB\"},\"image\":{\"@id\":\"https:\\\/\\\/fondationcab.com\\\/fr#\\\/schema\\\/logo\\\/image\\\/\"},\"sameAs\":[\"https:\\\/\\\/www.facebook.com\\\/CABContemporaryArt\\\/\",\"https:\\\/\\\/www.instagram.com\\\/fondation_cab\\\/\",\"https:\\\/\\\/www.youtube.com\\\/channel\\\/UC4BG_XNA2Sn1VGimzwU60Aw\"]},{\"@type\":\"Person\",\"@id\":\"https:\\\/\\\/fondationcab.com\\\/fr#\\\/schema\\\/person\\\/97e81405a09028aa359b90ec71ff6bd8\",\"name\":\"eleonore\"}]}<\/script>\n<!-- \/ Yoast SEO plugin. -->","yoast_head_json":{"title":"Open Studio Paloma Bosqu\u00ea - FONDATION CAB","description":"Fondation CAB Bruxelles a le plaisir de pr\u00e9senter notre 19\u00e8me artiste-en-r\u00e9sidence, Paloma Bosqu\u00ea (n. 1982, Gar\u00e7a, Br\u00e9sil).","robots":{"index":"index","follow":"follow","max-snippet":"max-snippet:-1","max-image-preview":"max-image-preview:large","max-video-preview":"max-video-preview:-1"},"canonical":"https:\/\/fondationcab.com\/fr\/open-studio-paloma-bosque","og_locale":"fr_FR","og_type":"article","og_title":"Open Studio Paloma Bosqu\u00ea - FONDATION CAB","og_description":"Fondation CAB Bruxelles a le plaisir de pr\u00e9senter notre 19\u00e8me artiste-en-r\u00e9sidence, Paloma Bosqu\u00ea (n. 1982, Gar\u00e7a, Br\u00e9sil).","og_url":"https:\/\/fondationcab.com\/fr\/open-studio-paloma-bosque","og_site_name":"FONDATION CAB","article_publisher":"https:\/\/www.facebook.com\/CABContemporaryArt\/","article_published_time":"2022-06-01T10:21:41+00:00","article_modified_time":"2022-06-02T10:20:36+00:00","og_image":[{"width":2048,"height":1536,"url":"https:\/\/fondationcab.com\/wp-content\/uploads\/2022\/06\/IMG_20220530_110058_698.jpg","type":"image\/jpeg"}],"author":"eleonore","twitter_card":"summary_large_image","twitter_misc":{"\u00c9crit par":"eleonore","Dur\u00e9e de lecture estim\u00e9e":"1 minute"},"schema":{"@context":"https:\/\/schema.org","@graph":[{"@type":"Article","@id":"https:\/\/fondationcab.com\/fr\/open-studio-paloma-bosque#article","isPartOf":{"@id":"https:\/\/fondationcab.com\/fr\/open-studio-paloma-bosque"},"author":{"name":"eleonore","@id":"https:\/\/fondationcab.com\/fr#\/schema\/person\/97e81405a09028aa359b90ec71ff6bd8"},"headline":"Open Studio Paloma Bosqu\u00ea","datePublished":"2022-06-01T10:21:41+00:00","dateModified":"2022-06-02T10:20:36+00:00","mainEntityOfPage":{"@id":"https:\/\/fondationcab.com\/fr\/open-studio-paloma-bosque"},"wordCount":183,"publisher":{"@id":"https:\/\/fondationcab.com\/fr#organization"},"image":{"@id":"https:\/\/fondationcab.com\/fr\/open-studio-paloma-bosque#primaryimage"},"thumbnailUrl":"https:\/\/fondationcab.com\/wp-content\/uploads\/2022\/06\/IMG_20220530_110058_698.jpg","articleSection":["Non classifi\u00e9(e)"],"inLanguage":"fr-FR"},{"@type":"WebPage","@id":"https:\/\/fondationcab.com\/fr\/open-studio-paloma-bosque","url":"https:\/\/fondationcab.com\/fr\/open-studio-paloma-bosque","name":"Open Studio Paloma Bosqu\u00ea - FONDATION CAB","isPartOf":{"@id":"https:\/\/fondationcab.com\/fr#website"},"primaryImageOfPage":{"@id":"https:\/\/fondationcab.com\/fr\/open-studio-paloma-bosque#primaryimage"},"image":{"@id":"https:\/\/fondationcab.com\/fr\/open-studio-paloma-bosque#primaryimage"},"thumbnailUrl":"https:\/\/fondationcab.com\/wp-content\/uploads\/2022\/06\/IMG_20220530_110058_698.jpg","datePublished":"2022-06-01T10:21:41+00:00","dateModified":"2022-06-02T10:20:36+00:00","description":"Fondation CAB Bruxelles a le plaisir de pr\u00e9senter notre 19\u00e8me artiste-en-r\u00e9sidence, Paloma Bosqu\u00ea (n. 1982, Gar\u00e7a, Br\u00e9sil).","breadcrumb":{"@id":"https:\/\/fondationcab.com\/fr\/open-studio-paloma-bosque#breadcrumb"},"inLanguage":"fr-FR","potentialAction":[{"@type":"ReadAction","target":["https:\/\/fondationcab.com\/fr\/open-studio-paloma-bosque"]}]},{"@type":"ImageObject","inLanguage":"fr-FR","@id":"https:\/\/fondationcab.com\/fr\/open-studio-paloma-bosque#primaryimage","url":"https:\/\/fondationcab.com\/wp-content\/uploads\/2022\/06\/IMG_20220530_110058_698.jpg","contentUrl":"https:\/\/fondationcab.com\/wp-content\/uploads\/2022\/06\/IMG_20220530_110058_698.jpg","width":2048,"height":1536},{"@type":"BreadcrumbList","@id":"https:\/\/fondationcab.com\/fr\/open-studio-paloma-bosque#breadcrumb","itemListElement":[{"@type":"ListItem","position":1,"name":"Home","item":"https:\/\/fondationcab.com\/fr"},{"@type":"ListItem","position":2,"name":"Open Studio Paloma Bosqu\u00ea"}]},{"@type":"WebSite","@id":"https:\/\/fondationcab.com\/fr#website","url":"https:\/\/fondationcab.com\/fr","name":"FONDATION CAB","description":"ART CENTER BRUSSELS","publisher":{"@id":"https:\/\/fondationcab.com\/fr#organization"},"potentialAction":[{"@type":"SearchAction","target":{"@type":"EntryPoint","urlTemplate":"https:\/\/fondationcab.com\/fr?s={search_term_string}"},"query-input":{"@type":"PropertyValueSpecification","valueRequired":true,"valueName":"search_term_string"}}],"inLanguage":"fr-FR"},{"@type":"Organization","@id":"https:\/\/fondationcab.com\/fr#organization","name":"Fondation CAB","url":"https:\/\/fondationcab.com\/fr","logo":{"@type":"ImageObject","inLanguage":"fr-FR","@id":"https:\/\/fondationcab.com\/fr#\/schema\/logo\/image\/","url":"https:\/\/cab.storycoding.agency\/wp-content\/uploads\/2018\/03\/fondation_cab_logo.jpg","contentUrl":"https:\/\/cab.storycoding.agency\/wp-content\/uploads\/2018\/03\/fondation_cab_logo.jpg","width":250,"height":125,"caption":"Fondation CAB"},"image":{"@id":"https:\/\/fondationcab.com\/fr#\/schema\/logo\/image\/"},"sameAs":["https:\/\/www.facebook.com\/CABContemporaryArt\/","https:\/\/www.instagram.com\/fondation_cab\/","https:\/\/www.youtube.com\/channel\/UC4BG_XNA2Sn1VGimzwU60Aw"]},{"@type":"Person","@id":"https:\/\/fondationcab.com\/fr#\/schema\/person\/97e81405a09028aa359b90ec71ff6bd8","name":"eleonore"}]}},"_links":{"self":[{"href":"https:\/\/fondationcab.com\/fr\/wp-json\/wp\/v2\/posts\/8868","targetHints":{"allow":["GET"]}}],"collection":[{"href":"https:\/\/fondationcab.com\/fr\/wp-json\/wp\/v2\/posts"}],"about":[{"href":"https:\/\/fondationcab.com\/fr\/wp-json\/wp\/v2\/types\/post"}],"author":[{"embeddable":true,"href":"https:\/\/fondationcab.com\/fr\/wp-json\/wp\/v2\/users\/4"}],"replies":[{"embeddable":true,"href":"https:\/\/fondationcab.com\/fr\/wp-json\/wp\/v2\/comments?post=8868"}],"version-history":[{"count":3,"href":"https:\/\/fondationcab.com\/fr\/wp-json\/wp\/v2\/posts\/8868\/revisions"}],"predecessor-version":[{"id":8887,"href":"https:\/\/fondationcab.com\/fr\/wp-json\/wp\/v2\/posts\/8868\/revisions\/8887"}],"wp:featuredmedia":[{"embeddable":true,"href":"https:\/\/fondationcab.com\/fr\/wp-json\/wp\/v2\/media\/8866"}],"wp:attachment":[{"href":"https:\/\/fondationcab.com\/fr\/wp-json\/wp\/v2\/media?parent=8868"}],"wp:term":[{"taxonomy":"category","embeddable":true,"href":"https:\/\/fondationcab.com\/fr\/wp-json\/wp\/v2\/categories?post=8868"},{"taxonomy":"post_tag","embeddable":true,"href":"https:\/\/fondationcab.com\/fr\/wp-json\/wp\/v2\/tags?post=8868"}],"curies":[{"name":"wp","href":"https:\/\/api.w.org\/{rel}","templated":true}]}}