{"id":9422,"date":"2022-10-07T15:05:55","date_gmt":"2022-10-07T13:05:55","guid":{"rendered":"https:\/\/fondationcab.com\/?p=9422"},"modified":"2022-10-07T15:06:48","modified_gmt":"2022-10-07T13:06:48","slug":"un-atelier-creatif-pour-enfants","status":"publish","type":"post","link":"https:\/\/fondationcab.com\/fr\/un-atelier-creatif-pour-enfants","title":{"rendered":"Un atelier cr\u00e9atif pour enfants"},"content":{"rendered":"<p><strong><u>Informations pratiques :<\/u><br \/>\nActivit\u00e9 pour les enfants de 4 \u00e0 10 ans<br \/>\nMercredi 12 octobre de 14h \u00e0 16h<br \/>\nL&rsquo;atelier sera en fran\u00e7ais<br \/>\nVeuillez noter que les places sont limit\u00e9es<br \/>\nConfirmation de l&rsquo;inscription apr\u00e8s paiement de 10 \u20ac sur le compte BE60 0018 4789 5870<br \/>\n(communication : Workshop + le nom de l&rsquo;enfant + votre e-mail)<\/strong><\/p>\n","protected":false},"excerpt":{"rendered":"<p>Informations pratiques : Activit\u00e9 pour les enfants de 4 \u00e0 10 ans Mercredi 12 octobre de 14h \u00e0 16h L&rsquo;atelier sera en fran\u00e7ais Veuillez noter que les places sont limit\u00e9es Confirmation de l&rsquo;inscription apr\u00e8s paiement de 10 \u20ac sur le compte BE60 0018 4789 5870 (communication : Workshop + le nom de l&rsquo;enfant + votre&nbsp; <a href=\"https:\/\/fondationcab.com\/fr\/un-atelier-creatif-pour-enfants\">&hellip; Read more <i class=\"glyphicon glyphicon-arrow-right\"><\/i><\/a><\/p>\n","protected":false},"author":4,"featured_media":9420,"comment_status":"closed","ping_status":"closed","sticky":false,"template":"","format":"standard","meta":{"_acf_changed":false,"footnotes":""},"categories":[9],"tags":[],"class_list":["post-9422","post","type-post","status-publish","format-standard","has-post-thumbnail","hentry","category-non-classifiee","cities-bruxelles"],"acf":[],"yoast_head":"<!-- This site is optimized with the Yoast SEO plugin v27.5 - https:\/\/yoast.com\/product\/yoast-seo-wordpress\/ -->\n<title>Un atelier cr\u00e9atif pour enfants - FONDATION CAB<\/title>\n<meta name=\"description\" content=\"\u00c0 l&#039;occasion de l&#039;exposition On the Lookout, la Fondation CAB de Bruxelles invite vos enfants \u00e0 un atelier cr\u00e9atif. \u00c0 travers des activit\u00e9s ludiques, ils seront guid\u00e9s pour d\u00e9velopper leur sens de l&#039;observation et leur cr\u00e9ativit\u00e9. Une visite interactive de l&#039;exposition sera \u00e9galement propos\u00e9e, suivi d&#039;un go\u00fbter.\" \/>\n<meta name=\"robots\" content=\"index, follow, max-snippet:-1, max-image-preview:large, max-video-preview:-1\" \/>\n<link rel=\"canonical\" href=\"https:\/\/fondationcab.com\/fr\/un-atelier-creatif-pour-enfants\" \/>\n<meta property=\"og:locale\" content=\"fr_FR\" \/>\n<meta property=\"og:type\" content=\"article\" \/>\n<meta property=\"og:title\" content=\"Un atelier cr\u00e9atif pour enfants - FONDATION CAB\" \/>\n<meta property=\"og:description\" content=\"\u00c0 l&#039;occasion de l&#039;exposition On the Lookout, la Fondation CAB de Bruxelles invite vos enfants \u00e0 un atelier cr\u00e9atif. \u00c0 travers des activit\u00e9s ludiques, ils seront guid\u00e9s pour d\u00e9velopper leur sens de l&#039;observation et leur cr\u00e9ativit\u00e9. Une visite interactive de l&#039;exposition sera \u00e9galement propos\u00e9e, suivi d&#039;un go\u00fbter.\" \/>\n<meta property=\"og:url\" content=\"https:\/\/fondationcab.com\/fr\/un-atelier-creatif-pour-enfants\" \/>\n<meta property=\"og:site_name\" content=\"FONDATION CAB\" \/>\n<meta property=\"article:publisher\" content=\"https:\/\/www.facebook.com\/CABContemporaryArt\/\" \/>\n<meta property=\"article:published_time\" content=\"2022-10-07T13:05:55+00:00\" \/>\n<meta property=\"article:modified_time\" content=\"2022-10-07T13:06:48+00:00\" \/>\n<meta property=\"og:image\" content=\"https:\/\/fondationcab.com\/wp-content\/uploads\/2022\/10\/IMG-20220608-WA0015-9900000000079e3c.jpg\" \/>\n\t<meta property=\"og:image:width\" content=\"900\" \/>\n\t<meta property=\"og:image:height\" content=\"675\" \/>\n\t<meta property=\"og:image:type\" content=\"image\/jpeg\" \/>\n<meta name=\"author\" content=\"eleonore\" \/>\n<meta name=\"twitter:card\" content=\"summary_large_image\" \/>\n<meta name=\"twitter:label1\" content=\"\u00c9crit par\" \/>\n\t<meta name=\"twitter:data1\" content=\"eleonore\" \/>\n\t<meta name=\"twitter:label2\" content=\"Dur\u00e9e de lecture estim\u00e9e\" \/>\n\t<meta name=\"twitter:data2\" content=\"1 minute\" \/>\n<script type=\"application\/ld+json\" class=\"yoast-schema-graph\">{\"@context\":\"https:\\\/\\\/schema.org\",\"@graph\":[{\"@type\":\"Article\",\"@id\":\"https:\\\/\\\/fondationcab.com\\\/fr\\\/un-atelier-creatif-pour-enfants#article\",\"isPartOf\":{\"@id\":\"https:\\\/\\\/fondationcab.com\\\/fr\\\/un-atelier-creatif-pour-enfants\"},\"author\":{\"name\":\"eleonore\",\"@id\":\"https:\\\/\\\/fondationcab.com\\\/fr#\\\/schema\\\/person\\\/97e81405a09028aa359b90ec71ff6bd8\"},\"headline\":\"Un atelier cr\u00e9atif pour enfants\",\"datePublished\":\"2022-10-07T13:05:55+00:00\",\"dateModified\":\"2022-10-07T13:06:48+00:00\",\"mainEntityOfPage\":{\"@id\":\"https:\\\/\\\/fondationcab.com\\\/fr\\\/un-atelier-creatif-pour-enfants\"},\"wordCount\":54,\"publisher\":{\"@id\":\"https:\\\/\\\/fondationcab.com\\\/fr#organization\"},\"image\":{\"@id\":\"https:\\\/\\\/fondationcab.com\\\/fr\\\/un-atelier-creatif-pour-enfants#primaryimage\"},\"thumbnailUrl\":\"https:\\\/\\\/fondationcab.com\\\/wp-content\\\/uploads\\\/2022\\\/10\\\/IMG-20220608-WA0015-9900000000079e3c.jpg\",\"articleSection\":[\"Non classifi\u00e9(e)\"],\"inLanguage\":\"fr-FR\"},{\"@type\":\"WebPage\",\"@id\":\"https:\\\/\\\/fondationcab.com\\\/fr\\\/un-atelier-creatif-pour-enfants\",\"url\":\"https:\\\/\\\/fondationcab.com\\\/fr\\\/un-atelier-creatif-pour-enfants\",\"name\":\"Un atelier cr\u00e9atif pour enfants - FONDATION CAB\",\"isPartOf\":{\"@id\":\"https:\\\/\\\/fondationcab.com\\\/fr#website\"},\"primaryImageOfPage\":{\"@id\":\"https:\\\/\\\/fondationcab.com\\\/fr\\\/un-atelier-creatif-pour-enfants#primaryimage\"},\"image\":{\"@id\":\"https:\\\/\\\/fondationcab.com\\\/fr\\\/un-atelier-creatif-pour-enfants#primaryimage\"},\"thumbnailUrl\":\"https:\\\/\\\/fondationcab.com\\\/wp-content\\\/uploads\\\/2022\\\/10\\\/IMG-20220608-WA0015-9900000000079e3c.jpg\",\"datePublished\":\"2022-10-07T13:05:55+00:00\",\"dateModified\":\"2022-10-07T13:06:48+00:00\",\"description\":\"\u00c0 l'occasion de l'exposition On the Lookout, la Fondation CAB de Bruxelles invite vos enfants \u00e0 un atelier cr\u00e9atif. \u00c0 travers des activit\u00e9s ludiques, ils seront guid\u00e9s pour d\u00e9velopper leur sens de l'observation et leur cr\u00e9ativit\u00e9. Une visite interactive de l'exposition sera \u00e9galement propos\u00e9e, suivi d'un go\u00fbter.\",\"breadcrumb\":{\"@id\":\"https:\\\/\\\/fondationcab.com\\\/fr\\\/un-atelier-creatif-pour-enfants#breadcrumb\"},\"inLanguage\":\"fr-FR\",\"potentialAction\":[{\"@type\":\"ReadAction\",\"target\":[\"https:\\\/\\\/fondationcab.com\\\/fr\\\/un-atelier-creatif-pour-enfants\"]}]},{\"@type\":\"ImageObject\",\"inLanguage\":\"fr-FR\",\"@id\":\"https:\\\/\\\/fondationcab.com\\\/fr\\\/un-atelier-creatif-pour-enfants#primaryimage\",\"url\":\"https:\\\/\\\/fondationcab.com\\\/wp-content\\\/uploads\\\/2022\\\/10\\\/IMG-20220608-WA0015-9900000000079e3c.jpg\",\"contentUrl\":\"https:\\\/\\\/fondationcab.com\\\/wp-content\\\/uploads\\\/2022\\\/10\\\/IMG-20220608-WA0015-9900000000079e3c.jpg\",\"width\":900,\"height\":675},{\"@type\":\"BreadcrumbList\",\"@id\":\"https:\\\/\\\/fondationcab.com\\\/fr\\\/un-atelier-creatif-pour-enfants#breadcrumb\",\"itemListElement\":[{\"@type\":\"ListItem\",\"position\":1,\"name\":\"Home\",\"item\":\"https:\\\/\\\/fondationcab.com\\\/fr\"},{\"@type\":\"ListItem\",\"position\":2,\"name\":\"Un atelier cr\u00e9atif pour enfants\"}]},{\"@type\":\"WebSite\",\"@id\":\"https:\\\/\\\/fondationcab.com\\\/fr#website\",\"url\":\"https:\\\/\\\/fondationcab.com\\\/fr\",\"name\":\"FONDATION CAB\",\"description\":\"ART CENTER BRUSSELS\",\"publisher\":{\"@id\":\"https:\\\/\\\/fondationcab.com\\\/fr#organization\"},\"potentialAction\":[{\"@type\":\"SearchAction\",\"target\":{\"@type\":\"EntryPoint\",\"urlTemplate\":\"https:\\\/\\\/fondationcab.com\\\/fr?s={search_term_string}\"},\"query-input\":{\"@type\":\"PropertyValueSpecification\",\"valueRequired\":true,\"valueName\":\"search_term_string\"}}],\"inLanguage\":\"fr-FR\"},{\"@type\":\"Organization\",\"@id\":\"https:\\\/\\\/fondationcab.com\\\/fr#organization\",\"name\":\"Fondation CAB\",\"url\":\"https:\\\/\\\/fondationcab.com\\\/fr\",\"logo\":{\"@type\":\"ImageObject\",\"inLanguage\":\"fr-FR\",\"@id\":\"https:\\\/\\\/fondationcab.com\\\/fr#\\\/schema\\\/logo\\\/image\\\/\",\"url\":\"https:\\\/\\\/cab.storycoding.agency\\\/wp-content\\\/uploads\\\/2018\\\/03\\\/fondation_cab_logo.jpg\",\"contentUrl\":\"https:\\\/\\\/cab.storycoding.agency\\\/wp-content\\\/uploads\\\/2018\\\/03\\\/fondation_cab_logo.jpg\",\"width\":250,\"height\":125,\"caption\":\"Fondation CAB\"},\"image\":{\"@id\":\"https:\\\/\\\/fondationcab.com\\\/fr#\\\/schema\\\/logo\\\/image\\\/\"},\"sameAs\":[\"https:\\\/\\\/www.facebook.com\\\/CABContemporaryArt\\\/\",\"https:\\\/\\\/www.instagram.com\\\/fondation_cab\\\/\",\"https:\\\/\\\/www.youtube.com\\\/channel\\\/UC4BG_XNA2Sn1VGimzwU60Aw\"]},{\"@type\":\"Person\",\"@id\":\"https:\\\/\\\/fondationcab.com\\\/fr#\\\/schema\\\/person\\\/97e81405a09028aa359b90ec71ff6bd8\",\"name\":\"eleonore\"}]}<\/script>\n<!-- \/ Yoast SEO plugin. -->","yoast_head_json":{"title":"Un atelier cr\u00e9atif pour enfants - FONDATION CAB","description":"\u00c0 l'occasion de l'exposition On the Lookout, la Fondation CAB de Bruxelles invite vos enfants \u00e0 un atelier cr\u00e9atif. \u00c0 travers des activit\u00e9s ludiques, ils seront guid\u00e9s pour d\u00e9velopper leur sens de l'observation et leur cr\u00e9ativit\u00e9. Une visite interactive de l'exposition sera \u00e9galement propos\u00e9e, suivi d'un go\u00fbter.","robots":{"index":"index","follow":"follow","max-snippet":"max-snippet:-1","max-image-preview":"max-image-preview:large","max-video-preview":"max-video-preview:-1"},"canonical":"https:\/\/fondationcab.com\/fr\/un-atelier-creatif-pour-enfants","og_locale":"fr_FR","og_type":"article","og_title":"Un atelier cr\u00e9atif pour enfants - FONDATION CAB","og_description":"\u00c0 l'occasion de l'exposition On the Lookout, la Fondation CAB de Bruxelles invite vos enfants \u00e0 un atelier cr\u00e9atif. \u00c0 travers des activit\u00e9s ludiques, ils seront guid\u00e9s pour d\u00e9velopper leur sens de l'observation et leur cr\u00e9ativit\u00e9. Une visite interactive de l'exposition sera \u00e9galement propos\u00e9e, suivi d'un go\u00fbter.","og_url":"https:\/\/fondationcab.com\/fr\/un-atelier-creatif-pour-enfants","og_site_name":"FONDATION CAB","article_publisher":"https:\/\/www.facebook.com\/CABContemporaryArt\/","article_published_time":"2022-10-07T13:05:55+00:00","article_modified_time":"2022-10-07T13:06:48+00:00","og_image":[{"width":900,"height":675,"url":"https:\/\/fondationcab.com\/wp-content\/uploads\/2022\/10\/IMG-20220608-WA0015-9900000000079e3c.jpg","type":"image\/jpeg"}],"author":"eleonore","twitter_card":"summary_large_image","twitter_misc":{"\u00c9crit par":"eleonore","Dur\u00e9e de lecture estim\u00e9e":"1 minute"},"schema":{"@context":"https:\/\/schema.org","@graph":[{"@type":"Article","@id":"https:\/\/fondationcab.com\/fr\/un-atelier-creatif-pour-enfants#article","isPartOf":{"@id":"https:\/\/fondationcab.com\/fr\/un-atelier-creatif-pour-enfants"},"author":{"name":"eleonore","@id":"https:\/\/fondationcab.com\/fr#\/schema\/person\/97e81405a09028aa359b90ec71ff6bd8"},"headline":"Un atelier cr\u00e9atif pour enfants","datePublished":"2022-10-07T13:05:55+00:00","dateModified":"2022-10-07T13:06:48+00:00","mainEntityOfPage":{"@id":"https:\/\/fondationcab.com\/fr\/un-atelier-creatif-pour-enfants"},"wordCount":54,"publisher":{"@id":"https:\/\/fondationcab.com\/fr#organization"},"image":{"@id":"https:\/\/fondationcab.com\/fr\/un-atelier-creatif-pour-enfants#primaryimage"},"thumbnailUrl":"https:\/\/fondationcab.com\/wp-content\/uploads\/2022\/10\/IMG-20220608-WA0015-9900000000079e3c.jpg","articleSection":["Non classifi\u00e9(e)"],"inLanguage":"fr-FR"},{"@type":"WebPage","@id":"https:\/\/fondationcab.com\/fr\/un-atelier-creatif-pour-enfants","url":"https:\/\/fondationcab.com\/fr\/un-atelier-creatif-pour-enfants","name":"Un atelier cr\u00e9atif pour enfants - FONDATION CAB","isPartOf":{"@id":"https:\/\/fondationcab.com\/fr#website"},"primaryImageOfPage":{"@id":"https:\/\/fondationcab.com\/fr\/un-atelier-creatif-pour-enfants#primaryimage"},"image":{"@id":"https:\/\/fondationcab.com\/fr\/un-atelier-creatif-pour-enfants#primaryimage"},"thumbnailUrl":"https:\/\/fondationcab.com\/wp-content\/uploads\/2022\/10\/IMG-20220608-WA0015-9900000000079e3c.jpg","datePublished":"2022-10-07T13:05:55+00:00","dateModified":"2022-10-07T13:06:48+00:00","description":"\u00c0 l'occasion de l'exposition On the Lookout, la Fondation CAB de Bruxelles invite vos enfants \u00e0 un atelier cr\u00e9atif. \u00c0 travers des activit\u00e9s ludiques, ils seront guid\u00e9s pour d\u00e9velopper leur sens de l'observation et leur cr\u00e9ativit\u00e9. Une visite interactive de l'exposition sera \u00e9galement propos\u00e9e, suivi d'un go\u00fbter.","breadcrumb":{"@id":"https:\/\/fondationcab.com\/fr\/un-atelier-creatif-pour-enfants#breadcrumb"},"inLanguage":"fr-FR","potentialAction":[{"@type":"ReadAction","target":["https:\/\/fondationcab.com\/fr\/un-atelier-creatif-pour-enfants"]}]},{"@type":"ImageObject","inLanguage":"fr-FR","@id":"https:\/\/fondationcab.com\/fr\/un-atelier-creatif-pour-enfants#primaryimage","url":"https:\/\/fondationcab.com\/wp-content\/uploads\/2022\/10\/IMG-20220608-WA0015-9900000000079e3c.jpg","contentUrl":"https:\/\/fondationcab.com\/wp-content\/uploads\/2022\/10\/IMG-20220608-WA0015-9900000000079e3c.jpg","width":900,"height":675},{"@type":"BreadcrumbList","@id":"https:\/\/fondationcab.com\/fr\/un-atelier-creatif-pour-enfants#breadcrumb","itemListElement":[{"@type":"ListItem","position":1,"name":"Home","item":"https:\/\/fondationcab.com\/fr"},{"@type":"ListItem","position":2,"name":"Un atelier cr\u00e9atif pour enfants"}]},{"@type":"WebSite","@id":"https:\/\/fondationcab.com\/fr#website","url":"https:\/\/fondationcab.com\/fr","name":"FONDATION CAB","description":"ART CENTER BRUSSELS","publisher":{"@id":"https:\/\/fondationcab.com\/fr#organization"},"potentialAction":[{"@type":"SearchAction","target":{"@type":"EntryPoint","urlTemplate":"https:\/\/fondationcab.com\/fr?s={search_term_string}"},"query-input":{"@type":"PropertyValueSpecification","valueRequired":true,"valueName":"search_term_string"}}],"inLanguage":"fr-FR"},{"@type":"Organization","@id":"https:\/\/fondationcab.com\/fr#organization","name":"Fondation CAB","url":"https:\/\/fondationcab.com\/fr","logo":{"@type":"ImageObject","inLanguage":"fr-FR","@id":"https:\/\/fondationcab.com\/fr#\/schema\/logo\/image\/","url":"https:\/\/cab.storycoding.agency\/wp-content\/uploads\/2018\/03\/fondation_cab_logo.jpg","contentUrl":"https:\/\/cab.storycoding.agency\/wp-content\/uploads\/2018\/03\/fondation_cab_logo.jpg","width":250,"height":125,"caption":"Fondation CAB"},"image":{"@id":"https:\/\/fondationcab.com\/fr#\/schema\/logo\/image\/"},"sameAs":["https:\/\/www.facebook.com\/CABContemporaryArt\/","https:\/\/www.instagram.com\/fondation_cab\/","https:\/\/www.youtube.com\/channel\/UC4BG_XNA2Sn1VGimzwU60Aw"]},{"@type":"Person","@id":"https:\/\/fondationcab.com\/fr#\/schema\/person\/97e81405a09028aa359b90ec71ff6bd8","name":"eleonore"}]}},"_links":{"self":[{"href":"https:\/\/fondationcab.com\/fr\/wp-json\/wp\/v2\/posts\/9422","targetHints":{"allow":["GET"]}}],"collection":[{"href":"https:\/\/fondationcab.com\/fr\/wp-json\/wp\/v2\/posts"}],"about":[{"href":"https:\/\/fondationcab.com\/fr\/wp-json\/wp\/v2\/types\/post"}],"author":[{"embeddable":true,"href":"https:\/\/fondationcab.com\/fr\/wp-json\/wp\/v2\/users\/4"}],"replies":[{"embeddable":true,"href":"https:\/\/fondationcab.com\/fr\/wp-json\/wp\/v2\/comments?post=9422"}],"version-history":[{"count":1,"href":"https:\/\/fondationcab.com\/fr\/wp-json\/wp\/v2\/posts\/9422\/revisions"}],"predecessor-version":[{"id":9423,"href":"https:\/\/fondationcab.com\/fr\/wp-json\/wp\/v2\/posts\/9422\/revisions\/9423"}],"wp:featuredmedia":[{"embeddable":true,"href":"https:\/\/fondationcab.com\/fr\/wp-json\/wp\/v2\/media\/9420"}],"wp:attachment":[{"href":"https:\/\/fondationcab.com\/fr\/wp-json\/wp\/v2\/media?parent=9422"}],"wp:term":[{"taxonomy":"category","embeddable":true,"href":"https:\/\/fondationcab.com\/fr\/wp-json\/wp\/v2\/categories?post=9422"},{"taxonomy":"post_tag","embeddable":true,"href":"https:\/\/fondationcab.com\/fr\/wp-json\/wp\/v2\/tags?post=9422"}],"curies":[{"name":"wp","href":"https:\/\/api.w.org\/{rel}","templated":true}]}}