{"id":9959,"date":"2023-01-04T16:10:23","date_gmt":"2023-01-04T14:10:23","guid":{"rendered":"https:\/\/fondationcab.com\/open-studio-artist-in-residence-2"},"modified":"2023-01-05T16:07:13","modified_gmt":"2023-01-05T14:07:13","slug":"open-studio-artist-in-residence-2","status":"publish","type":"post","link":"https:\/\/fondationcab.com\/fr\/open-studio-artist-in-residence-2","title":{"rendered":"OPEN STUDIO ARTISTE EN R\u00c9SIDENCE"},"content":{"rendered":"<div class=\"\">\n<div class=\"intro\">\n<div class=\"intro\">\n<p style=\"font-weight: 400; text-align: right;\">\u00ab\u00a0Je sais comment ma musique commence, mais pas comment elle finit. Tout d\u00e9pend des conditions spatiales. Chaque performance est diff\u00e9rente. C&rsquo;est ce qui rend la chose int\u00e9ressante.\u00a0\u00bb<\/p>\n<p style=\"font-weight: 400;\">Sander De Keere (Gand, 1992) est un animateur radio, compositeur et musicien belge de musique classique minimale.<\/p>\n<p style=\"font-weight: 400;\">En janvier 2022, Sander a sorti son premier album\u00a0<em>Primitive Structures\u00a0<\/em>sur le label W.E.R.F. records, avec de nouvelles perspectives sur la fronti\u00e8re entre les motifs conceptuels et r\u00e9p\u00e9titifs. Sa pratique musicale s\u2019\u00e9quilibre entre la composition et l\u2019interpr\u00e9tation, le r\u00e9p\u00e9titif et l\u2019immobilit\u00e9, la musique conceptuelle et narrative.<\/p>\n<p style=\"font-weight: 400;\">Inspir\u00e9 par la salle d&rsquo;exposition et la collection, Sander explorera le dialogue entre les compositions musicales en tant qu&rsquo;\u0153uvres conceptuelles et les pi\u00e8ces musicales concr\u00e8tes.<\/p>\n<p style=\"font-weight: 400; text-align: right;\">\u00ab\u00a0Je trouve fascinant de rechercher la r\u00e9p\u00e9tition avec une variation subtile. Par exemple, combien de temps pouvez-vous proclamer la m\u00eame phrase sans que cela ne devienne monotone ? Il y a une quantit\u00e9 surprenante de musique dans la voix humaine. Un bon discours est rythm\u00e9 et m\u00e9lodique. On peut dire la m\u00eame phrase de cent fa\u00e7ons diff\u00e9rentes. J&rsquo;explore la musicalit\u00e9 dans la phrase.\u00a0\u00bb<\/p>\n<p style=\"font-weight: 400;\">Pour son concert en studio ouvert du samedi 21 janvier 2023 dans le cadre de l\u2019exposition ON THE LOOKOUT, Sander invitera quelques musiciens, dont le saxophoniste Maarten Vergauwen.<\/p>\n<\/div>\n<\/div>\n<\/div>\n","protected":false},"excerpt":{"rendered":"<p>\u00ab\u00a0Je sais comment ma musique commence, mais pas comment elle finit. Tout d\u00e9pend des conditions spatiales. Chaque performance est diff\u00e9rente. C&rsquo;est ce qui rend la chose int\u00e9ressante.\u00a0\u00bb Sander De Keere (Gand, 1992) est un animateur radio, compositeur et musicien belge de musique classique minimale. En janvier 2022, Sander a sorti son premier album\u00a0Primitive Structures\u00a0sur le&nbsp; <a href=\"https:\/\/fondationcab.com\/fr\/open-studio-artist-in-residence-2\">&hellip; Read more <i class=\"glyphicon glyphicon-arrow-right\"><\/i><\/a><\/p>\n","protected":false},"author":4,"featured_media":9921,"comment_status":"closed","ping_status":"closed","sticky":false,"template":"","format":"standard","meta":{"_acf_changed":false,"footnotes":""},"categories":[9],"tags":[],"class_list":["post-9959","post","type-post","status-publish","format-standard","has-post-thumbnail","hentry","category-non-classifiee","cities-bruxelles"],"acf":[],"yoast_head":"<!-- This site is optimized with the Yoast SEO plugin v27.5 - https:\/\/yoast.com\/product\/yoast-seo-wordpress\/ -->\n<title>OPEN STUDIO ARTISTE EN R\u00c9SIDENCE - FONDATION CAB<\/title>\n<meta name=\"description\" content=\"Pour cl\u00f4turer sa r\u00e9sidence, Sander De Keere ouvrira les portes de son studio \u00e0 Bruxelles le Samedi 21 Janvier \u00e0 15 heures avec une performance dans l&#039;exposition ON THE LOOKOUT.\" \/>\n<meta name=\"robots\" content=\"index, follow, max-snippet:-1, max-image-preview:large, max-video-preview:-1\" \/>\n<link rel=\"canonical\" href=\"https:\/\/fondationcab.com\/fr\/open-studio-artist-in-residence-2\" \/>\n<meta property=\"og:locale\" content=\"fr_FR\" \/>\n<meta property=\"og:type\" content=\"article\" \/>\n<meta property=\"og:title\" content=\"OPEN STUDIO ARTISTE EN R\u00c9SIDENCE - FONDATION CAB\" \/>\n<meta property=\"og:description\" content=\"Pour cl\u00f4turer sa r\u00e9sidence, Sander De Keere ouvrira les portes de son studio \u00e0 Bruxelles le Samedi 21 Janvier \u00e0 15 heures avec une performance dans l&#039;exposition ON THE LOOKOUT.\" \/>\n<meta property=\"og:url\" content=\"https:\/\/fondationcab.com\/fr\/open-studio-artist-in-residence-2\" \/>\n<meta property=\"og:site_name\" content=\"FONDATION CAB\" \/>\n<meta property=\"article:publisher\" content=\"https:\/\/www.facebook.com\/CABContemporaryArt\/\" \/>\n<meta property=\"article:published_time\" content=\"2023-01-04T14:10:23+00:00\" \/>\n<meta property=\"article:modified_time\" content=\"2023-01-05T14:07:13+00:00\" \/>\n<meta property=\"og:image\" content=\"https:\/\/fondationcab.com\/wp-content\/uploads\/2022\/12\/Sander_Fondation_CAB_HIGH-5-scaled.jpg\" \/>\n\t<meta property=\"og:image:width\" content=\"2560\" \/>\n\t<meta property=\"og:image:height\" content=\"1707\" \/>\n\t<meta property=\"og:image:type\" content=\"image\/jpeg\" \/>\n<meta name=\"author\" content=\"eleonore\" \/>\n<meta name=\"twitter:card\" content=\"summary_large_image\" \/>\n<meta name=\"twitter:label1\" content=\"\u00c9crit par\" \/>\n\t<meta name=\"twitter:data1\" content=\"eleonore\" \/>\n\t<meta name=\"twitter:label2\" content=\"Dur\u00e9e de lecture estim\u00e9e\" \/>\n\t<meta name=\"twitter:data2\" content=\"1 minute\" \/>\n<script type=\"application\/ld+json\" class=\"yoast-schema-graph\">{\"@context\":\"https:\\\/\\\/schema.org\",\"@graph\":[{\"@type\":\"Article\",\"@id\":\"https:\\\/\\\/fondationcab.com\\\/fr\\\/open-studio-artist-in-residence-2#article\",\"isPartOf\":{\"@id\":\"https:\\\/\\\/fondationcab.com\\\/fr\\\/open-studio-artist-in-residence-2\"},\"author\":{\"name\":\"eleonore\",\"@id\":\"https:\\\/\\\/fondationcab.com\\\/fr#\\\/schema\\\/person\\\/97e81405a09028aa359b90ec71ff6bd8\"},\"headline\":\"OPEN STUDIO ARTISTE EN R\u00c9SIDENCE\",\"datePublished\":\"2023-01-04T14:10:23+00:00\",\"dateModified\":\"2023-01-05T14:07:13+00:00\",\"mainEntityOfPage\":{\"@id\":\"https:\\\/\\\/fondationcab.com\\\/fr\\\/open-studio-artist-in-residence-2\"},\"wordCount\":237,\"publisher\":{\"@id\":\"https:\\\/\\\/fondationcab.com\\\/fr#organization\"},\"image\":{\"@id\":\"https:\\\/\\\/fondationcab.com\\\/fr\\\/open-studio-artist-in-residence-2#primaryimage\"},\"thumbnailUrl\":\"https:\\\/\\\/fondationcab.com\\\/wp-content\\\/uploads\\\/2022\\\/12\\\/Sander_Fondation_CAB_HIGH-5-scaled.jpg\",\"articleSection\":[\"Non classifi\u00e9(e)\"],\"inLanguage\":\"fr-FR\"},{\"@type\":\"WebPage\",\"@id\":\"https:\\\/\\\/fondationcab.com\\\/fr\\\/open-studio-artist-in-residence-2\",\"url\":\"https:\\\/\\\/fondationcab.com\\\/fr\\\/open-studio-artist-in-residence-2\",\"name\":\"OPEN STUDIO ARTISTE EN R\u00c9SIDENCE - FONDATION CAB\",\"isPartOf\":{\"@id\":\"https:\\\/\\\/fondationcab.com\\\/fr#website\"},\"primaryImageOfPage\":{\"@id\":\"https:\\\/\\\/fondationcab.com\\\/fr\\\/open-studio-artist-in-residence-2#primaryimage\"},\"image\":{\"@id\":\"https:\\\/\\\/fondationcab.com\\\/fr\\\/open-studio-artist-in-residence-2#primaryimage\"},\"thumbnailUrl\":\"https:\\\/\\\/fondationcab.com\\\/wp-content\\\/uploads\\\/2022\\\/12\\\/Sander_Fondation_CAB_HIGH-5-scaled.jpg\",\"datePublished\":\"2023-01-04T14:10:23+00:00\",\"dateModified\":\"2023-01-05T14:07:13+00:00\",\"description\":\"Pour cl\u00f4turer sa r\u00e9sidence, Sander De Keere ouvrira les portes de son studio \u00e0 Bruxelles le Samedi 21 Janvier \u00e0 15 heures avec une performance dans l'exposition ON THE LOOKOUT.\",\"breadcrumb\":{\"@id\":\"https:\\\/\\\/fondationcab.com\\\/fr\\\/open-studio-artist-in-residence-2#breadcrumb\"},\"inLanguage\":\"fr-FR\",\"potentialAction\":[{\"@type\":\"ReadAction\",\"target\":[\"https:\\\/\\\/fondationcab.com\\\/fr\\\/open-studio-artist-in-residence-2\"]}]},{\"@type\":\"ImageObject\",\"inLanguage\":\"fr-FR\",\"@id\":\"https:\\\/\\\/fondationcab.com\\\/fr\\\/open-studio-artist-in-residence-2#primaryimage\",\"url\":\"https:\\\/\\\/fondationcab.com\\\/wp-content\\\/uploads\\\/2022\\\/12\\\/Sander_Fondation_CAB_HIGH-5-scaled.jpg\",\"contentUrl\":\"https:\\\/\\\/fondationcab.com\\\/wp-content\\\/uploads\\\/2022\\\/12\\\/Sander_Fondation_CAB_HIGH-5-scaled.jpg\",\"width\":2560,\"height\":1707},{\"@type\":\"BreadcrumbList\",\"@id\":\"https:\\\/\\\/fondationcab.com\\\/fr\\\/open-studio-artist-in-residence-2#breadcrumb\",\"itemListElement\":[{\"@type\":\"ListItem\",\"position\":1,\"name\":\"Home\",\"item\":\"https:\\\/\\\/fondationcab.com\\\/fr\"},{\"@type\":\"ListItem\",\"position\":2,\"name\":\"OPEN STUDIO ARTISTE EN R\u00c9SIDENCE\"}]},{\"@type\":\"WebSite\",\"@id\":\"https:\\\/\\\/fondationcab.com\\\/fr#website\",\"url\":\"https:\\\/\\\/fondationcab.com\\\/fr\",\"name\":\"FONDATION CAB\",\"description\":\"ART CENTER BRUSSELS\",\"publisher\":{\"@id\":\"https:\\\/\\\/fondationcab.com\\\/fr#organization\"},\"potentialAction\":[{\"@type\":\"SearchAction\",\"target\":{\"@type\":\"EntryPoint\",\"urlTemplate\":\"https:\\\/\\\/fondationcab.com\\\/fr?s={search_term_string}\"},\"query-input\":{\"@type\":\"PropertyValueSpecification\",\"valueRequired\":true,\"valueName\":\"search_term_string\"}}],\"inLanguage\":\"fr-FR\"},{\"@type\":\"Organization\",\"@id\":\"https:\\\/\\\/fondationcab.com\\\/fr#organization\",\"name\":\"Fondation CAB\",\"url\":\"https:\\\/\\\/fondationcab.com\\\/fr\",\"logo\":{\"@type\":\"ImageObject\",\"inLanguage\":\"fr-FR\",\"@id\":\"https:\\\/\\\/fondationcab.com\\\/fr#\\\/schema\\\/logo\\\/image\\\/\",\"url\":\"https:\\\/\\\/cab.storycoding.agency\\\/wp-content\\\/uploads\\\/2018\\\/03\\\/fondation_cab_logo.jpg\",\"contentUrl\":\"https:\\\/\\\/cab.storycoding.agency\\\/wp-content\\\/uploads\\\/2018\\\/03\\\/fondation_cab_logo.jpg\",\"width\":250,\"height\":125,\"caption\":\"Fondation CAB\"},\"image\":{\"@id\":\"https:\\\/\\\/fondationcab.com\\\/fr#\\\/schema\\\/logo\\\/image\\\/\"},\"sameAs\":[\"https:\\\/\\\/www.facebook.com\\\/CABContemporaryArt\\\/\",\"https:\\\/\\\/www.instagram.com\\\/fondation_cab\\\/\",\"https:\\\/\\\/www.youtube.com\\\/channel\\\/UC4BG_XNA2Sn1VGimzwU60Aw\"]},{\"@type\":\"Person\",\"@id\":\"https:\\\/\\\/fondationcab.com\\\/fr#\\\/schema\\\/person\\\/97e81405a09028aa359b90ec71ff6bd8\",\"name\":\"eleonore\"}]}<\/script>\n<!-- \/ Yoast SEO plugin. -->","yoast_head_json":{"title":"OPEN STUDIO ARTISTE EN R\u00c9SIDENCE - FONDATION CAB","description":"Pour cl\u00f4turer sa r\u00e9sidence, Sander De Keere ouvrira les portes de son studio \u00e0 Bruxelles le Samedi 21 Janvier \u00e0 15 heures avec une performance dans l'exposition ON THE LOOKOUT.","robots":{"index":"index","follow":"follow","max-snippet":"max-snippet:-1","max-image-preview":"max-image-preview:large","max-video-preview":"max-video-preview:-1"},"canonical":"https:\/\/fondationcab.com\/fr\/open-studio-artist-in-residence-2","og_locale":"fr_FR","og_type":"article","og_title":"OPEN STUDIO ARTISTE EN R\u00c9SIDENCE - FONDATION CAB","og_description":"Pour cl\u00f4turer sa r\u00e9sidence, Sander De Keere ouvrira les portes de son studio \u00e0 Bruxelles le Samedi 21 Janvier \u00e0 15 heures avec une performance dans l'exposition ON THE LOOKOUT.","og_url":"https:\/\/fondationcab.com\/fr\/open-studio-artist-in-residence-2","og_site_name":"FONDATION CAB","article_publisher":"https:\/\/www.facebook.com\/CABContemporaryArt\/","article_published_time":"2023-01-04T14:10:23+00:00","article_modified_time":"2023-01-05T14:07:13+00:00","og_image":[{"width":2560,"height":1707,"url":"https:\/\/fondationcab.com\/wp-content\/uploads\/2022\/12\/Sander_Fondation_CAB_HIGH-5-scaled.jpg","type":"image\/jpeg"}],"author":"eleonore","twitter_card":"summary_large_image","twitter_misc":{"\u00c9crit par":"eleonore","Dur\u00e9e de lecture estim\u00e9e":"1 minute"},"schema":{"@context":"https:\/\/schema.org","@graph":[{"@type":"Article","@id":"https:\/\/fondationcab.com\/fr\/open-studio-artist-in-residence-2#article","isPartOf":{"@id":"https:\/\/fondationcab.com\/fr\/open-studio-artist-in-residence-2"},"author":{"name":"eleonore","@id":"https:\/\/fondationcab.com\/fr#\/schema\/person\/97e81405a09028aa359b90ec71ff6bd8"},"headline":"OPEN STUDIO ARTISTE EN R\u00c9SIDENCE","datePublished":"2023-01-04T14:10:23+00:00","dateModified":"2023-01-05T14:07:13+00:00","mainEntityOfPage":{"@id":"https:\/\/fondationcab.com\/fr\/open-studio-artist-in-residence-2"},"wordCount":237,"publisher":{"@id":"https:\/\/fondationcab.com\/fr#organization"},"image":{"@id":"https:\/\/fondationcab.com\/fr\/open-studio-artist-in-residence-2#primaryimage"},"thumbnailUrl":"https:\/\/fondationcab.com\/wp-content\/uploads\/2022\/12\/Sander_Fondation_CAB_HIGH-5-scaled.jpg","articleSection":["Non classifi\u00e9(e)"],"inLanguage":"fr-FR"},{"@type":"WebPage","@id":"https:\/\/fondationcab.com\/fr\/open-studio-artist-in-residence-2","url":"https:\/\/fondationcab.com\/fr\/open-studio-artist-in-residence-2","name":"OPEN STUDIO ARTISTE EN R\u00c9SIDENCE - FONDATION CAB","isPartOf":{"@id":"https:\/\/fondationcab.com\/fr#website"},"primaryImageOfPage":{"@id":"https:\/\/fondationcab.com\/fr\/open-studio-artist-in-residence-2#primaryimage"},"image":{"@id":"https:\/\/fondationcab.com\/fr\/open-studio-artist-in-residence-2#primaryimage"},"thumbnailUrl":"https:\/\/fondationcab.com\/wp-content\/uploads\/2022\/12\/Sander_Fondation_CAB_HIGH-5-scaled.jpg","datePublished":"2023-01-04T14:10:23+00:00","dateModified":"2023-01-05T14:07:13+00:00","description":"Pour cl\u00f4turer sa r\u00e9sidence, Sander De Keere ouvrira les portes de son studio \u00e0 Bruxelles le Samedi 21 Janvier \u00e0 15 heures avec une performance dans l'exposition ON THE LOOKOUT.","breadcrumb":{"@id":"https:\/\/fondationcab.com\/fr\/open-studio-artist-in-residence-2#breadcrumb"},"inLanguage":"fr-FR","potentialAction":[{"@type":"ReadAction","target":["https:\/\/fondationcab.com\/fr\/open-studio-artist-in-residence-2"]}]},{"@type":"ImageObject","inLanguage":"fr-FR","@id":"https:\/\/fondationcab.com\/fr\/open-studio-artist-in-residence-2#primaryimage","url":"https:\/\/fondationcab.com\/wp-content\/uploads\/2022\/12\/Sander_Fondation_CAB_HIGH-5-scaled.jpg","contentUrl":"https:\/\/fondationcab.com\/wp-content\/uploads\/2022\/12\/Sander_Fondation_CAB_HIGH-5-scaled.jpg","width":2560,"height":1707},{"@type":"BreadcrumbList","@id":"https:\/\/fondationcab.com\/fr\/open-studio-artist-in-residence-2#breadcrumb","itemListElement":[{"@type":"ListItem","position":1,"name":"Home","item":"https:\/\/fondationcab.com\/fr"},{"@type":"ListItem","position":2,"name":"OPEN STUDIO ARTISTE EN R\u00c9SIDENCE"}]},{"@type":"WebSite","@id":"https:\/\/fondationcab.com\/fr#website","url":"https:\/\/fondationcab.com\/fr","name":"FONDATION CAB","description":"ART CENTER BRUSSELS","publisher":{"@id":"https:\/\/fondationcab.com\/fr#organization"},"potentialAction":[{"@type":"SearchAction","target":{"@type":"EntryPoint","urlTemplate":"https:\/\/fondationcab.com\/fr?s={search_term_string}"},"query-input":{"@type":"PropertyValueSpecification","valueRequired":true,"valueName":"search_term_string"}}],"inLanguage":"fr-FR"},{"@type":"Organization","@id":"https:\/\/fondationcab.com\/fr#organization","name":"Fondation CAB","url":"https:\/\/fondationcab.com\/fr","logo":{"@type":"ImageObject","inLanguage":"fr-FR","@id":"https:\/\/fondationcab.com\/fr#\/schema\/logo\/image\/","url":"https:\/\/cab.storycoding.agency\/wp-content\/uploads\/2018\/03\/fondation_cab_logo.jpg","contentUrl":"https:\/\/cab.storycoding.agency\/wp-content\/uploads\/2018\/03\/fondation_cab_logo.jpg","width":250,"height":125,"caption":"Fondation CAB"},"image":{"@id":"https:\/\/fondationcab.com\/fr#\/schema\/logo\/image\/"},"sameAs":["https:\/\/www.facebook.com\/CABContemporaryArt\/","https:\/\/www.instagram.com\/fondation_cab\/","https:\/\/www.youtube.com\/channel\/UC4BG_XNA2Sn1VGimzwU60Aw"]},{"@type":"Person","@id":"https:\/\/fondationcab.com\/fr#\/schema\/person\/97e81405a09028aa359b90ec71ff6bd8","name":"eleonore"}]}},"_links":{"self":[{"href":"https:\/\/fondationcab.com\/fr\/wp-json\/wp\/v2\/posts\/9959","targetHints":{"allow":["GET"]}}],"collection":[{"href":"https:\/\/fondationcab.com\/fr\/wp-json\/wp\/v2\/posts"}],"about":[{"href":"https:\/\/fondationcab.com\/fr\/wp-json\/wp\/v2\/types\/post"}],"author":[{"embeddable":true,"href":"https:\/\/fondationcab.com\/fr\/wp-json\/wp\/v2\/users\/4"}],"replies":[{"embeddable":true,"href":"https:\/\/fondationcab.com\/fr\/wp-json\/wp\/v2\/comments?post=9959"}],"version-history":[{"count":4,"href":"https:\/\/fondationcab.com\/fr\/wp-json\/wp\/v2\/posts\/9959\/revisions"}],"predecessor-version":[{"id":9966,"href":"https:\/\/fondationcab.com\/fr\/wp-json\/wp\/v2\/posts\/9959\/revisions\/9966"}],"wp:featuredmedia":[{"embeddable":true,"href":"https:\/\/fondationcab.com\/fr\/wp-json\/wp\/v2\/media\/9921"}],"wp:attachment":[{"href":"https:\/\/fondationcab.com\/fr\/wp-json\/wp\/v2\/media?parent=9959"}],"wp:term":[{"taxonomy":"category","embeddable":true,"href":"https:\/\/fondationcab.com\/fr\/wp-json\/wp\/v2\/categories?post=9959"},{"taxonomy":"post_tag","embeddable":true,"href":"https:\/\/fondationcab.com\/fr\/wp-json\/wp\/v2\/tags?post=9959"}],"curies":[{"name":"wp","href":"https:\/\/api.w.org\/{rel}","templated":true}]}}