{"id":13479,"date":"2024-05-03T13:28:27","date_gmt":"2024-05-03T11:28:27","guid":{"rendered":"https:\/\/fondationcab.com\/conference"},"modified":"2024-05-24T14:22:58","modified_gmt":"2024-05-24T12:22:58","slug":"conference","status":"publish","type":"post","link":"https:\/\/fondationcab.com\/nl\/conference","title":{"rendered":"Conferentie"},"content":{"rendered":"<p>Michel Tombroff zal discussi\u00ebren over de verbanden tussen kunst, wiskunde en filosofie, en hoe deze werden getransformeerd tijdens de overgang van modern naar postmodern in de jaren zestig.<\/p>\n<p><strong>Michel Tombroff <\/strong>(\u00b01964) is een beeldend kunstenaar die woont en werkt in Brussel. Hij studeerde af in elektrotechniek aan de Universit\u00e9 Libre de Bruxelles (ULB) en in theoretische computerwetenschappen aan de University of California, Santa Barbara (UCSB). Zijn artistiek onderzoek verkent de verbanden tussen kwesties van formalisering, subjectiviteit en esthetiek in kunst, wiskunde en filosofie.<\/p>\n<p>Conferentie in Frans<br \/>\nZaterdag 8 Juni op 15 uur<\/p>\n<p>&nbsp;<\/p>\n","protected":false},"excerpt":{"rendered":"<p>Michel Tombroff zal discussi\u00ebren over de verbanden tussen kunst, wiskunde en filosofie, en hoe deze werden getransformeerd tijdens de overgang van modern naar postmodern in de jaren zestig. Michel Tombroff (\u00b01964) is een beeldend kunstenaar die woont en werkt in Brussel. Hij studeerde af in elektrotechniek aan de Universit\u00e9 Libre de Bruxelles (ULB) en in&nbsp; <a href=\"https:\/\/fondationcab.com\/nl\/conference\">&hellip; Read more <i class=\"glyphicon glyphicon-arrow-right\"><\/i><\/a><\/p>\n","protected":false},"author":4,"featured_media":13474,"comment_status":"closed","ping_status":"closed","sticky":false,"template":"","format":"standard","meta":{"_acf_changed":false,"footnotes":""},"categories":[8],"tags":[],"class_list":["post-13479","post","type-post","status-publish","format-standard","has-post-thumbnail","hentry","category-geen-onderdeel-van-een-categorie","cities-brussel"],"acf":[],"yoast_head":"<!-- This site is optimized with the Yoast SEO plugin v27.5 - https:\/\/yoast.com\/product\/yoast-seo-wordpress\/ -->\n<title>Conferentie - FONDATION CAB<\/title>\n<meta name=\"description\" content=\"Fondation CAB is verheugd Michel Tombroff te mogen ontvangen, zaterdag 8 juni voor een conferentie ter gelegenheid van de publicatie van Z\u00e9ro di\u00e8se existe : Art, math\u00e9matiques, inesth\u00e9tique by Michel Tombroff (\u00c9ditions Mim\u00e9sis, Collection Philosophie). We nodigen je uit om de tentoonstelling THESE CIRCUMSTANCES te bezoeken, kom 15 tot 30 minuten voor de conferentie begint. Het boek van Michel Trombroff is verkrijgbaar in de boekhandel van Fondation CAB Brussels. &nbsp; Inschrijven: info@fondationcab.com\" \/>\n<meta name=\"robots\" content=\"index, follow, max-snippet:-1, max-image-preview:large, max-video-preview:-1\" \/>\n<link rel=\"canonical\" href=\"https:\/\/fondationcab.com\/nl\/conference\" \/>\n<meta property=\"og:locale\" content=\"nl_NL\" \/>\n<meta property=\"og:type\" content=\"article\" \/>\n<meta property=\"og:title\" content=\"Conferentie - FONDATION CAB\" \/>\n<meta property=\"og:description\" content=\"Fondation CAB is verheugd Michel Tombroff te mogen ontvangen, zaterdag 8 juni voor een conferentie ter gelegenheid van de publicatie van Z\u00e9ro di\u00e8se existe : Art, math\u00e9matiques, inesth\u00e9tique by Michel Tombroff (\u00c9ditions Mim\u00e9sis, Collection Philosophie). We nodigen je uit om de tentoonstelling THESE CIRCUMSTANCES te bezoeken, kom 15 tot 30 minuten voor de conferentie begint. Het boek van Michel Trombroff is verkrijgbaar in de boekhandel van Fondation CAB Brussels. &nbsp; Inschrijven: info@fondationcab.com\" \/>\n<meta property=\"og:url\" content=\"https:\/\/fondationcab.com\/nl\/conference\" \/>\n<meta property=\"og:site_name\" content=\"FONDATION CAB\" \/>\n<meta property=\"article:publisher\" content=\"https:\/\/www.facebook.com\/CABContemporaryArt\/\" \/>\n<meta property=\"article:published_time\" content=\"2024-05-03T11:28:27+00:00\" \/>\n<meta property=\"article:modified_time\" content=\"2024-05-24T12:22:58+00:00\" \/>\n<meta property=\"og:image\" content=\"https:\/\/fondationcab.com\/wp-content\/uploads\/2024\/05\/Screenshot-2024-05-03-at-13.27.06.png\" \/>\n\t<meta property=\"og:image:width\" content=\"994\" \/>\n\t<meta property=\"og:image:height\" content=\"774\" \/>\n\t<meta property=\"og:image:type\" content=\"image\/png\" \/>\n<meta name=\"author\" content=\"eleonore\" \/>\n<meta name=\"twitter:card\" content=\"summary_large_image\" \/>\n<meta name=\"twitter:label1\" content=\"Geschreven door\" \/>\n\t<meta name=\"twitter:data1\" content=\"eleonore\" \/>\n\t<meta name=\"twitter:label2\" content=\"Geschatte leestijd\" \/>\n\t<meta name=\"twitter:data2\" content=\"2 minuten\" \/>\n<script type=\"application\/ld+json\" class=\"yoast-schema-graph\">{\"@context\":\"https:\\\/\\\/schema.org\",\"@graph\":[{\"@type\":\"Article\",\"@id\":\"https:\\\/\\\/fondationcab.com\\\/nl\\\/conference#article\",\"isPartOf\":{\"@id\":\"https:\\\/\\\/fondationcab.com\\\/nl\\\/conference\"},\"author\":{\"name\":\"eleonore\",\"@id\":\"https:\\\/\\\/fondationcab.com\\\/nl#\\\/schema\\\/person\\\/97e81405a09028aa359b90ec71ff6bd8\"},\"headline\":\"Conferentie\",\"datePublished\":\"2024-05-03T11:28:27+00:00\",\"dateModified\":\"2024-05-24T12:22:58+00:00\",\"mainEntityOfPage\":{\"@id\":\"https:\\\/\\\/fondationcab.com\\\/nl\\\/conference\"},\"wordCount\":92,\"publisher\":{\"@id\":\"https:\\\/\\\/fondationcab.com\\\/nl#organization\"},\"image\":{\"@id\":\"https:\\\/\\\/fondationcab.com\\\/nl\\\/conference#primaryimage\"},\"thumbnailUrl\":\"https:\\\/\\\/fondationcab.com\\\/wp-content\\\/uploads\\\/2024\\\/05\\\/Screenshot-2024-05-03-at-13.27.06.png\",\"articleSection\":[\"Geen onderdeel van een categorie\"],\"inLanguage\":\"nl-NL\"},{\"@type\":\"WebPage\",\"@id\":\"https:\\\/\\\/fondationcab.com\\\/nl\\\/conference\",\"url\":\"https:\\\/\\\/fondationcab.com\\\/nl\\\/conference\",\"name\":\"Conferentie - FONDATION CAB\",\"isPartOf\":{\"@id\":\"https:\\\/\\\/fondationcab.com\\\/nl#website\"},\"primaryImageOfPage\":{\"@id\":\"https:\\\/\\\/fondationcab.com\\\/nl\\\/conference#primaryimage\"},\"image\":{\"@id\":\"https:\\\/\\\/fondationcab.com\\\/nl\\\/conference#primaryimage\"},\"thumbnailUrl\":\"https:\\\/\\\/fondationcab.com\\\/wp-content\\\/uploads\\\/2024\\\/05\\\/Screenshot-2024-05-03-at-13.27.06.png\",\"datePublished\":\"2024-05-03T11:28:27+00:00\",\"dateModified\":\"2024-05-24T12:22:58+00:00\",\"description\":\"Fondation CAB is verheugd Michel Tombroff te mogen ontvangen, zaterdag 8 juni voor een conferentie ter gelegenheid van de publicatie van Z\u00e9ro di\u00e8se existe : Art, math\u00e9matiques, inesth\u00e9tique by Michel Tombroff (\u00c9ditions Mim\u00e9sis, Collection Philosophie). We nodigen je uit om de tentoonstelling THESE CIRCUMSTANCES te bezoeken, kom 15 tot 30 minuten voor de conferentie begint. Het boek van Michel Trombroff is verkrijgbaar in de boekhandel van Fondation CAB Brussels. &nbsp; Inschrijven: info@fondationcab.com\",\"breadcrumb\":{\"@id\":\"https:\\\/\\\/fondationcab.com\\\/nl\\\/conference#breadcrumb\"},\"inLanguage\":\"nl-NL\",\"potentialAction\":[{\"@type\":\"ReadAction\",\"target\":[\"https:\\\/\\\/fondationcab.com\\\/nl\\\/conference\"]}]},{\"@type\":\"ImageObject\",\"inLanguage\":\"nl-NL\",\"@id\":\"https:\\\/\\\/fondationcab.com\\\/nl\\\/conference#primaryimage\",\"url\":\"https:\\\/\\\/fondationcab.com\\\/wp-content\\\/uploads\\\/2024\\\/05\\\/Screenshot-2024-05-03-at-13.27.06.png\",\"contentUrl\":\"https:\\\/\\\/fondationcab.com\\\/wp-content\\\/uploads\\\/2024\\\/05\\\/Screenshot-2024-05-03-at-13.27.06.png\",\"width\":994,\"height\":774},{\"@type\":\"BreadcrumbList\",\"@id\":\"https:\\\/\\\/fondationcab.com\\\/nl\\\/conference#breadcrumb\",\"itemListElement\":[{\"@type\":\"ListItem\",\"position\":1,\"name\":\"Home\",\"item\":\"https:\\\/\\\/fondationcab.com\\\/nl\"},{\"@type\":\"ListItem\",\"position\":2,\"name\":\"Conferentie\"}]},{\"@type\":\"WebSite\",\"@id\":\"https:\\\/\\\/fondationcab.com\\\/nl#website\",\"url\":\"https:\\\/\\\/fondationcab.com\\\/nl\",\"name\":\"FONDATION CAB\",\"description\":\"\",\"publisher\":{\"@id\":\"https:\\\/\\\/fondationcab.com\\\/nl#organization\"},\"potentialAction\":[{\"@type\":\"SearchAction\",\"target\":{\"@type\":\"EntryPoint\",\"urlTemplate\":\"https:\\\/\\\/fondationcab.com\\\/nl?s={search_term_string}\"},\"query-input\":{\"@type\":\"PropertyValueSpecification\",\"valueRequired\":true,\"valueName\":\"search_term_string\"}}],\"inLanguage\":\"nl-NL\"},{\"@type\":\"Organization\",\"@id\":\"https:\\\/\\\/fondationcab.com\\\/nl#organization\",\"name\":\"Fondation CAB\",\"url\":\"https:\\\/\\\/fondationcab.com\\\/nl\",\"logo\":{\"@type\":\"ImageObject\",\"inLanguage\":\"nl-NL\",\"@id\":\"https:\\\/\\\/fondationcab.com\\\/nl#\\\/schema\\\/logo\\\/image\\\/\",\"url\":\"https:\\\/\\\/cab.storycoding.agency\\\/wp-content\\\/uploads\\\/2018\\\/03\\\/fondation_cab_logo.jpg\",\"contentUrl\":\"https:\\\/\\\/cab.storycoding.agency\\\/wp-content\\\/uploads\\\/2018\\\/03\\\/fondation_cab_logo.jpg\",\"width\":250,\"height\":125,\"caption\":\"Fondation CAB\"},\"image\":{\"@id\":\"https:\\\/\\\/fondationcab.com\\\/nl#\\\/schema\\\/logo\\\/image\\\/\"},\"sameAs\":[\"https:\\\/\\\/www.facebook.com\\\/CABContemporaryArt\\\/\",\"https:\\\/\\\/www.instagram.com\\\/fondation_cab\\\/\",\"https:\\\/\\\/www.youtube.com\\\/channel\\\/UC4BG_XNA2Sn1VGimzwU60Aw\"]},{\"@type\":\"Person\",\"@id\":\"https:\\\/\\\/fondationcab.com\\\/nl#\\\/schema\\\/person\\\/97e81405a09028aa359b90ec71ff6bd8\",\"name\":\"eleonore\"}]}<\/script>\n<!-- \/ Yoast SEO plugin. -->","yoast_head_json":{"title":"Conferentie - FONDATION CAB","description":"Fondation CAB is verheugd Michel Tombroff te mogen ontvangen, zaterdag 8 juni voor een conferentie ter gelegenheid van de publicatie van Z\u00e9ro di\u00e8se existe : Art, math\u00e9matiques, inesth\u00e9tique by Michel Tombroff (\u00c9ditions Mim\u00e9sis, Collection Philosophie). We nodigen je uit om de tentoonstelling THESE CIRCUMSTANCES te bezoeken, kom 15 tot 30 minuten voor de conferentie begint. Het boek van Michel Trombroff is verkrijgbaar in de boekhandel van Fondation CAB Brussels. &nbsp; Inschrijven: info@fondationcab.com","robots":{"index":"index","follow":"follow","max-snippet":"max-snippet:-1","max-image-preview":"max-image-preview:large","max-video-preview":"max-video-preview:-1"},"canonical":"https:\/\/fondationcab.com\/nl\/conference","og_locale":"nl_NL","og_type":"article","og_title":"Conferentie - FONDATION CAB","og_description":"Fondation CAB is verheugd Michel Tombroff te mogen ontvangen, zaterdag 8 juni voor een conferentie ter gelegenheid van de publicatie van Z\u00e9ro di\u00e8se existe : Art, math\u00e9matiques, inesth\u00e9tique by Michel Tombroff (\u00c9ditions Mim\u00e9sis, Collection Philosophie). We nodigen je uit om de tentoonstelling THESE CIRCUMSTANCES te bezoeken, kom 15 tot 30 minuten voor de conferentie begint. Het boek van Michel Trombroff is verkrijgbaar in de boekhandel van Fondation CAB Brussels. &nbsp; Inschrijven: info@fondationcab.com","og_url":"https:\/\/fondationcab.com\/nl\/conference","og_site_name":"FONDATION CAB","article_publisher":"https:\/\/www.facebook.com\/CABContemporaryArt\/","article_published_time":"2024-05-03T11:28:27+00:00","article_modified_time":"2024-05-24T12:22:58+00:00","og_image":[{"width":994,"height":774,"url":"https:\/\/fondationcab.com\/wp-content\/uploads\/2024\/05\/Screenshot-2024-05-03-at-13.27.06.png","type":"image\/png"}],"author":"eleonore","twitter_card":"summary_large_image","twitter_misc":{"Geschreven door":"eleonore","Geschatte leestijd":"2 minuten"},"schema":{"@context":"https:\/\/schema.org","@graph":[{"@type":"Article","@id":"https:\/\/fondationcab.com\/nl\/conference#article","isPartOf":{"@id":"https:\/\/fondationcab.com\/nl\/conference"},"author":{"name":"eleonore","@id":"https:\/\/fondationcab.com\/nl#\/schema\/person\/97e81405a09028aa359b90ec71ff6bd8"},"headline":"Conferentie","datePublished":"2024-05-03T11:28:27+00:00","dateModified":"2024-05-24T12:22:58+00:00","mainEntityOfPage":{"@id":"https:\/\/fondationcab.com\/nl\/conference"},"wordCount":92,"publisher":{"@id":"https:\/\/fondationcab.com\/nl#organization"},"image":{"@id":"https:\/\/fondationcab.com\/nl\/conference#primaryimage"},"thumbnailUrl":"https:\/\/fondationcab.com\/wp-content\/uploads\/2024\/05\/Screenshot-2024-05-03-at-13.27.06.png","articleSection":["Geen onderdeel van een categorie"],"inLanguage":"nl-NL"},{"@type":"WebPage","@id":"https:\/\/fondationcab.com\/nl\/conference","url":"https:\/\/fondationcab.com\/nl\/conference","name":"Conferentie - FONDATION CAB","isPartOf":{"@id":"https:\/\/fondationcab.com\/nl#website"},"primaryImageOfPage":{"@id":"https:\/\/fondationcab.com\/nl\/conference#primaryimage"},"image":{"@id":"https:\/\/fondationcab.com\/nl\/conference#primaryimage"},"thumbnailUrl":"https:\/\/fondationcab.com\/wp-content\/uploads\/2024\/05\/Screenshot-2024-05-03-at-13.27.06.png","datePublished":"2024-05-03T11:28:27+00:00","dateModified":"2024-05-24T12:22:58+00:00","description":"Fondation CAB is verheugd Michel Tombroff te mogen ontvangen, zaterdag 8 juni voor een conferentie ter gelegenheid van de publicatie van Z\u00e9ro di\u00e8se existe : Art, math\u00e9matiques, inesth\u00e9tique by Michel Tombroff (\u00c9ditions Mim\u00e9sis, Collection Philosophie). We nodigen je uit om de tentoonstelling THESE CIRCUMSTANCES te bezoeken, kom 15 tot 30 minuten voor de conferentie begint. Het boek van Michel Trombroff is verkrijgbaar in de boekhandel van Fondation CAB Brussels. &nbsp; Inschrijven: info@fondationcab.com","breadcrumb":{"@id":"https:\/\/fondationcab.com\/nl\/conference#breadcrumb"},"inLanguage":"nl-NL","potentialAction":[{"@type":"ReadAction","target":["https:\/\/fondationcab.com\/nl\/conference"]}]},{"@type":"ImageObject","inLanguage":"nl-NL","@id":"https:\/\/fondationcab.com\/nl\/conference#primaryimage","url":"https:\/\/fondationcab.com\/wp-content\/uploads\/2024\/05\/Screenshot-2024-05-03-at-13.27.06.png","contentUrl":"https:\/\/fondationcab.com\/wp-content\/uploads\/2024\/05\/Screenshot-2024-05-03-at-13.27.06.png","width":994,"height":774},{"@type":"BreadcrumbList","@id":"https:\/\/fondationcab.com\/nl\/conference#breadcrumb","itemListElement":[{"@type":"ListItem","position":1,"name":"Home","item":"https:\/\/fondationcab.com\/nl"},{"@type":"ListItem","position":2,"name":"Conferentie"}]},{"@type":"WebSite","@id":"https:\/\/fondationcab.com\/nl#website","url":"https:\/\/fondationcab.com\/nl","name":"FONDATION CAB","description":"","publisher":{"@id":"https:\/\/fondationcab.com\/nl#organization"},"potentialAction":[{"@type":"SearchAction","target":{"@type":"EntryPoint","urlTemplate":"https:\/\/fondationcab.com\/nl?s={search_term_string}"},"query-input":{"@type":"PropertyValueSpecification","valueRequired":true,"valueName":"search_term_string"}}],"inLanguage":"nl-NL"},{"@type":"Organization","@id":"https:\/\/fondationcab.com\/nl#organization","name":"Fondation CAB","url":"https:\/\/fondationcab.com\/nl","logo":{"@type":"ImageObject","inLanguage":"nl-NL","@id":"https:\/\/fondationcab.com\/nl#\/schema\/logo\/image\/","url":"https:\/\/cab.storycoding.agency\/wp-content\/uploads\/2018\/03\/fondation_cab_logo.jpg","contentUrl":"https:\/\/cab.storycoding.agency\/wp-content\/uploads\/2018\/03\/fondation_cab_logo.jpg","width":250,"height":125,"caption":"Fondation CAB"},"image":{"@id":"https:\/\/fondationcab.com\/nl#\/schema\/logo\/image\/"},"sameAs":["https:\/\/www.facebook.com\/CABContemporaryArt\/","https:\/\/www.instagram.com\/fondation_cab\/","https:\/\/www.youtube.com\/channel\/UC4BG_XNA2Sn1VGimzwU60Aw"]},{"@type":"Person","@id":"https:\/\/fondationcab.com\/nl#\/schema\/person\/97e81405a09028aa359b90ec71ff6bd8","name":"eleonore"}]}},"_links":{"self":[{"href":"https:\/\/fondationcab.com\/nl\/wp-json\/wp\/v2\/posts\/13479","targetHints":{"allow":["GET"]}}],"collection":[{"href":"https:\/\/fondationcab.com\/nl\/wp-json\/wp\/v2\/posts"}],"about":[{"href":"https:\/\/fondationcab.com\/nl\/wp-json\/wp\/v2\/types\/post"}],"author":[{"embeddable":true,"href":"https:\/\/fondationcab.com\/nl\/wp-json\/wp\/v2\/users\/4"}],"replies":[{"embeddable":true,"href":"https:\/\/fondationcab.com\/nl\/wp-json\/wp\/v2\/comments?post=13479"}],"version-history":[{"count":6,"href":"https:\/\/fondationcab.com\/nl\/wp-json\/wp\/v2\/posts\/13479\/revisions"}],"predecessor-version":[{"id":13700,"href":"https:\/\/fondationcab.com\/nl\/wp-json\/wp\/v2\/posts\/13479\/revisions\/13700"}],"wp:featuredmedia":[{"embeddable":true,"href":"https:\/\/fondationcab.com\/nl\/wp-json\/wp\/v2\/media\/13474"}],"wp:attachment":[{"href":"https:\/\/fondationcab.com\/nl\/wp-json\/wp\/v2\/media?parent=13479"}],"wp:term":[{"taxonomy":"category","embeddable":true,"href":"https:\/\/fondationcab.com\/nl\/wp-json\/wp\/v2\/categories?post=13479"},{"taxonomy":"post_tag","embeddable":true,"href":"https:\/\/fondationcab.com\/nl\/wp-json\/wp\/v2\/tags?post=13479"}],"curies":[{"name":"wp","href":"https:\/\/api.w.org\/{rel}","templated":true}]}}