{"id":16886,"date":"2026-04-29T17:30:38","date_gmt":"2026-04-29T15:30:38","guid":{"rendered":"https:\/\/fondationcab.com\/festival-saint-paul-de-vence-2"},"modified":"2026-04-29T17:32:33","modified_gmt":"2026-04-29T15:32:33","slug":"festival-saint-paul-de-vence-2","status":"publish","type":"post","link":"https:\/\/fondationcab.com\/nl\/festival-saint-paul-de-vence-2","title":{"rendered":"Festival Saint Paul de Vence"},"content":{"rendered":"<p data-path-to-node=\"1\">Louise Charbonnel is een multi-instrumentalist die tussen regio&#8217;s reist zoals ze tussen genres beweegt; ze bouwt aan een muzikaal universum op het kruispunt van pop, klassiek en jazz. Haar krachtige stem en hypnotiserende arrangementen komen op het podium tot leven naast Solal Galli, die een klanktapijt weeft dat zowel synthetisch als analoog is.<\/p>\n<p data-path-to-node=\"2\">Louise Charbonnel, die werd ontdekt tijdens de Inou\u00efs du Printemps de Bourges 2025, is een G\u00e9n\u00e9ration SPEDIDAM-artiest voor 2025-2027. Momenteel bereidt ze de release voor van haar debuutalbum, How To Be Confused About Happiness, gepland voor het najaar van 2026. Dit werk verkent met finesse de contouren van geluk, de bijbehorende paradoxen en de evolutie ervan, in een samenspel van introspectie, emotie en podiumintensiteit.<\/p>\n","protected":false},"excerpt":{"rendered":"<p>Louise Charbonnel is een multi-instrumentalist die tussen regio&#8217;s reist zoals ze tussen genres beweegt; ze bouwt aan een muzikaal universum op het kruispunt van pop, klassiek en jazz. Haar krachtige stem en hypnotiserende arrangementen komen op het podium tot leven naast Solal Galli, die een klanktapijt weeft dat zowel synthetisch als analoog is. Louise Charbonnel,&nbsp; <a href=\"https:\/\/fondationcab.com\/nl\/festival-saint-paul-de-vence-2\">&hellip; Read more <i class=\"glyphicon glyphicon-arrow-right\"><\/i><\/a><\/p>\n","protected":false},"author":4,"featured_media":16881,"comment_status":"closed","ping_status":"closed","sticky":false,"template":"","format":"standard","meta":{"_acf_changed":false,"footnotes":""},"categories":[8],"tags":[],"class_list":["post-16886","post","type-post","status-publish","format-standard","has-post-thumbnail","hentry","category-geen-onderdeel-van-een-categorie","cities-saint-paul-de-vence-nl"],"acf":[],"yoast_head":"<!-- This site is optimized with the Yoast SEO plugin v27.5 - https:\/\/yoast.com\/product\/yoast-seo-wordpress\/ -->\n<title>Festival Saint Paul de Vence - FONDATION CAB<\/title>\n<meta name=\"description\" content=\"Kom naar Fondation CAB op zaterdag 25 juli 2026. De deuren openen om 20:00 uur voor een exclusieve bezichtiging van de tentoonstelling, waarna het concert stipt om 21:00 uur begint.\" \/>\n<meta name=\"robots\" content=\"index, follow, max-snippet:-1, max-image-preview:large, max-video-preview:-1\" \/>\n<link rel=\"canonical\" href=\"https:\/\/fondationcab.com\/nl\/festival-saint-paul-de-vence-2\" \/>\n<meta property=\"og:locale\" content=\"nl_NL\" \/>\n<meta property=\"og:type\" content=\"article\" \/>\n<meta property=\"og:title\" content=\"Festival Saint Paul de Vence - FONDATION CAB\" \/>\n<meta property=\"og:description\" content=\"Kom naar Fondation CAB op zaterdag 25 juli 2026. De deuren openen om 20:00 uur voor een exclusieve bezichtiging van de tentoonstelling, waarna het concert stipt om 21:00 uur begint.\" \/>\n<meta property=\"og:url\" content=\"https:\/\/fondationcab.com\/nl\/festival-saint-paul-de-vence-2\" \/>\n<meta property=\"og:site_name\" content=\"FONDATION CAB\" \/>\n<meta property=\"article:publisher\" content=\"https:\/\/www.facebook.com\/CABContemporaryArt\/\" \/>\n<meta property=\"article:published_time\" content=\"2026-04-29T15:30:38+00:00\" \/>\n<meta property=\"article:modified_time\" content=\"2026-04-29T15:32:33+00:00\" \/>\n<meta property=\"og:image\" content=\"https:\/\/fondationcab.com\/wp-content\/uploads\/2026\/04\/Screenshot-2026-04-29-at-16.30.57-1-970x675.png\" \/>\n\t<meta property=\"og:image:width\" content=\"970\" \/>\n\t<meta property=\"og:image:height\" content=\"675\" \/>\n\t<meta property=\"og:image:type\" content=\"image\/png\" \/>\n<meta name=\"author\" content=\"eleonore\" \/>\n<meta name=\"twitter:card\" content=\"summary_large_image\" \/>\n<meta name=\"twitter:label1\" content=\"Geschreven door\" \/>\n\t<meta name=\"twitter:data1\" content=\"eleonore\" \/>\n\t<meta name=\"twitter:label2\" content=\"Geschatte leestijd\" \/>\n\t<meta name=\"twitter:data2\" content=\"1 minuut\" \/>\n<script type=\"application\/ld+json\" class=\"yoast-schema-graph\">{\"@context\":\"https:\\\/\\\/schema.org\",\"@graph\":[{\"@type\":\"Article\",\"@id\":\"https:\\\/\\\/fondationcab.com\\\/nl\\\/festival-saint-paul-de-vence-2#article\",\"isPartOf\":{\"@id\":\"https:\\\/\\\/fondationcab.com\\\/nl\\\/festival-saint-paul-de-vence-2\"},\"author\":{\"name\":\"eleonore\",\"@id\":\"https:\\\/\\\/fondationcab.com\\\/nl#\\\/schema\\\/person\\\/97e81405a09028aa359b90ec71ff6bd8\"},\"headline\":\"Festival Saint Paul de Vence\",\"datePublished\":\"2026-04-29T15:30:38+00:00\",\"dateModified\":\"2026-04-29T15:32:33+00:00\",\"mainEntityOfPage\":{\"@id\":\"https:\\\/\\\/fondationcab.com\\\/nl\\\/festival-saint-paul-de-vence-2\"},\"wordCount\":124,\"publisher\":{\"@id\":\"https:\\\/\\\/fondationcab.com\\\/nl#organization\"},\"image\":{\"@id\":\"https:\\\/\\\/fondationcab.com\\\/nl\\\/festival-saint-paul-de-vence-2#primaryimage\"},\"thumbnailUrl\":\"https:\\\/\\\/fondationcab.com\\\/wp-content\\\/uploads\\\/2026\\\/04\\\/Screenshot-2026-04-29-at-16.30.57-1.png\",\"articleSection\":[\"Geen onderdeel van een categorie\"],\"inLanguage\":\"nl-NL\"},{\"@type\":\"WebPage\",\"@id\":\"https:\\\/\\\/fondationcab.com\\\/nl\\\/festival-saint-paul-de-vence-2\",\"url\":\"https:\\\/\\\/fondationcab.com\\\/nl\\\/festival-saint-paul-de-vence-2\",\"name\":\"Festival Saint Paul de Vence - FONDATION CAB\",\"isPartOf\":{\"@id\":\"https:\\\/\\\/fondationcab.com\\\/nl#website\"},\"primaryImageOfPage\":{\"@id\":\"https:\\\/\\\/fondationcab.com\\\/nl\\\/festival-saint-paul-de-vence-2#primaryimage\"},\"image\":{\"@id\":\"https:\\\/\\\/fondationcab.com\\\/nl\\\/festival-saint-paul-de-vence-2#primaryimage\"},\"thumbnailUrl\":\"https:\\\/\\\/fondationcab.com\\\/wp-content\\\/uploads\\\/2026\\\/04\\\/Screenshot-2026-04-29-at-16.30.57-1.png\",\"datePublished\":\"2026-04-29T15:30:38+00:00\",\"dateModified\":\"2026-04-29T15:32:33+00:00\",\"description\":\"Kom naar Fondation CAB op zaterdag 25 juli 2026. De deuren openen om 20:00 uur voor een exclusieve bezichtiging van de tentoonstelling, waarna het concert stipt om 21:00 uur begint.\",\"breadcrumb\":{\"@id\":\"https:\\\/\\\/fondationcab.com\\\/nl\\\/festival-saint-paul-de-vence-2#breadcrumb\"},\"inLanguage\":\"nl-NL\",\"potentialAction\":[{\"@type\":\"ReadAction\",\"target\":[\"https:\\\/\\\/fondationcab.com\\\/nl\\\/festival-saint-paul-de-vence-2\"]}]},{\"@type\":\"ImageObject\",\"inLanguage\":\"nl-NL\",\"@id\":\"https:\\\/\\\/fondationcab.com\\\/nl\\\/festival-saint-paul-de-vence-2#primaryimage\",\"url\":\"https:\\\/\\\/fondationcab.com\\\/wp-content\\\/uploads\\\/2026\\\/04\\\/Screenshot-2026-04-29-at-16.30.57-1.png\",\"contentUrl\":\"https:\\\/\\\/fondationcab.com\\\/wp-content\\\/uploads\\\/2026\\\/04\\\/Screenshot-2026-04-29-at-16.30.57-1.png\",\"width\":1884,\"height\":1312},{\"@type\":\"BreadcrumbList\",\"@id\":\"https:\\\/\\\/fondationcab.com\\\/nl\\\/festival-saint-paul-de-vence-2#breadcrumb\",\"itemListElement\":[{\"@type\":\"ListItem\",\"position\":1,\"name\":\"Home\",\"item\":\"https:\\\/\\\/fondationcab.com\\\/nl\"},{\"@type\":\"ListItem\",\"position\":2,\"name\":\"Festival Saint Paul de Vence\"}]},{\"@type\":\"WebSite\",\"@id\":\"https:\\\/\\\/fondationcab.com\\\/nl#website\",\"url\":\"https:\\\/\\\/fondationcab.com\\\/nl\",\"name\":\"FONDATION CAB\",\"description\":\"\",\"publisher\":{\"@id\":\"https:\\\/\\\/fondationcab.com\\\/nl#organization\"},\"potentialAction\":[{\"@type\":\"SearchAction\",\"target\":{\"@type\":\"EntryPoint\",\"urlTemplate\":\"https:\\\/\\\/fondationcab.com\\\/nl?s={search_term_string}\"},\"query-input\":{\"@type\":\"PropertyValueSpecification\",\"valueRequired\":true,\"valueName\":\"search_term_string\"}}],\"inLanguage\":\"nl-NL\"},{\"@type\":\"Organization\",\"@id\":\"https:\\\/\\\/fondationcab.com\\\/nl#organization\",\"name\":\"Fondation CAB\",\"url\":\"https:\\\/\\\/fondationcab.com\\\/nl\",\"logo\":{\"@type\":\"ImageObject\",\"inLanguage\":\"nl-NL\",\"@id\":\"https:\\\/\\\/fondationcab.com\\\/nl#\\\/schema\\\/logo\\\/image\\\/\",\"url\":\"https:\\\/\\\/cab.storycoding.agency\\\/wp-content\\\/uploads\\\/2018\\\/03\\\/fondation_cab_logo.jpg\",\"contentUrl\":\"https:\\\/\\\/cab.storycoding.agency\\\/wp-content\\\/uploads\\\/2018\\\/03\\\/fondation_cab_logo.jpg\",\"width\":250,\"height\":125,\"caption\":\"Fondation CAB\"},\"image\":{\"@id\":\"https:\\\/\\\/fondationcab.com\\\/nl#\\\/schema\\\/logo\\\/image\\\/\"},\"sameAs\":[\"https:\\\/\\\/www.facebook.com\\\/CABContemporaryArt\\\/\",\"https:\\\/\\\/www.instagram.com\\\/fondation_cab\\\/\",\"https:\\\/\\\/www.youtube.com\\\/channel\\\/UC4BG_XNA2Sn1VGimzwU60Aw\"]},{\"@type\":\"Person\",\"@id\":\"https:\\\/\\\/fondationcab.com\\\/nl#\\\/schema\\\/person\\\/97e81405a09028aa359b90ec71ff6bd8\",\"name\":\"eleonore\"}]}<\/script>\n<!-- \/ Yoast SEO plugin. -->","yoast_head_json":{"title":"Festival Saint Paul de Vence - FONDATION CAB","description":"Kom naar Fondation CAB op zaterdag 25 juli 2026. De deuren openen om 20:00 uur voor een exclusieve bezichtiging van de tentoonstelling, waarna het concert stipt om 21:00 uur begint.","robots":{"index":"index","follow":"follow","max-snippet":"max-snippet:-1","max-image-preview":"max-image-preview:large","max-video-preview":"max-video-preview:-1"},"canonical":"https:\/\/fondationcab.com\/nl\/festival-saint-paul-de-vence-2","og_locale":"nl_NL","og_type":"article","og_title":"Festival Saint Paul de Vence - FONDATION CAB","og_description":"Kom naar Fondation CAB op zaterdag 25 juli 2026. De deuren openen om 20:00 uur voor een exclusieve bezichtiging van de tentoonstelling, waarna het concert stipt om 21:00 uur begint.","og_url":"https:\/\/fondationcab.com\/nl\/festival-saint-paul-de-vence-2","og_site_name":"FONDATION CAB","article_publisher":"https:\/\/www.facebook.com\/CABContemporaryArt\/","article_published_time":"2026-04-29T15:30:38+00:00","article_modified_time":"2026-04-29T15:32:33+00:00","og_image":[{"width":970,"height":675,"url":"https:\/\/fondationcab.com\/wp-content\/uploads\/2026\/04\/Screenshot-2026-04-29-at-16.30.57-1-970x675.png","type":"image\/png"}],"author":"eleonore","twitter_card":"summary_large_image","twitter_misc":{"Geschreven door":"eleonore","Geschatte leestijd":"1 minuut"},"schema":{"@context":"https:\/\/schema.org","@graph":[{"@type":"Article","@id":"https:\/\/fondationcab.com\/nl\/festival-saint-paul-de-vence-2#article","isPartOf":{"@id":"https:\/\/fondationcab.com\/nl\/festival-saint-paul-de-vence-2"},"author":{"name":"eleonore","@id":"https:\/\/fondationcab.com\/nl#\/schema\/person\/97e81405a09028aa359b90ec71ff6bd8"},"headline":"Festival Saint Paul de Vence","datePublished":"2026-04-29T15:30:38+00:00","dateModified":"2026-04-29T15:32:33+00:00","mainEntityOfPage":{"@id":"https:\/\/fondationcab.com\/nl\/festival-saint-paul-de-vence-2"},"wordCount":124,"publisher":{"@id":"https:\/\/fondationcab.com\/nl#organization"},"image":{"@id":"https:\/\/fondationcab.com\/nl\/festival-saint-paul-de-vence-2#primaryimage"},"thumbnailUrl":"https:\/\/fondationcab.com\/wp-content\/uploads\/2026\/04\/Screenshot-2026-04-29-at-16.30.57-1.png","articleSection":["Geen onderdeel van een categorie"],"inLanguage":"nl-NL"},{"@type":"WebPage","@id":"https:\/\/fondationcab.com\/nl\/festival-saint-paul-de-vence-2","url":"https:\/\/fondationcab.com\/nl\/festival-saint-paul-de-vence-2","name":"Festival Saint Paul de Vence - FONDATION CAB","isPartOf":{"@id":"https:\/\/fondationcab.com\/nl#website"},"primaryImageOfPage":{"@id":"https:\/\/fondationcab.com\/nl\/festival-saint-paul-de-vence-2#primaryimage"},"image":{"@id":"https:\/\/fondationcab.com\/nl\/festival-saint-paul-de-vence-2#primaryimage"},"thumbnailUrl":"https:\/\/fondationcab.com\/wp-content\/uploads\/2026\/04\/Screenshot-2026-04-29-at-16.30.57-1.png","datePublished":"2026-04-29T15:30:38+00:00","dateModified":"2026-04-29T15:32:33+00:00","description":"Kom naar Fondation CAB op zaterdag 25 juli 2026. De deuren openen om 20:00 uur voor een exclusieve bezichtiging van de tentoonstelling, waarna het concert stipt om 21:00 uur begint.","breadcrumb":{"@id":"https:\/\/fondationcab.com\/nl\/festival-saint-paul-de-vence-2#breadcrumb"},"inLanguage":"nl-NL","potentialAction":[{"@type":"ReadAction","target":["https:\/\/fondationcab.com\/nl\/festival-saint-paul-de-vence-2"]}]},{"@type":"ImageObject","inLanguage":"nl-NL","@id":"https:\/\/fondationcab.com\/nl\/festival-saint-paul-de-vence-2#primaryimage","url":"https:\/\/fondationcab.com\/wp-content\/uploads\/2026\/04\/Screenshot-2026-04-29-at-16.30.57-1.png","contentUrl":"https:\/\/fondationcab.com\/wp-content\/uploads\/2026\/04\/Screenshot-2026-04-29-at-16.30.57-1.png","width":1884,"height":1312},{"@type":"BreadcrumbList","@id":"https:\/\/fondationcab.com\/nl\/festival-saint-paul-de-vence-2#breadcrumb","itemListElement":[{"@type":"ListItem","position":1,"name":"Home","item":"https:\/\/fondationcab.com\/nl"},{"@type":"ListItem","position":2,"name":"Festival Saint Paul de Vence"}]},{"@type":"WebSite","@id":"https:\/\/fondationcab.com\/nl#website","url":"https:\/\/fondationcab.com\/nl","name":"FONDATION CAB","description":"","publisher":{"@id":"https:\/\/fondationcab.com\/nl#organization"},"potentialAction":[{"@type":"SearchAction","target":{"@type":"EntryPoint","urlTemplate":"https:\/\/fondationcab.com\/nl?s={search_term_string}"},"query-input":{"@type":"PropertyValueSpecification","valueRequired":true,"valueName":"search_term_string"}}],"inLanguage":"nl-NL"},{"@type":"Organization","@id":"https:\/\/fondationcab.com\/nl#organization","name":"Fondation CAB","url":"https:\/\/fondationcab.com\/nl","logo":{"@type":"ImageObject","inLanguage":"nl-NL","@id":"https:\/\/fondationcab.com\/nl#\/schema\/logo\/image\/","url":"https:\/\/cab.storycoding.agency\/wp-content\/uploads\/2018\/03\/fondation_cab_logo.jpg","contentUrl":"https:\/\/cab.storycoding.agency\/wp-content\/uploads\/2018\/03\/fondation_cab_logo.jpg","width":250,"height":125,"caption":"Fondation CAB"},"image":{"@id":"https:\/\/fondationcab.com\/nl#\/schema\/logo\/image\/"},"sameAs":["https:\/\/www.facebook.com\/CABContemporaryArt\/","https:\/\/www.instagram.com\/fondation_cab\/","https:\/\/www.youtube.com\/channel\/UC4BG_XNA2Sn1VGimzwU60Aw"]},{"@type":"Person","@id":"https:\/\/fondationcab.com\/nl#\/schema\/person\/97e81405a09028aa359b90ec71ff6bd8","name":"eleonore"}]}},"_links":{"self":[{"href":"https:\/\/fondationcab.com\/nl\/wp-json\/wp\/v2\/posts\/16886","targetHints":{"allow":["GET"]}}],"collection":[{"href":"https:\/\/fondationcab.com\/nl\/wp-json\/wp\/v2\/posts"}],"about":[{"href":"https:\/\/fondationcab.com\/nl\/wp-json\/wp\/v2\/types\/post"}],"author":[{"embeddable":true,"href":"https:\/\/fondationcab.com\/nl\/wp-json\/wp\/v2\/users\/4"}],"replies":[{"embeddable":true,"href":"https:\/\/fondationcab.com\/nl\/wp-json\/wp\/v2\/comments?post=16886"}],"version-history":[{"count":1,"href":"https:\/\/fondationcab.com\/nl\/wp-json\/wp\/v2\/posts\/16886\/revisions"}],"predecessor-version":[{"id":16888,"href":"https:\/\/fondationcab.com\/nl\/wp-json\/wp\/v2\/posts\/16886\/revisions\/16888"}],"wp:featuredmedia":[{"embeddable":true,"href":"https:\/\/fondationcab.com\/nl\/wp-json\/wp\/v2\/media\/16881"}],"wp:attachment":[{"href":"https:\/\/fondationcab.com\/nl\/wp-json\/wp\/v2\/media?parent=16886"}],"wp:term":[{"taxonomy":"category","embeddable":true,"href":"https:\/\/fondationcab.com\/nl\/wp-json\/wp\/v2\/categories?post=16886"},{"taxonomy":"post_tag","embeddable":true,"href":"https:\/\/fondationcab.com\/nl\/wp-json\/wp\/v2\/tags?post=16886"}],"curies":[{"name":"wp","href":"https:\/\/api.w.org\/{rel}","templated":true}]}}