{"id":8888,"date":"2022-06-01T12:21:41","date_gmt":"2022-06-01T10:21:41","guid":{"rendered":"https:\/\/fondationcab.com\/?p=8888"},"modified":"2022-06-02T14:39:14","modified_gmt":"2022-06-02T12:39:14","slug":"paloma-bosque","status":"publish","type":"post","link":"https:\/\/fondationcab.com\/nl\/paloma-bosque","title":{"rendered":"Open Studio Paloma Bosqu\u00ea"},"content":{"rendered":"<p>Het werk van Paloma Bosqu\u00ea, dat werkt tussen S\u00e3o Paulo en Basel, is opgenomen in internationale groepstentoonstellingen en solotentoonstellingen. Door de associatie van onder meer mineralen, plantaardige vezels, lood, pigmenten en was, bevraagt \u200b\u200bde kunstenaar de grenzen tussen het natuurlijke en het kunstmatige. Haar praktijk draait om het idee dat de materi\u00eble wereld een culminatie is van alle materie, inclusief de mens door middel van een onderzoek naar de materialiteit van lichamen in transformatie.<\/p>\n<p>Door de westerse definities van levend en levenloos uit te dagen, probeert ze een dimensie te bereiken die verder gaat dan de taal of waar dingen nog niet kunnen worden benoemd. Daarbij verzamelt ze een groot aantal materialen om lichamen te presenteren, niet als ge\u00efsoleerde entiteiten, maar als doorlatende en bewegende materie die elkaar voortdurend transformeren, verbindingen tot stand brengend en intrekkend binnen en buiten het rijk van het zichtbare.<\/p>\n<p>Open studio op 25 juni van 12uur tot 18uur.<\/p>\n","protected":false},"excerpt":{"rendered":"<p>Het werk van Paloma Bosqu\u00ea, dat werkt tussen S\u00e3o Paulo en Basel, is opgenomen in internationale groepstentoonstellingen en solotentoonstellingen. Door de associatie van onder meer mineralen, plantaardige vezels, lood, pigmenten en was, bevraagt \u200b\u200bde kunstenaar de grenzen tussen het natuurlijke en het kunstmatige. Haar praktijk draait om het idee dat de materi\u00eble wereld een culminatie&nbsp; <a href=\"https:\/\/fondationcab.com\/nl\/paloma-bosque\">&hellip; Read more <i class=\"glyphicon glyphicon-arrow-right\"><\/i><\/a><\/p>\n","protected":false},"author":4,"featured_media":8865,"comment_status":"closed","ping_status":"closed","sticky":false,"template":"","format":"standard","meta":{"_acf_changed":false,"footnotes":""},"categories":[8],"tags":[],"class_list":["post-8888","post","type-post","status-publish","format-standard","has-post-thumbnail","hentry","category-geen-onderdeel-van-een-categorie","cities-brussel"],"acf":[],"yoast_head":"<!-- This site is optimized with the Yoast SEO plugin v27.5 - https:\/\/yoast.com\/product\/yoast-seo-wordpress\/ -->\n<title>Open Studio Paloma Bosqu\u00ea - FONDATION CAB<\/title>\n<meta name=\"description\" content=\"Fondation CAB Brussel is verheugd om onze 19de artist-in-residence, Paloma Bosqu\u00ea (\u00b01982, Gar\u00e7a, Brazili\u00eb) voor te stellen.\" \/>\n<meta name=\"robots\" content=\"index, follow, max-snippet:-1, max-image-preview:large, max-video-preview:-1\" \/>\n<link rel=\"canonical\" href=\"https:\/\/fondationcab.com\/nl\/paloma-bosque\" \/>\n<meta property=\"og:locale\" content=\"nl_NL\" \/>\n<meta property=\"og:type\" content=\"article\" \/>\n<meta property=\"og:title\" content=\"Open Studio Paloma Bosqu\u00ea - FONDATION CAB\" \/>\n<meta property=\"og:description\" content=\"Fondation CAB Brussel is verheugd om onze 19de artist-in-residence, Paloma Bosqu\u00ea (\u00b01982, Gar\u00e7a, Brazili\u00eb) voor te stellen.\" \/>\n<meta property=\"og:url\" content=\"https:\/\/fondationcab.com\/nl\/paloma-bosque\" \/>\n<meta property=\"og:site_name\" content=\"FONDATION CAB\" \/>\n<meta property=\"article:publisher\" content=\"https:\/\/www.facebook.com\/CABContemporaryArt\/\" \/>\n<meta property=\"article:published_time\" content=\"2022-06-01T10:21:41+00:00\" \/>\n<meta property=\"article:modified_time\" content=\"2022-06-02T12:39:14+00:00\" \/>\n<meta property=\"og:image\" content=\"https:\/\/fondationcab.com\/wp-content\/uploads\/2022\/06\/IMG_20220530_110058_698.jpg\" \/>\n\t<meta property=\"og:image:width\" content=\"2048\" \/>\n\t<meta property=\"og:image:height\" content=\"1536\" \/>\n\t<meta property=\"og:image:type\" content=\"image\/jpeg\" \/>\n<meta name=\"author\" content=\"eleonore\" \/>\n<meta name=\"twitter:card\" content=\"summary_large_image\" \/>\n<meta name=\"twitter:label1\" content=\"Geschreven door\" \/>\n\t<meta name=\"twitter:data1\" content=\"eleonore\" \/>\n\t<meta name=\"twitter:label2\" content=\"Geschatte leestijd\" \/>\n\t<meta name=\"twitter:data2\" content=\"1 minuut\" \/>\n<script type=\"application\/ld+json\" class=\"yoast-schema-graph\">{\"@context\":\"https:\\\/\\\/schema.org\",\"@graph\":[{\"@type\":\"Article\",\"@id\":\"https:\\\/\\\/fondationcab.com\\\/nl\\\/paloma-bosque#article\",\"isPartOf\":{\"@id\":\"https:\\\/\\\/fondationcab.com\\\/nl\\\/paloma-bosque\"},\"author\":{\"name\":\"eleonore\",\"@id\":\"https:\\\/\\\/fondationcab.com\\\/nl#\\\/schema\\\/person\\\/97e81405a09028aa359b90ec71ff6bd8\"},\"headline\":\"Open Studio Paloma Bosqu\u00ea\",\"datePublished\":\"2022-06-01T10:21:41+00:00\",\"dateModified\":\"2022-06-02T12:39:14+00:00\",\"mainEntityOfPage\":{\"@id\":\"https:\\\/\\\/fondationcab.com\\\/nl\\\/paloma-bosque\"},\"wordCount\":159,\"publisher\":{\"@id\":\"https:\\\/\\\/fondationcab.com\\\/nl#organization\"},\"image\":{\"@id\":\"https:\\\/\\\/fondationcab.com\\\/nl\\\/paloma-bosque#primaryimage\"},\"thumbnailUrl\":\"https:\\\/\\\/fondationcab.com\\\/wp-content\\\/uploads\\\/2022\\\/06\\\/IMG_20220530_110058_698.jpg\",\"articleSection\":[\"Geen onderdeel van een categorie\"],\"inLanguage\":\"nl-NL\"},{\"@type\":\"WebPage\",\"@id\":\"https:\\\/\\\/fondationcab.com\\\/nl\\\/paloma-bosque\",\"url\":\"https:\\\/\\\/fondationcab.com\\\/nl\\\/paloma-bosque\",\"name\":\"Open Studio Paloma Bosqu\u00ea - FONDATION CAB\",\"isPartOf\":{\"@id\":\"https:\\\/\\\/fondationcab.com\\\/nl#website\"},\"primaryImageOfPage\":{\"@id\":\"https:\\\/\\\/fondationcab.com\\\/nl\\\/paloma-bosque#primaryimage\"},\"image\":{\"@id\":\"https:\\\/\\\/fondationcab.com\\\/nl\\\/paloma-bosque#primaryimage\"},\"thumbnailUrl\":\"https:\\\/\\\/fondationcab.com\\\/wp-content\\\/uploads\\\/2022\\\/06\\\/IMG_20220530_110058_698.jpg\",\"datePublished\":\"2022-06-01T10:21:41+00:00\",\"dateModified\":\"2022-06-02T12:39:14+00:00\",\"description\":\"Fondation CAB Brussel is verheugd om onze 19de artist-in-residence, Paloma Bosqu\u00ea (\u00b01982, Gar\u00e7a, Brazili\u00eb) voor te stellen.\",\"breadcrumb\":{\"@id\":\"https:\\\/\\\/fondationcab.com\\\/nl\\\/paloma-bosque#breadcrumb\"},\"inLanguage\":\"nl-NL\",\"potentialAction\":[{\"@type\":\"ReadAction\",\"target\":[\"https:\\\/\\\/fondationcab.com\\\/nl\\\/paloma-bosque\"]}]},{\"@type\":\"ImageObject\",\"inLanguage\":\"nl-NL\",\"@id\":\"https:\\\/\\\/fondationcab.com\\\/nl\\\/paloma-bosque#primaryimage\",\"url\":\"https:\\\/\\\/fondationcab.com\\\/wp-content\\\/uploads\\\/2022\\\/06\\\/IMG_20220530_110058_698.jpg\",\"contentUrl\":\"https:\\\/\\\/fondationcab.com\\\/wp-content\\\/uploads\\\/2022\\\/06\\\/IMG_20220530_110058_698.jpg\",\"width\":2048,\"height\":1536},{\"@type\":\"BreadcrumbList\",\"@id\":\"https:\\\/\\\/fondationcab.com\\\/nl\\\/paloma-bosque#breadcrumb\",\"itemListElement\":[{\"@type\":\"ListItem\",\"position\":1,\"name\":\"Home\",\"item\":\"https:\\\/\\\/fondationcab.com\\\/nl\"},{\"@type\":\"ListItem\",\"position\":2,\"name\":\"Open Studio Paloma Bosqu\u00ea\"}]},{\"@type\":\"WebSite\",\"@id\":\"https:\\\/\\\/fondationcab.com\\\/nl#website\",\"url\":\"https:\\\/\\\/fondationcab.com\\\/nl\",\"name\":\"FONDATION CAB\",\"description\":\"\",\"publisher\":{\"@id\":\"https:\\\/\\\/fondationcab.com\\\/nl#organization\"},\"potentialAction\":[{\"@type\":\"SearchAction\",\"target\":{\"@type\":\"EntryPoint\",\"urlTemplate\":\"https:\\\/\\\/fondationcab.com\\\/nl?s={search_term_string}\"},\"query-input\":{\"@type\":\"PropertyValueSpecification\",\"valueRequired\":true,\"valueName\":\"search_term_string\"}}],\"inLanguage\":\"nl-NL\"},{\"@type\":\"Organization\",\"@id\":\"https:\\\/\\\/fondationcab.com\\\/nl#organization\",\"name\":\"Fondation CAB\",\"url\":\"https:\\\/\\\/fondationcab.com\\\/nl\",\"logo\":{\"@type\":\"ImageObject\",\"inLanguage\":\"nl-NL\",\"@id\":\"https:\\\/\\\/fondationcab.com\\\/nl#\\\/schema\\\/logo\\\/image\\\/\",\"url\":\"https:\\\/\\\/cab.storycoding.agency\\\/wp-content\\\/uploads\\\/2018\\\/03\\\/fondation_cab_logo.jpg\",\"contentUrl\":\"https:\\\/\\\/cab.storycoding.agency\\\/wp-content\\\/uploads\\\/2018\\\/03\\\/fondation_cab_logo.jpg\",\"width\":250,\"height\":125,\"caption\":\"Fondation CAB\"},\"image\":{\"@id\":\"https:\\\/\\\/fondationcab.com\\\/nl#\\\/schema\\\/logo\\\/image\\\/\"},\"sameAs\":[\"https:\\\/\\\/www.facebook.com\\\/CABContemporaryArt\\\/\",\"https:\\\/\\\/www.instagram.com\\\/fondation_cab\\\/\",\"https:\\\/\\\/www.youtube.com\\\/channel\\\/UC4BG_XNA2Sn1VGimzwU60Aw\"]},{\"@type\":\"Person\",\"@id\":\"https:\\\/\\\/fondationcab.com\\\/nl#\\\/schema\\\/person\\\/97e81405a09028aa359b90ec71ff6bd8\",\"name\":\"eleonore\"}]}<\/script>\n<!-- \/ Yoast SEO plugin. -->","yoast_head_json":{"title":"Open Studio Paloma Bosqu\u00ea - FONDATION CAB","description":"Fondation CAB Brussel is verheugd om onze 19de artist-in-residence, Paloma Bosqu\u00ea (\u00b01982, Gar\u00e7a, Brazili\u00eb) voor te stellen.","robots":{"index":"index","follow":"follow","max-snippet":"max-snippet:-1","max-image-preview":"max-image-preview:large","max-video-preview":"max-video-preview:-1"},"canonical":"https:\/\/fondationcab.com\/nl\/paloma-bosque","og_locale":"nl_NL","og_type":"article","og_title":"Open Studio Paloma Bosqu\u00ea - FONDATION CAB","og_description":"Fondation CAB Brussel is verheugd om onze 19de artist-in-residence, Paloma Bosqu\u00ea (\u00b01982, Gar\u00e7a, Brazili\u00eb) voor te stellen.","og_url":"https:\/\/fondationcab.com\/nl\/paloma-bosque","og_site_name":"FONDATION CAB","article_publisher":"https:\/\/www.facebook.com\/CABContemporaryArt\/","article_published_time":"2022-06-01T10:21:41+00:00","article_modified_time":"2022-06-02T12:39:14+00:00","og_image":[{"width":2048,"height":1536,"url":"https:\/\/fondationcab.com\/wp-content\/uploads\/2022\/06\/IMG_20220530_110058_698.jpg","type":"image\/jpeg"}],"author":"eleonore","twitter_card":"summary_large_image","twitter_misc":{"Geschreven door":"eleonore","Geschatte leestijd":"1 minuut"},"schema":{"@context":"https:\/\/schema.org","@graph":[{"@type":"Article","@id":"https:\/\/fondationcab.com\/nl\/paloma-bosque#article","isPartOf":{"@id":"https:\/\/fondationcab.com\/nl\/paloma-bosque"},"author":{"name":"eleonore","@id":"https:\/\/fondationcab.com\/nl#\/schema\/person\/97e81405a09028aa359b90ec71ff6bd8"},"headline":"Open Studio Paloma Bosqu\u00ea","datePublished":"2022-06-01T10:21:41+00:00","dateModified":"2022-06-02T12:39:14+00:00","mainEntityOfPage":{"@id":"https:\/\/fondationcab.com\/nl\/paloma-bosque"},"wordCount":159,"publisher":{"@id":"https:\/\/fondationcab.com\/nl#organization"},"image":{"@id":"https:\/\/fondationcab.com\/nl\/paloma-bosque#primaryimage"},"thumbnailUrl":"https:\/\/fondationcab.com\/wp-content\/uploads\/2022\/06\/IMG_20220530_110058_698.jpg","articleSection":["Geen onderdeel van een categorie"],"inLanguage":"nl-NL"},{"@type":"WebPage","@id":"https:\/\/fondationcab.com\/nl\/paloma-bosque","url":"https:\/\/fondationcab.com\/nl\/paloma-bosque","name":"Open Studio Paloma Bosqu\u00ea - FONDATION CAB","isPartOf":{"@id":"https:\/\/fondationcab.com\/nl#website"},"primaryImageOfPage":{"@id":"https:\/\/fondationcab.com\/nl\/paloma-bosque#primaryimage"},"image":{"@id":"https:\/\/fondationcab.com\/nl\/paloma-bosque#primaryimage"},"thumbnailUrl":"https:\/\/fondationcab.com\/wp-content\/uploads\/2022\/06\/IMG_20220530_110058_698.jpg","datePublished":"2022-06-01T10:21:41+00:00","dateModified":"2022-06-02T12:39:14+00:00","description":"Fondation CAB Brussel is verheugd om onze 19de artist-in-residence, Paloma Bosqu\u00ea (\u00b01982, Gar\u00e7a, Brazili\u00eb) voor te stellen.","breadcrumb":{"@id":"https:\/\/fondationcab.com\/nl\/paloma-bosque#breadcrumb"},"inLanguage":"nl-NL","potentialAction":[{"@type":"ReadAction","target":["https:\/\/fondationcab.com\/nl\/paloma-bosque"]}]},{"@type":"ImageObject","inLanguage":"nl-NL","@id":"https:\/\/fondationcab.com\/nl\/paloma-bosque#primaryimage","url":"https:\/\/fondationcab.com\/wp-content\/uploads\/2022\/06\/IMG_20220530_110058_698.jpg","contentUrl":"https:\/\/fondationcab.com\/wp-content\/uploads\/2022\/06\/IMG_20220530_110058_698.jpg","width":2048,"height":1536},{"@type":"BreadcrumbList","@id":"https:\/\/fondationcab.com\/nl\/paloma-bosque#breadcrumb","itemListElement":[{"@type":"ListItem","position":1,"name":"Home","item":"https:\/\/fondationcab.com\/nl"},{"@type":"ListItem","position":2,"name":"Open Studio Paloma Bosqu\u00ea"}]},{"@type":"WebSite","@id":"https:\/\/fondationcab.com\/nl#website","url":"https:\/\/fondationcab.com\/nl","name":"FONDATION CAB","description":"","publisher":{"@id":"https:\/\/fondationcab.com\/nl#organization"},"potentialAction":[{"@type":"SearchAction","target":{"@type":"EntryPoint","urlTemplate":"https:\/\/fondationcab.com\/nl?s={search_term_string}"},"query-input":{"@type":"PropertyValueSpecification","valueRequired":true,"valueName":"search_term_string"}}],"inLanguage":"nl-NL"},{"@type":"Organization","@id":"https:\/\/fondationcab.com\/nl#organization","name":"Fondation CAB","url":"https:\/\/fondationcab.com\/nl","logo":{"@type":"ImageObject","inLanguage":"nl-NL","@id":"https:\/\/fondationcab.com\/nl#\/schema\/logo\/image\/","url":"https:\/\/cab.storycoding.agency\/wp-content\/uploads\/2018\/03\/fondation_cab_logo.jpg","contentUrl":"https:\/\/cab.storycoding.agency\/wp-content\/uploads\/2018\/03\/fondation_cab_logo.jpg","width":250,"height":125,"caption":"Fondation CAB"},"image":{"@id":"https:\/\/fondationcab.com\/nl#\/schema\/logo\/image\/"},"sameAs":["https:\/\/www.facebook.com\/CABContemporaryArt\/","https:\/\/www.instagram.com\/fondation_cab\/","https:\/\/www.youtube.com\/channel\/UC4BG_XNA2Sn1VGimzwU60Aw"]},{"@type":"Person","@id":"https:\/\/fondationcab.com\/nl#\/schema\/person\/97e81405a09028aa359b90ec71ff6bd8","name":"eleonore"}]}},"_links":{"self":[{"href":"https:\/\/fondationcab.com\/nl\/wp-json\/wp\/v2\/posts\/8888","targetHints":{"allow":["GET"]}}],"collection":[{"href":"https:\/\/fondationcab.com\/nl\/wp-json\/wp\/v2\/posts"}],"about":[{"href":"https:\/\/fondationcab.com\/nl\/wp-json\/wp\/v2\/types\/post"}],"author":[{"embeddable":true,"href":"https:\/\/fondationcab.com\/nl\/wp-json\/wp\/v2\/users\/4"}],"replies":[{"embeddable":true,"href":"https:\/\/fondationcab.com\/nl\/wp-json\/wp\/v2\/comments?post=8888"}],"version-history":[{"count":3,"href":"https:\/\/fondationcab.com\/nl\/wp-json\/wp\/v2\/posts\/8888\/revisions"}],"predecessor-version":[{"id":8891,"href":"https:\/\/fondationcab.com\/nl\/wp-json\/wp\/v2\/posts\/8888\/revisions\/8891"}],"wp:featuredmedia":[{"embeddable":true,"href":"https:\/\/fondationcab.com\/nl\/wp-json\/wp\/v2\/media\/8865"}],"wp:attachment":[{"href":"https:\/\/fondationcab.com\/nl\/wp-json\/wp\/v2\/media?parent=8888"}],"wp:term":[{"taxonomy":"category","embeddable":true,"href":"https:\/\/fondationcab.com\/nl\/wp-json\/wp\/v2\/categories?post=8888"},{"taxonomy":"post_tag","embeddable":true,"href":"https:\/\/fondationcab.com\/nl\/wp-json\/wp\/v2\/tags?post=8888"}],"curies":[{"name":"wp","href":"https:\/\/api.w.org\/{rel}","templated":true}]}}